{"id":5674,"date":"2018-10-24T09:42:55","date_gmt":"2018-10-24T12:42:55","guid":{"rendered":"http:\/\/www.arte.unicen.edu.ar\/cdab\/?p=5674"},"modified":"2018-10-28T13:02:01","modified_gmt":"2018-10-28T16:02:01","slug":"la-instalacion-audiovisual-obra-intervenida-se-integra-a-la-muestra-nuestra-historia-en-afiches","status":"publish","type":"post","link":"https:\/\/www.arte.unicen.edu.ar\/cdab\/la-instalacion-audiovisual-obra-intervenida-se-integra-a-la-muestra-nuestra-historia-en-afiches\/","title":{"rendered":"La instalaci\u00f3n audiovisual &#8220;Obra intervenida&#8221; se integra a la muestra &#8220;Nuestra historia en afiches&#8221;"},"content":{"rendered":"<p>El pasado 5 de octubre, luego de la inauguraci\u00f3n de la muestra <em><strong>Nuestra historia en afiches<\/strong><\/em> en la que se recuperan piezas gr\u00e1ficas y fotograf\u00edas correspondientes a estrenos teatrales y actividades audiovisuales de la Facultad, se proyectaron algunos de los cortometrajes que conforman la instalaci\u00f3n audiovisual <em><strong>Obra intervenida<\/strong><\/em>.<\/p>\n<p>El <strong>Centro de Documentaci\u00f3n Audiovisual y Biblioteca (CDAB)<\/strong> de la <a href=\"http:\/\/www.arte.unicen.edu.ar\" target=\"_blank\">Facultad de Arte<\/a> posee entre sus colecciones un reservorio de material audiovisual de las producciones teatrales y audiovisuales originadas en el marco de las carreras de <a href=\"http:\/\/www.arte.unicen.edu.ar\/carreras\/grado\/profesorado-de-teatro\/perfil-del-egresado\" target=\"_blank\">Profesorado<\/a> y <a href=\"http:\/\/www.arte.unicen.edu.ar\/carreras\/grado\/licenciado-en-teatro\/perfil-del-egresado\" target=\"_blank\">Licenciado en Teatro<\/a> y <a href=\"http:\/\/www.arte.unicen.edu.ar\/carreras\/grado\/riaa\/perfil-del-egresado\" target=\"_blank\">Realizaci\u00f3n Integral en Artes Audiovisuales<\/a>. Desde las c\u00e1tedras <em>Pensamiento Proyectual<\/em> y <em>Realizaci\u00f3n 4<\/em> y junto al equipo de trabajo del <strong>CDAB<\/strong> se intervinieron algunas de las obras preexistentes para presentarlas como instalaci\u00f3n audiovisual.<\/p>\n<p>Este semillero de producciones se vuelve a mirar y resignificar desde herramientas y visiones contempor\u00e1neas. Las realizadoras y los realizadores trabajaron los materiales pensando los bordes del lenguaje, la expansi\u00f3n y sus posibilidades expresivas invit\u00e1ndonos a nuevos modos de percibir y percibirnos. Ellos se convierten en espectadores y, a su vez, el archivo es la materia prima de una nueva obra.<\/p>\n<p><strong><em>Obra intervenida<\/em><\/strong> se suma a los festejos de 30 a\u00f1os de inspiraci\u00f3n, formaci\u00f3n y creaci\u00f3n mediante la visibilizaci\u00f3n del archivo y su puesta en movimiento y circulaci\u00f3n, comprendiendo que los saberes son tambi\u00e9n producto de la exploraci\u00f3n y de la impronta l\u00fadica de las disciplinas art\u00edsticas, incluyendo ser \u00e9ticos y reflexivos.<\/p>\n<p>Desde el <strong>CDAB<\/strong> hacemos extensiva la invitaci\u00f3n a <em><strong>Obra intervenida<\/strong><\/em> que continuar\u00e1 en exhibici\u00f3n durante todo el mes de octubre en el Hall de la <a href=\"http:\/\/www.arte.unicen.edu.ar\" target=\"_blank\" rel=\"nofollow noopener\">Facultad de Arte<\/a> <strong>(9 de Julio 430, Tandil)<\/strong>. Los espectadores pueden tomar los auriculares y decidir si ver la totalidad de las obras o s\u00f3lo algunos fragmentos. La duraci\u00f3n total de la muestra es de 50 minutos y tambi\u00e9n se puede visionar online mediante el <a href=\"https:\/\/www.youtube.com\/channel\/UCOBrOTwPT5GiKHYXACcgyLQ\" target=\"_blank\" rel=\"nofollow noopener\">canal de YouTube de la Facultad<\/a>.<\/p>\n<div style=\"text-align: center; margin: 0 auto 25px; width: 100%;\"><iframe loading=\"lazy\" width=\"720\" height=\"405\" src=\"https:\/\/www.youtube.com\/embed\/CGNP_9ElQz4?rel=0&amp;showinfo=0\" frameborder=\"0\" allow=\"autoplay; encrypted-media\" allowfullscreen><\/iframe>\n<div style=\"font-style: italic; font-size: 12px;\">Muestra <strong>Obra intervenida<\/strong> a cargo de las c\u00e1tedras <em>Pensamiento Proyectual<\/em> y <em>Realizaci\u00f3n 4<\/em>.<\/div>\n<\/div>\n","protected":false},"excerpt":{"rendered":"<p>El pasado 5 de octubre, luego de la inauguraci\u00f3n de la muestra Nuestra historia en afiches en la que se recuperan piezas gr\u00e1ficas y fotograf\u00edas correspondientes a estrenos teatrales y actividades audiovisuales de la Facultad, se proyectaron algunos de los cortometrajes que conforman la instalaci\u00f3n audiovisual Obra intervenida. El Centro de Documentaci\u00f3n Audiovisual y Biblioteca (CDAB) de la Facultad de [&hellip;]<\/p>\n","protected":false},"author":1,"featured_media":5731,"comment_status":"open","ping_status":"open","sticky":false,"template":"","format":"standard","meta":{"_acf_changed":false,"footnotes":""},"categories":[1],"tags":[214,215,299,288],"class_list":["post-5674","post","type-post","status-publish","format-standard","has-post-thumbnail","hentry","category-novedades","tag-cdab","tag-facultad-de-arte","tag-realizacion-integral-en-artes-audiovisuales","tag-secretaria-de-investigacion-y-posgrado"],"acf":[],"_links":{"self":[{"href":"https:\/\/www.arte.unicen.edu.ar\/cdab\/wp-json\/wp\/v2\/posts\/5674","targetHints":{"allow":["GET"]}}],"collection":[{"href":"https:\/\/www.arte.unicen.edu.ar\/cdab\/wp-json\/wp\/v2\/posts"}],"about":[{"href":"https:\/\/www.arte.unicen.edu.ar\/cdab\/wp-json\/wp\/v2\/types\/post"}],"author":[{"embeddable":true,"href":"https:\/\/www.arte.unicen.edu.ar\/cdab\/wp-json\/wp\/v2\/users\/1"}],"replies":[{"embeddable":true,"href":"https:\/\/www.arte.unicen.edu.ar\/cdab\/wp-json\/wp\/v2\/comments?post=5674"}],"version-history":[{"count":2,"href":"https:\/\/www.arte.unicen.edu.ar\/cdab\/wp-json\/wp\/v2\/posts\/5674\/revisions"}],"predecessor-version":[{"id":5738,"href":"https:\/\/www.arte.unicen.edu.ar\/cdab\/wp-json\/wp\/v2\/posts\/5674\/revisions\/5738"}],"wp:featuredmedia":[{"embeddable":true,"href":"https:\/\/www.arte.unicen.edu.ar\/cdab\/wp-json\/wp\/v2\/media\/5731"}],"wp:attachment":[{"href":"https:\/\/www.arte.unicen.edu.ar\/cdab\/wp-json\/wp\/v2\/media?parent=5674"}],"wp:term":[{"taxonomy":"category","embeddable":true,"href":"https:\/\/www.arte.unicen.edu.ar\/cdab\/wp-json\/wp\/v2\/categories?post=5674"},{"taxonomy":"post_tag","embeddable":true,"href":"https:\/\/www.arte.unicen.edu.ar\/cdab\/wp-json\/wp\/v2\/tags?post=5674"}],"curies":[{"name":"wp","href":"https:\/\/api.w.org\/{rel}","templated":true}]}}