{"id":5594,"date":"2018-10-03T12:59:20","date_gmt":"2018-10-03T15:59:20","guid":{"rendered":"http:\/\/www.arte.unicen.edu.ar\/cdab\/?p=5594"},"modified":"2018-10-09T13:50:55","modified_gmt":"2018-10-09T16:50:55","slug":"cdab-repasa-30-anios-historia-facultad-arte-muestra-nuestra-historia-en-afiches","status":"publish","type":"post","link":"https:\/\/www.arte.unicen.edu.ar\/cdab\/cdab-repasa-30-anios-historia-facultad-arte-muestra-nuestra-historia-en-afiches\/","title":{"rendered":"El CDAB repasa 30 a\u00f1os de historia de la Facultad de Arte mediante la muestra &#8220;Nuestra historia en afiches&#8221;"},"content":{"rendered":"<p>Con motivo de las celebraciones por el trig\u00e9simo aniversario de la creaci\u00f3n de la <a href=\"http:\/\/www.arte.unicen.edu.ar\" target=\"_blank\" rel=\"nofollow noopener\">Facultad de Arte<\/a>, este <strong>viernes 5 de octubre<\/strong> a las <strong>20 hs.<\/strong> se llevar\u00e1 a cabo la inauguraci\u00f3n de la muestra <em><strong>Nuestra historia en afiches<\/strong><\/em> a cargo del <strong>Centro de Documentaci\u00f3n Audiovisual y Biblioteca (CDAB)<\/strong> dependiente de la <em>Secretar\u00eda de Investigaci\u00f3n y Posgrado<\/em>. La exposici\u00f3n, que cuenta con la curadur\u00eda del Sr. Ra\u00fal Echegaray, recupera afiches de estrenos teatrales y actividades audiovisuales como as\u00ed tambi\u00e9n fotograf\u00edas y videos del quehacer teatral y cinematogr\u00e1fico en el marco de la instituci\u00f3n. <\/p>\n<p><strong><em>Nuestra historia en afiches<\/em><\/strong> est\u00e1 compuesta por 34 piezas gr\u00e1ficas que se destacan por su valor art\u00edstico e hist\u00f3rico ya que en algunos casos exceden en antig\u00fcedad a la fecha fundacional de la instituci\u00f3n como Escuela Superior de Teatro en 1988, remont\u00e1ndose a los or\u00edgenes de la actividad teatral emprendida en la Universidad por el Dr. Juan Carlos Catalano a partir del a\u00f1o 1981. Los afiches que forman parte de la exposici\u00f3n son algunos de los <strong>materiales originales<\/strong> que componen el <em>Archivo Gr\u00e1fico<\/em> del <strong>CDAB<\/strong> y se encuentran a resguardo gracias a las pol\u00edticas de preservaci\u00f3n y documentaci\u00f3n promovidas por la Facultad.<\/p>\n<p>La muestra se completa con una intervenci\u00f3n en base a fotograf\u00edas del quehacer art\u00edstico sobre la silueta del isotipo de la <a href=\"http:\/\/www.arte.unicen.edu.ar\" target=\"_blank\" rel=\"noopener\">Facultad de Arte<\/a>; la exhibici\u00f3n de los \u00faltimos libros editados por el sello <a href=\"http:\/\/www.arte.unicen.edu.ar\/artepublicaciones\" target=\"_blank\" rel=\"nofollow noopener\">Arte Publicaciones<\/a> &#8211;<em>Club de Teatro. Un espacio de sociabilidad y formaci\u00f3n teatral en Tandil<\/em>; <em>La forma escolar del arte en la Provincia de Buenos Aires (1940-1960)<\/em>; <em>Im\u00e1genes y p\u00fablicos del cine argentino cl\u00e1sico<\/em>-; la proyecci\u00f3n de producciones audiovisuales realizadas en el marco de las c\u00e1tedras <em>Pensamiento Proyectual<\/em> y <em>Realizaci\u00f3n 4<\/em> (<a href=\"http:\/\/www.arte.unicen.edu.ar\/carreras\/grado\/riaa\/perfil-del-egresado\" target=\"_blank\" rel=\"nofollow noopener\">RIAA<\/a>) en las que se interviene el archivo del <strong>CDAB<\/strong> y un espacio destinado a la presentaci\u00f3n de materiales de estudio correspondientes a distintos momentos de la historia de la Facultad con el prop\u00f3sito de dar cuenta de los contextos y condiciones de existencia en que fueron elaborados.<\/p>\n<p>Desde el <strong>CDAB<\/strong> invitamos a toda la comunidad educativa y p\u00fablico en general a recorrer <em><strong>Nuestra historia en afiches<\/strong><\/em> que permanecer\u00e1 en exposici\u00f3n en el hall de la <strong>Facultad de Arte (9 de Julio 430)<\/strong>, con entrada libre y gratuita, hasta el 01 de noviembre de 2018.<\/p>\n<div style=\"text-align: center; margin: 0 auto 25px; width: 100%;\"><iframe loading=\"lazy\" width=\"720\" height=\"405\" src=\"https:\/\/www.youtube.com\/embed\/nS0OCpzW314?rel=0&amp;showinfo=0\" frameborder=\"0\" allow=\"autoplay; encrypted-media\" allowfullscreen><\/iframe>\n<div style=\"font-style: italic; font-size: 12px;\"><u>Spot promocional:<\/u> Secretar\u00eda de Extensi\u00f3n, Facultad de Arte.<\/div>\n<\/div>\n","protected":false},"excerpt":{"rendered":"<p>Con motivo de las celebraciones por el trig\u00e9simo aniversario de la creaci\u00f3n de la Facultad de Arte, este viernes 5 de octubre a las 20 hs. se llevar\u00e1 a cabo la inauguraci\u00f3n de la muestra Nuestra historia en afiches a cargo del Centro de Documentaci\u00f3n Audiovisual y Biblioteca (CDAB) dependiente de la Secretar\u00eda de Investigaci\u00f3n y Posgrado. La exposici\u00f3n, que [&hellip;]<\/p>\n","protected":false},"author":1,"featured_media":5595,"comment_status":"open","ping_status":"open","sticky":false,"template":"","format":"standard","meta":{"_acf_changed":false,"footnotes":""},"categories":[1],"tags":[214,215,300,299,288],"class_list":["post-5594","post","type-post","status-publish","format-standard","has-post-thumbnail","hentry","category-novedades","tag-cdab","tag-facultad-de-arte","tag-profesorado-y-licenciado-en-teatro","tag-realizacion-integral-en-artes-audiovisuales","tag-secretaria-de-investigacion-y-posgrado"],"acf":[],"_links":{"self":[{"href":"https:\/\/www.arte.unicen.edu.ar\/cdab\/wp-json\/wp\/v2\/posts\/5594","targetHints":{"allow":["GET"]}}],"collection":[{"href":"https:\/\/www.arte.unicen.edu.ar\/cdab\/wp-json\/wp\/v2\/posts"}],"about":[{"href":"https:\/\/www.arte.unicen.edu.ar\/cdab\/wp-json\/wp\/v2\/types\/post"}],"author":[{"embeddable":true,"href":"https:\/\/www.arte.unicen.edu.ar\/cdab\/wp-json\/wp\/v2\/users\/1"}],"replies":[{"embeddable":true,"href":"https:\/\/www.arte.unicen.edu.ar\/cdab\/wp-json\/wp\/v2\/comments?post=5594"}],"version-history":[{"count":3,"href":"https:\/\/www.arte.unicen.edu.ar\/cdab\/wp-json\/wp\/v2\/posts\/5594\/revisions"}],"predecessor-version":[{"id":5621,"href":"https:\/\/www.arte.unicen.edu.ar\/cdab\/wp-json\/wp\/v2\/posts\/5594\/revisions\/5621"}],"wp:featuredmedia":[{"embeddable":true,"href":"https:\/\/www.arte.unicen.edu.ar\/cdab\/wp-json\/wp\/v2\/media\/5595"}],"wp:attachment":[{"href":"https:\/\/www.arte.unicen.edu.ar\/cdab\/wp-json\/wp\/v2\/media?parent=5594"}],"wp:term":[{"taxonomy":"category","embeddable":true,"href":"https:\/\/www.arte.unicen.edu.ar\/cdab\/wp-json\/wp\/v2\/categories?post=5594"},{"taxonomy":"post_tag","embeddable":true,"href":"https:\/\/www.arte.unicen.edu.ar\/cdab\/wp-json\/wp\/v2\/tags?post=5594"}],"curies":[{"name":"wp","href":"https:\/\/api.w.org\/{rel}","templated":true}]}}