{"id":5353,"date":"2018-09-20T10:34:31","date_gmt":"2018-09-20T13:34:31","guid":{"rendered":"http:\/\/www.arte.unicen.edu.ar\/cdab\/?p=5353"},"modified":"2019-02-06T14:10:31","modified_gmt":"2019-02-06T17:10:31","slug":"arte-publicaciones-presento-libro-imagenes-y-publicos-del-cine-argentino-clasico-dra-clara-kriger","status":"publish","type":"post","link":"https:\/\/www.arte.unicen.edu.ar\/cdab\/arte-publicaciones-presento-libro-imagenes-y-publicos-del-cine-argentino-clasico-dra-clara-kriger\/","title":{"rendered":"Arte Publicaciones present\u00f3 un nuevo libro co-editado con el Instituto de Artes del Espect\u00e1culo (FILO, UBA): &#8220;Im\u00e1genes y p\u00fablicos del cine argentino cl\u00e1sico&#8221; compilado por la Dra. Clara Kriger"},"content":{"rendered":"<p>La <a href=\"http:\/\/www.arte.unicen.edu.ar\" target=\"_blank\" rel=\"nofollow noopener\">Facultad de Arte<\/a> de la <a href=\"http:\/\/www.unicen.edu.ar\" target=\"_blank\" rel=\"nofollow noopener\">Universidad Nacional del Centro de la Provincia de Buenos Aires<\/a> y el <a href=\"http:\/\/iae.institutos.filo.uba.ar\" target=\"_blank\" rel=\"nofollow noopener\">Instituto de Artes del Espect\u00e1culo (IAE)<\/a> de la <a href=\"http:\/\/www.filo.uba.ar\" target=\"_blank\" rel=\"nofollow noopener\">Facultad de Filosof\u00eda y Letras (FILO)<\/a> de la <a href=\"http:\/\/www.uba.ar\" target=\"_blank\" rel=\"nofollow noopener\">Universidad de Buenos Aires (UBA)<\/a> presentaron durante los primeros d\u00edas de septiembre el libro <em>Im\u00e1genes y p\u00fablicos del cine argentino cl\u00e1sico<\/em> compilado por la <strong>Dra. Clara Kriger<\/strong>.<\/p>\n<p>Este material, resultado de un esfuerzo conjunto entre ambas instituciones, es un aporte fundamental al conocimiento del cine cl\u00e1sico nacional que recupera las l\u00edneas de investigaci\u00f3n de los proyectos <em>Representaciones de los sectores populares en las im\u00e1genes de la cultura de masas en Argentina (1930-1960)<\/em> y <em>Aproximaciones a una historia de los p\u00fablicos de cine en Buenos Aires (1933-1955)<\/em>, tal como se\u00f1ala el Director del IAE <strong>Dr. Jorge Dubatti<\/strong>.<\/p>\n<p>Para adquirir el libro o recibir m\u00e1s informaci\u00f3n acerca del mismo lo invitamos a referirse a la <em>Secretar\u00eda de Investigaci\u00f3n y Posgrado<\/em> de la <a href=\"http:\/\/www.arte.unicen.edu.ar\" target=\"_blank\" rel=\"nofollow noopener\">Facultad de Arte<\/a> <a href=\"http:\/\/www.unicen.edu.ar\" target=\"_blank\" rel=\"nofollow noopener\">(UNICEN)<\/a>, ubicada en <strong>9 de Julio 430, 1\u00ba piso (Tandil, Buenos Aires)<\/strong>, telef\u00f3nicamente al <strong>(0249) 444 0631 \u2013 Int. 210<\/strong> o por correo electr\u00f3nico a <a href=\"mailto:publicaciones @ arte.unicen.edu.ar\">publicaciones@arte.unicen.edu.ar<\/a>. Asimismo, ya se encuentra a disposici\u00f3n para consulta de alumnos, graduados, investigadores, docentes y p\u00fablico en general en el <strong>Centro de Documentaci\u00f3n Audiovisual y Biblioteca (CDAB)<\/strong>.<\/p>\n<p><a href=\"http:\/\/www.arte.unicen.edu.ar\/cdab\/wp-content\/uploads\/2018\/09\/libro-kriger-artepublicaciones.jpg\" data-fancybox=\"gallery\" data-caption=\"Arte Publicaciones present\u00f3 un nuevo libro co-editado con el Instituto de Artes del Espect\u00e1culo (FILO, UBA): &#8220;Im\u00e1genes y p\u00fablicos del cine argentino cl\u00e1sico&#8221; compilado por la Dra. Clara Kriger\"><img loading=\"lazy\" decoding=\"async\" src=\"http:\/\/www.arte.unicen.edu.ar\/cdab\/wp-content\/uploads\/2018\/09\/libro-kriger-artepublicaciones-586x600.jpg\" alt=\"\" width=\"400\" height=\"409\" class=\"aligncenter size-medium wp-image-5443\" style=\"margin: 15px auto;\" srcset=\"https:\/\/www.arte.unicen.edu.ar\/cdab\/wp-content\/uploads\/2018\/09\/libro-kriger-artepublicaciones-586x600.jpg 586w, https:\/\/www.arte.unicen.edu.ar\/cdab\/wp-content\/uploads\/2018\/09\/libro-kriger-artepublicaciones-768x786.jpg 768w, https:\/\/www.arte.unicen.edu.ar\/cdab\/wp-content\/uploads\/2018\/09\/libro-kriger-artepublicaciones-293x300.jpg 293w, https:\/\/www.arte.unicen.edu.ar\/cdab\/wp-content\/uploads\/2018\/09\/libro-kriger-artepublicaciones.jpg 855w\" sizes=\"auto, (max-width: 400px) 100vw, 400px\" \/><\/a><\/p>\n<h2>Acerca de la Dra. Clara Kriger<\/h2>\n<p><img loading=\"lazy\" decoding=\"async\" class=\"alignleft size-full wp-image-4077\" style=\"border: 0px; border-radius: 200px; margin-bottom: 100px;\" src=\"http:\/\/www.arte.unicen.edu.ar\/cdab\/wp-content\/uploads\/2018\/09\/clara-kriger.jpg\" alt=\"\" width=\"200\" height=\"200\" \/>Doctora en Historia y Teor\u00eda de las Artes, <a href=\"http:\/\/www.filo.uba.ar\" target=\"_blank\" rel=\"nofollow noopener\">Facultad de Filosof\u00eda y Letras<\/a> de la <a href=\"http:\/\/www.uba.ar\" target=\"_blank\" rel=\"nofollow noopener\">Universidad de Buenos Aires<\/a>. (2008). Se desempe\u00f1a como docente en la <a href=\"http:\/\/www.uba.ar\" target=\"_blank\" rel=\"nofollow noopener\">Universidad de Buenos Aires<\/a>, la Universidad Torcuato Di Tella y en IFSA-Butler University en Buenos Aires.<br \/>\nDesarroll\u00f3 labor docente en <a href=\"http:\/\/www.ucine.edu.ar\" target=\"_blank\" rel=\"nofollow noopener\">Universidad del Cine<\/a>, en FLACSO, en la Facultad de Humanidades y Ciencias de la educaci\u00f3n de la Universidad Nacional de La Plata y en la Maestr\u00eda en Estudios de Teatro y Cine Latinoamericanos y Argentinos de la Filosof\u00eda y Letras de la Universidad de Buenos Aires.<br \/>\nEs coordinadora del <em>Programa de Cine y Audiovisuales<\/em> del <a href=\"http:\/\/iae.institutos.filo.uba.ar\" target=\"_blank\" rel=\"nofollow noopener\">Instituto de Artes del Espect\u00e1culo (UBA)<\/a> y fue presidenta de la <a href=\"http:\/\/www.asaeca.org\" target=\"_blank\" rel=\"nofollow noopener\">Asociaci\u00f3n Argentina de Estudios de Cine (AsAECA)<\/a>. Es profesora invitada para dictar conferencias, seminarios y realizar estad\u00edas de investigaci\u00f3n en universidades del exterior (Cambridge University, Universidad Nacional Aut\u00f3noma de M\u00e9xico, Carlos III de Madrid, entre otras).<br \/>\nSu tesis de doctorado fue publicada en <em>Cine y Peronismo: El estado en e<\/em><em>scena<\/em> (2009). Es co-autora de <em>Cines al margen. Nuevos modos de representaci\u00f3n en el cine argentino contempor\u00e1neo<\/em> (2007), <em>Cine documental en Am\u00e9rica Latina<\/em> (2003), <em>24 Frames: The Cinema of Latin Am\u00e9rica<\/em> (2003), <em>Tierra en trance. El cine latinoamericano en 100 pel\u00edculas<\/em> (1999), directora de <em>P\u00e1ginas de Cine<\/em> (2003) y coordinadora de la colecci\u00f3n <em>Cuadernos de Cine Argentino<\/em> del <em>Instituto Nacional de Cinematograf\u00eda y Artes Audiovisuales<\/em> (2005).<\/p>\n","protected":false},"excerpt":{"rendered":"<p>La Facultad de Arte de la Universidad Nacional del Centro de la Provincia de Buenos Aires y el Instituto de Artes del Espect\u00e1culo (IAE) de la Facultad de Filosof\u00eda y Letras (FILO) de la Universidad de Buenos Aires (UBA) presentaron durante los primeros d\u00edas de septiembre el libro Im\u00e1genes y p\u00fablicos del cine argentino cl\u00e1sico compilado por la Dra. Clara [&hellip;]<\/p>\n","protected":false},"author":1,"featured_media":6026,"comment_status":"open","ping_status":"open","sticky":false,"template":"","format":"standard","meta":{"_acf_changed":false,"footnotes":""},"categories":[1],"tags":[292,215,288],"class_list":["post-5353","post","type-post","status-publish","format-standard","has-post-thumbnail","hentry","category-novedades","tag-arte-publicaciones","tag-facultad-de-arte","tag-secretaria-de-investigacion-y-posgrado"],"acf":[],"_links":{"self":[{"href":"https:\/\/www.arte.unicen.edu.ar\/cdab\/wp-json\/wp\/v2\/posts\/5353","targetHints":{"allow":["GET"]}}],"collection":[{"href":"https:\/\/www.arte.unicen.edu.ar\/cdab\/wp-json\/wp\/v2\/posts"}],"about":[{"href":"https:\/\/www.arte.unicen.edu.ar\/cdab\/wp-json\/wp\/v2\/types\/post"}],"author":[{"embeddable":true,"href":"https:\/\/www.arte.unicen.edu.ar\/cdab\/wp-json\/wp\/v2\/users\/1"}],"replies":[{"embeddable":true,"href":"https:\/\/www.arte.unicen.edu.ar\/cdab\/wp-json\/wp\/v2\/comments?post=5353"}],"version-history":[{"count":3,"href":"https:\/\/www.arte.unicen.edu.ar\/cdab\/wp-json\/wp\/v2\/posts\/5353\/revisions"}],"predecessor-version":[{"id":5588,"href":"https:\/\/www.arte.unicen.edu.ar\/cdab\/wp-json\/wp\/v2\/posts\/5353\/revisions\/5588"}],"wp:featuredmedia":[{"embeddable":true,"href":"https:\/\/www.arte.unicen.edu.ar\/cdab\/wp-json\/wp\/v2\/media\/6026"}],"wp:attachment":[{"href":"https:\/\/www.arte.unicen.edu.ar\/cdab\/wp-json\/wp\/v2\/media?parent=5353"}],"wp:term":[{"taxonomy":"category","embeddable":true,"href":"https:\/\/www.arte.unicen.edu.ar\/cdab\/wp-json\/wp\/v2\/categories?post=5353"},{"taxonomy":"post_tag","embeddable":true,"href":"https:\/\/www.arte.unicen.edu.ar\/cdab\/wp-json\/wp\/v2\/tags?post=5353"}],"curies":[{"name":"wp","href":"https:\/\/api.w.org\/{rel}","templated":true}]}}