{"id":5238,"date":"2018-09-03T14:43:07","date_gmt":"2018-09-03T17:43:07","guid":{"rendered":"http:\/\/www.arte.unicen.edu.ar\/cdab\/?p=5238"},"modified":"2018-10-02T09:37:46","modified_gmt":"2018-10-02T12:37:46","slug":"el-cdab-abre-sus-puertas-en-la-sede-de-la-facultad-de-arte","status":"publish","type":"post","link":"https:\/\/www.arte.unicen.edu.ar\/cdab\/el-cdab-abre-sus-puertas-en-la-sede-de-la-facultad-de-arte\/","title":{"rendered":"El CDAB abre sus puertas en la sede de la Facultad de Arte"},"content":{"rendered":"<p>Luego de un proceso de mudanza que se extendi\u00f3 durante tres semanas, el <strong>Centro de Documentaci\u00f3n Audiovisual y Biblioteca (CDAB)<\/strong> se traslad\u00f3 desde la sede de Rectorado de la <a href=\"http:\/\/www.unicen.edu.ar\" target=\"_blank\" rel=\"nofollow noopener\">Universidad Nacional del Centro de la Provincia de Buenos Aires<\/a> a la <a href=\"http:\/\/www.arte.unicen.edu.ar\" target=\"_blank\" rel=\"nofollow noopener\">Facultad de Arte<\/a>. Esta tarea, coordinada desde la <em>Secretar\u00eda de Investigaci\u00f3n y Posgrado<\/em>, implic\u00f3 la articulaci\u00f3n y ejecuci\u00f3n de diversas actividades tales como el embalaje de los materiales f\u00edsicos (libros, revistas acad\u00e9micas, DVD\u2019s, equipamiento t\u00e9cnico-audiovisual), la identificaci\u00f3n y codificaci\u00f3n de cada recurso, la planificaci\u00f3n del sistema de traslado y posterior reubicaci\u00f3n espacial del fondo bibliogr\u00e1fico, entre otros aspectos.<\/p>\n<p>En consecuencia, desde este <strong>lunes 3 de septiembre<\/strong>, el <strong>CDAB<\/strong> inaugura\u00a0<strong>su nuevo espacio ubicado en la planta baja de la Facultad de Arte (9 de Julio 430, Tandil)<\/strong> que, entre otras ventajas, permitir\u00e1 una mejora en la calidad de atenci\u00f3n al p\u00fablico, el acceso directo al material bibliogr\u00e1fico y las publicaciones peri\u00f3dicas -optimizado mediante el uso de estanter\u00edas altas que aumentan considerablemente la capacidad de almacenamiento sin interferir en el control visual-, un mayor aprovechamiento de la luz natural en la sala de lectura e investigaci\u00f3n y la posibilidad de adicionar nuevo material al cat\u00e1logo especializado sin alterar el orden tem\u00e1tico asignado.<\/p>\n<table style=\"margin: 10px auto 25px; text-align: center; border-collapse: collapse; border-spacing: 0;\">\n<tbody>\n<tr>\n<td style=\"padding: 0px 20px 0px 20px;\"><a href=\"http:\/\/www.arte.unicen.edu.ar\/cdab\/wp-content\/uploads\/2018\/09\/nuevocdab-foto2.png\" data-fancybox=\"gallery\" data-caption=\"El CDAB abre sus puertas en la sede de la Facultad de Arte\"><img loading=\"lazy\" decoding=\"async\" src=\"http:\/\/www.arte.unicen.edu.ar\/cdab\/wp-content\/uploads\/2018\/09\/nuevocdab-foto2-600x353.png\" alt=\"\" width=\"400\" height=\"235\" class=\"aligncenter size-medium wp-image-5251\" srcset=\"https:\/\/www.arte.unicen.edu.ar\/cdab\/wp-content\/uploads\/2018\/09\/nuevocdab-foto2-600x353.png 600w, https:\/\/www.arte.unicen.edu.ar\/cdab\/wp-content\/uploads\/2018\/09\/nuevocdab-foto2-768x452.png 768w, https:\/\/www.arte.unicen.edu.ar\/cdab\/wp-content\/uploads\/2018\/09\/nuevocdab-foto2-1024x603.png 1024w, https:\/\/www.arte.unicen.edu.ar\/cdab\/wp-content\/uploads\/2018\/09\/nuevocdab-foto2-300x177.png 300w, https:\/\/www.arte.unicen.edu.ar\/cdab\/wp-content\/uploads\/2018\/09\/nuevocdab-foto2.png 1452w\" sizes=\"auto, (max-width: 400px) 100vw, 400px\" \/><\/a><\/td>\n<td style=\"padding: 0px 20px 0px 20px;\"><a href=\"http:\/\/www.arte.unicen.edu.ar\/cdab\/wp-content\/uploads\/2018\/09\/nuevocdab-foto1.png\" data-fancybox=\"gallery\" data-caption=\"El CDAB abre sus puertas en la sede de la Facultad de Arte\"><img loading=\"lazy\" decoding=\"async\" src=\"http:\/\/www.arte.unicen.edu.ar\/cdab\/wp-content\/uploads\/2018\/09\/nuevocdab-foto1-600x353.png\" alt=\"\" width=\"400\" height=\"235\" class=\"aligncenter size-medium wp-image-5250\" srcset=\"https:\/\/www.arte.unicen.edu.ar\/cdab\/wp-content\/uploads\/2018\/09\/nuevocdab-foto1-600x353.png 600w, https:\/\/www.arte.unicen.edu.ar\/cdab\/wp-content\/uploads\/2018\/09\/nuevocdab-foto1-768x452.png 768w, https:\/\/www.arte.unicen.edu.ar\/cdab\/wp-content\/uploads\/2018\/09\/nuevocdab-foto1-1024x603.png 1024w, https:\/\/www.arte.unicen.edu.ar\/cdab\/wp-content\/uploads\/2018\/09\/nuevocdab-foto1-300x177.png 300w, https:\/\/www.arte.unicen.edu.ar\/cdab\/wp-content\/uploads\/2018\/09\/nuevocdab-foto1.png 1452w\" sizes=\"auto, (max-width: 400px) 100vw, 400px\" \/><\/a><\/td>\n<\/tr>\n<\/tbody>\n<\/table>\n<p>Asimismo se inici\u00f3 un expurgo de la colecci\u00f3n, que consiste en la revisi\u00f3n de los materiales y su estado de conservaci\u00f3n, con la finalidad de ajustarla a las necesidades reales de los usuarios y garantizar una mayor operatividad y\/o eficacia en su gesti\u00f3n. El nuevo espacio permitir\u00e1 que los alumnos, graduados, docentes e investigadores de la Facultad, la Universidad y otras instituciones educativas a nivel local y nacional consulten y accedan a:<\/p>\n<ul>\n<li><strong>material bibliogr\u00e1fico<\/strong> de teatro, cine y arte en general;<\/li>\n<li><strong>producciones audiovisuales<\/strong> nacionales e internacionales, trabajos de alumnos de la carrera de Realizaci\u00f3n Integral en Artes Audiovisuales, registros de puestas en escena de obras teatrales producidas en el marco de la carrera de Teatro y for\u00e1neas, filmaciones de reuniones cient\u00edficas, congresos, conferencias, entrevistas art\u00edsticas y producciones teatrales for\u00e1neas;<\/li>\n<li><strong>fotograf\u00edas<\/strong> de inter\u00e9s institucional;<\/li>\n<li><strong>registros sonoros<\/strong>;<\/li>\n<li><strong>afiches<\/strong>, programas y volantes de eventos y encuentros promovidos por la Facultad;<\/li>\n<li><strong>archivo de prensa<\/strong> conformado por entrevistas, gacetillas y cr\u00edticas period\u00edsticas de obras teatrales;<\/li>\n<li><strong>documentos de investigaci\u00f3n<\/strong>, publicaciones de grupos\/departamentos de investigaci\u00f3n, tesinas y tesis de grado y posgrado;<\/li>\n<li><strong>publicaciones peri\u00f3dicas<\/strong> y revistas especializadas.<\/li>\n<\/ul>\n<p>Por otra parte, desde el <strong>CDAB<\/strong> continuamos trabajando en el proceso de digitalizaci\u00f3n y backup de todo el material gr\u00e1fico y audiovisual que se encuentra a disposici\u00f3n en nuestro cat\u00e1logo con la finalidad de garantizar su preservaci\u00f3n y accesibilidad mediante el <a href=\"http:\/\/www.arte.unicen.edu.ar\/cdab\/servicios\/repositorio\/\">repositorio multimedia online<\/a>.<\/p>\n<p>Invitamos a toda la comunidad educativa de la <a href=\"http:\/\/www.arte.unicen.edu.ar\" target=\"_blank\" rel=\"nofollow noopener\">Facultad<\/a> y la <a href=\"http:\/\/www.unicen.edu.ar\" target=\"_blank\" rel=\"nofollow noopener\">UNICEN<\/a> a visitarnos en <strong>9 de Julio 430<\/strong> en el <strong>nuevo horario de atenci\u00f3n al p\u00fablico<\/strong> de <strong>lunes a viernes<\/strong> de <strong>9 a 15 hs.<\/strong><\/p>\n<table style=\"margin: 10px auto 25px; text-align: center; border-collapse: collapse; border-spacing: 0;\">\n<tbody>\n<tr>\n<td style=\"padding: 0px 20px 0px 20px;\"><a href=\"http:\/\/www.arte.unicen.edu.ar\/cdab\/wp-content\/uploads\/2018\/09\/nuevocdab-foto5.png\" data-fancybox=\"gallery\" data-caption=\"El CDAB abre sus puertas en la sede de la Facultad de Arte\"><img loading=\"lazy\" decoding=\"async\" src=\"http:\/\/www.arte.unicen.edu.ar\/cdab\/wp-content\/uploads\/2018\/09\/nuevocdab-foto5-600x353.png\" alt=\"\" width=\"400\" height=\"235\" class=\"aligncenter size-medium wp-image-5252\" \/><\/a><\/td>\n<td style=\"padding: 0px 20px 0px 20px;\"><a href=\"http:\/\/www.arte.unicen.edu.ar\/cdab\/wp-content\/uploads\/2018\/09\/nuevocdab-foto4.png\" data-fancybox=\"gallery\" data-caption=\"El CDAB abre sus puertas en la sede de la Facultad de Arte\"><img loading=\"lazy\" decoding=\"async\" src=\"http:\/\/www.arte.unicen.edu.ar\/cdab\/wp-content\/uploads\/2018\/09\/nuevocdab-foto4-600x353.png\" alt=\"\" width=\"400\" height=\"235\" class=\"aligncenter size-medium wp-image-5253\" \/><\/a><\/td>\n<\/tr>\n<\/tbody>\n<\/table>\n","protected":false},"excerpt":{"rendered":"<p>Luego de un proceso de mudanza que se extendi\u00f3 durante tres semanas, el Centro de Documentaci\u00f3n Audiovisual y Biblioteca (CDAB) se traslad\u00f3 desde la sede de Rectorado de la Universidad Nacional del Centro de la Provincia de Buenos Aires a la Facultad de Arte. Esta tarea, coordinada desde la Secretar\u00eda de Investigaci\u00f3n y Posgrado, implic\u00f3 la articulaci\u00f3n y ejecuci\u00f3n de [&hellip;]<\/p>\n","protected":false},"author":1,"featured_media":5261,"comment_status":"open","ping_status":"open","sticky":false,"template":"","format":"standard","meta":{"_acf_changed":false,"footnotes":""},"categories":[1],"tags":[214,215],"class_list":["post-5238","post","type-post","status-publish","format-standard","has-post-thumbnail","hentry","category-novedades","tag-cdab","tag-facultad-de-arte"],"acf":[],"_links":{"self":[{"href":"https:\/\/www.arte.unicen.edu.ar\/cdab\/wp-json\/wp\/v2\/posts\/5238","targetHints":{"allow":["GET"]}}],"collection":[{"href":"https:\/\/www.arte.unicen.edu.ar\/cdab\/wp-json\/wp\/v2\/posts"}],"about":[{"href":"https:\/\/www.arte.unicen.edu.ar\/cdab\/wp-json\/wp\/v2\/types\/post"}],"author":[{"embeddable":true,"href":"https:\/\/www.arte.unicen.edu.ar\/cdab\/wp-json\/wp\/v2\/users\/1"}],"replies":[{"embeddable":true,"href":"https:\/\/www.arte.unicen.edu.ar\/cdab\/wp-json\/wp\/v2\/comments?post=5238"}],"version-history":[{"count":3,"href":"https:\/\/www.arte.unicen.edu.ar\/cdab\/wp-json\/wp\/v2\/posts\/5238\/revisions"}],"predecessor-version":[{"id":5260,"href":"https:\/\/www.arte.unicen.edu.ar\/cdab\/wp-json\/wp\/v2\/posts\/5238\/revisions\/5260"}],"wp:featuredmedia":[{"embeddable":true,"href":"https:\/\/www.arte.unicen.edu.ar\/cdab\/wp-json\/wp\/v2\/media\/5261"}],"wp:attachment":[{"href":"https:\/\/www.arte.unicen.edu.ar\/cdab\/wp-json\/wp\/v2\/media?parent=5238"}],"wp:term":[{"taxonomy":"category","embeddable":true,"href":"https:\/\/www.arte.unicen.edu.ar\/cdab\/wp-json\/wp\/v2\/categories?post=5238"},{"taxonomy":"post_tag","embeddable":true,"href":"https:\/\/www.arte.unicen.edu.ar\/cdab\/wp-json\/wp\/v2\/tags?post=5238"}],"curies":[{"name":"wp","href":"https:\/\/api.w.org\/{rel}","templated":true}]}}