{"id":5147,"date":"2018-08-31T10:06:22","date_gmt":"2018-08-31T13:06:22","guid":{"rendered":"http:\/\/www.arte.unicen.edu.ar\/cdab\/?p=5147"},"modified":"2021-04-14T09:55:49","modified_gmt":"2021-04-14T12:55:49","slug":"el-instituto-de-estudios-historico-sociales-fch-unicen-cedio-un-importante-numero-de-producciones-audiovisuales-en-formato-vhs-al-cdab","status":"publish","type":"post","link":"https:\/\/www.arte.unicen.edu.ar\/cdab\/el-instituto-de-estudios-historico-sociales-fch-unicen-cedio-un-importante-numero-de-producciones-audiovisuales-en-formato-vhs-al-cdab\/","title":{"rendered":"El Instituto de Estudios Hist\u00f3rico-Sociales (FCH, UNICEN) cedi\u00f3 un importante n\u00famero de producciones audiovisuales en formato VHS al CDAB"},"content":{"rendered":"<p>El pasado martes 21 de agosto, el <a href=\"http:\/\/www.unicen.edu.ar\/iehs\" target=\"_blank\" rel=\"nofollow noopener noreferrer\">Instituto de Estudios Hist\u00f3rico-Sociales &#8220;Prof. Juan Carlos Grosso&#8221; (IEHS)<\/a> nos entreg\u00f3 en calidad de donaci\u00f3n un importante n\u00famero de producciones audiovisuales en formato VHS que enriquecer\u00e1n nuestro acervo documental. En los pr\u00f3ximos d\u00edas se pondr\u00e1n en marcha los mecanismos necesarios para digitalizar este material y de esta manera asegurar su preservaci\u00f3n. Luego de ello, se integrar\u00e1 paulatinamente al cat\u00e1logo audiovisual para consulta de alumnos, graduados, docentes e investigadores.<\/p>\n<p><a href=\"http:\/\/www.arte.unicen.edu.ar\/cdab\/wp-content\/uploads\/2018\/08\/donacion-vhsiehs.jpg\" data-fancybox=\"gallery\" data-caption=\"El Instituto de Estudios Hist\u00f3rico-Sociales (FCH, UNICEN) cedi\u00f3 un importante n\u00famero de producciones audiovisuales en formato VHS al CDAB\"><img loading=\"lazy\" decoding=\"async\" class=\"size-medium wp-image-5167\" src=\"http:\/\/www.arte.unicen.edu.ar\/cdab\/wp-content\/uploads\/2018\/08\/donacion-vhsiehs-600x405.jpg\" alt=\"\" width=\"600\" height=\"405\" srcset=\"https:\/\/www.arte.unicen.edu.ar\/cdab\/wp-content\/uploads\/2018\/08\/donacion-vhsiehs-600x405.jpg 600w, https:\/\/www.arte.unicen.edu.ar\/cdab\/wp-content\/uploads\/2018\/08\/donacion-vhsiehs-768x519.jpg 768w, https:\/\/www.arte.unicen.edu.ar\/cdab\/wp-content\/uploads\/2018\/08\/donacion-vhsiehs-1024x692.jpg 1024w, https:\/\/www.arte.unicen.edu.ar\/cdab\/wp-content\/uploads\/2018\/08\/donacion-vhsiehs-300x203.jpg 300w, https:\/\/www.arte.unicen.edu.ar\/cdab\/wp-content\/uploads\/2018\/08\/donacion-vhsiehs.jpg 1266w\" sizes=\"auto, (max-width: 600px) 100vw, 600px\" \/><\/a><\/p>\n<p>Entre los films donados se encuentran:<\/p>\n<h3>El triunfo de la voluntad (1935) de Leni Riefenstahl<\/h3>\n<p>Alemania, a\u00f1o 1934. Adolf Hitler acababa de llegar al poder un a\u00f1o antes. En Nuremberg, el partido nacionalsocialista celebra un triunfalista y patri\u00f3tico congreso en el que se exaltan los valores del pueblo alem\u00e1n y la raza aria. Ello provoc\u00f3 que Leni Riefenstahl, su directora, fuera criticada e ignorada de por vida.<\/p>\n<p>Este documental estrenado en 1935, es una de las pel\u00edculas de propaganda m\u00e1s famosas de la historia del cine. Fue Hitler quien encarg\u00f3 el filme y su nombre figura en los cr\u00e9ditos iniciales. El tema principal de <em><strong>El triunfo de la voluntad<\/strong><\/em> es el regreso de Alemania a la categor\u00eda de potencia mundial, con Hitler como una especie de mes\u00edas que devolver\u00e1 la gloria a la naci\u00f3n. Las t\u00e9cnicas utilizadas por Riefenstahl, que incluyeron c\u00e1maras en movimiento, el uso de teleobjetivos para crear una perspectiva distorsionada, fotograf\u00eda a\u00e9rea y un revolucionario enfoque en el uso de la m\u00fasica y la cinematograf\u00eda, han hecho que <strong><em>El triunfo de la voluntad<\/em><\/strong> sea considerado como el documental pol\u00edtico art\u00edstico mejor consumado en la historia del cine. La directora gan\u00f3 varios premios con este film, no s\u00f3lo en Alemania, sino tambi\u00e9n en Estados Unidos, Francia, Suecia y otros pa\u00edses.<\/p>\n<div align=\"center\"><iframe loading=\"lazy\" src=\"https:\/\/www.youtube.com\/embed\/_6uVrO5d6KU?rel=0&amp;showinfo=0\" allowfullscreen=\"allowfullscreen\" width=\"620\" height=\"349\" frameborder=\"0\"><\/iframe><\/div>\n<hr \/>\n<h3>The war years de Frank Capra<\/h3>\n<p>Una colecci\u00f3n documental de 8 VHS del director estadounidense de origen italiano Frank Capra compuesta por los t\u00edtulos: <em>Alemania en pie de guerra<\/em>, <em>Conoce al ej\u00e9rcito japon\u00e9s<\/em>, <em>Conoce a tu aliado Gran Breta\u00f1a<\/em>, <em>La batalla de T\u00fanez &#8211; Parte 1<\/em>, <em>La batalla de T\u00fanez &#8211; Parte 2<\/em>, <em>El soldado negro<\/em>, <em>La batalla de Nueva Breta\u00f1a<\/em> y <em>El momento de la victoria<\/em>.<\/p>\n<p>Capra es considerado uno de los grandes directores de la \u00e9poca dorada de Hollywood y uno de los padres de la comedia americana.<\/p>\n<hr \/>\n<h3>La Strada (1954) de Federico Fellini<\/h3>\n<p><em><strong>La Strada<\/strong><\/em> es la primera pel\u00edcula neorrealista de Federico Fellini. Cuando Zampan\u00f3 (Anthony Quinn), un artista ambulante, enviuda, compra a Gelsomina (Giulietta Masina), la hermana de su mujer, sin que la madre de la chica oponga la menor resistencia. Pese al car\u00e1cter violento y agresivo de Zampan\u00f3, la muchacha se siente atra\u00edda por el estilo de vida n\u00f3mada, siempre en la calle (la &#8220;strada&#8221;, en italiano), sobre todo cuando su due\u00f1o la incluye en el espect\u00e1culo. Aunque varios de los pintorescos personajes que va conociendo en su deambular le proponen que se una a ellos, Gelsomina se mantendr\u00e1 fiel a Zampan\u00f3 hasta las \u00faltimas consecuencias.<\/p>\n<p>El film fue ganador del primer Oscar a mejor pel\u00edcula de habla no inglesa, el Premios del C\u00edrculo de Cr\u00edticos de Cine de Nueva York dentro de la misma terna y dos Medallas del C\u00edrculo de Escritores Cinematogr\u00e1ficos a mejor pel\u00edcula extranjera y mejor actriz extranjera (Giulietta Masina).<\/p>\n<div align=\"center\"><iframe loading=\"lazy\" src=\"https:\/\/www.youtube.com\/embed\/CucHyXsxCU8?rel=0&amp;showinfo=0\" allowfullscreen=\"allowfullscreen\" width=\"620\" height=\"349\" frameborder=\"0\"><\/iframe><\/div>\n<hr \/>\n<h3>La guerra de Malvinas. 20 a\u00f1os 1982-2002 (2002) de Roman Lejtman<\/h3>\n<p>Documental realizado por Roman Lejtman con material in\u00e9dito del Museo del Cine, del archivo Lejtman y de colecciones p\u00fablicas y privadas de Estados Unidos, Francia e Inglaterra. Editado por el diario P\u00e1gina\/12. Las im\u00e1genes conmocionan la memoria, traen recuerdos y confirman el juicio hist\u00f3rico.<\/p>\n<p>No se trata, simplemente, de una lectura pol\u00edtica de la historia sino que adem\u00e1s la historia se puede ver y rebobinar: la gente gritando, protestando el 30 de marzo de 1982, y despu\u00e9s, arrastrada por el inconsciente colectivo y la acci\u00f3n psicol\u00f3gica, cantando el Himno Nacional y gritando &#8220;\u00a1Viva la Patria!&#8221;. La historia tiene su contexto, y entonces, los hechos terminan alineados en una cr\u00f3nica del horror, que jam\u00e1s se podr\u00e1 olvidar ni perdonar. En 1981, antes de la aventura militar en el Atl\u00e1ntico Sur, Galtieri llega a la Casa Rosada sucediendo a Roberto Viola, que meses atr\u00e1s hab\u00eda reemplazado a Jorge Rafael Videla, que march\u00f3 a los cuarteles de invierno porque su ministro Jos\u00e9 Alfredo Mart\u00ednez de Hoz aplic\u00f3 una receta que hizo a\u00f1icos a la econom\u00eda nacional. El documental, muestra esta compleja sucesi\u00f3n de intrigas pol\u00edticas, de rostros crispados, envueltos en un profundo mesianismo que marc\u00f3 el paso del desfile militar: Videla con su discurso reivindicador del Operativo Independencia, Viola asegurando que Galtieri no est\u00e1 conspirando contra \u00e9l y, finalmente, el general beodo afirmando que si los ingleses &#8220;quieren venir, que vengan. Les presentaremos batalla&#8221;.<\/p>\n<hr \/>\n<h3>La guerra del F\u00fchrer \u2013 Colecci\u00f3n de Editorial Rombo<\/h3>\n<p>Una colecci\u00f3n de noticiarios documentales alemanes (<em>Die Deutsche Wochenschau<\/em>) desde 1941 hasta 1945, compuesta por 40 VHS.<\/p>\n<hr \/>\n<h2>Acerca del IEHS<\/h2>\n<p><img loading=\"lazy\" decoding=\"async\" class=\"alignleft size-full wp-image-4077\" style=\"border: 0px; border-radius: 200px; margin-bottom: 55px;\" src=\"http:\/\/www.arte.unicen.edu.ar\/cdab\/wp-content\/uploads\/2018\/08\/iehs-logo.png\" alt=\"\" width=\"200\" height=\"200\"\/>El <a href=\"http:\/\/www.unicen.edu.ar\/iehs\" target=\"_blank\" rel=\"nofollow noopener noreferrer\">Instituto de Estudios Hist\u00f3rico-Sociales &#8220;Prof. Juan Carlos Grosso&#8221; (IEHS)<\/a> se cre\u00f3 en 1986 en el marco del clima institucional y acad\u00e9mico que propuso a la Universidad como el centro privilegiado de producci\u00f3n del conocimiento cient\u00edfico de excelencia. Desde entonces el <strong>IEHS<\/strong> estimula la labor de investigaci\u00f3n de gran parte de los docentes del Departamento de Historia y de otros espacios acad\u00e9micos de la <a href=\"http:\/\/fch.unicen.edu.ar\" target=\"_blank\" rel=\"nofollow noopener noreferrer\">Facultad de Ciencias Humanas<\/a> de la <a href=\"http:\/\/www.unicen.edu.ar\" target=\"_blank\" rel=\"nofollow noopener noreferrer\">Universidad Nacional del Centro de la Provincia de Buenos Aires<\/a>.<\/p>\n<p>Diferentes tem\u00e1ticas de estudio, en particular la historia y la sociedad argentina y americana, son abordadas desde entonces por los investigadores que se agrupan en diferentes programas. Como instancia de intercambio, que favorece el desarrollo en esta tarea, el <strong>IEHS<\/strong> organiza diversas actividades acad\u00e9micas como reuniones cient\u00edficas, conferencias, publicaciones, de las que participan investigadores nacionales e internacionales. Desde 2012, el <strong>IEHS<\/strong> integra el <strong>IGEHCS<\/strong>, unidad ejecutora conjunta del <strong>CONICET<\/strong> y la <strong>UNCPBA<\/strong>.<\/p>\n","protected":false},"excerpt":{"rendered":"<p>El pasado martes 21 de agosto, el Instituto de Estudios Hist\u00f3rico-Sociales &#8220;Prof. Juan Carlos Grosso&#8221; (IEHS) nos entreg\u00f3 en calidad de donaci\u00f3n un importante n\u00famero de producciones audiovisuales en formato VHS que enriquecer\u00e1n nuestro acervo documental. En los pr\u00f3ximos d\u00edas se pondr\u00e1n en marcha los mecanismos necesarios para digitalizar este material y de esta manera asegurar su preservaci\u00f3n. Luego de [&hellip;]<\/p>\n","protected":false},"author":1,"featured_media":5223,"comment_status":"open","ping_status":"open","sticky":false,"template":"","format":"standard","meta":{"_acf_changed":false,"footnotes":""},"categories":[1],"tags":[214,290,215,304,308],"class_list":["post-5147","post","type-post","status-publish","format-standard","has-post-thumbnail","hentry","category-novedades","tag-cdab","tag-donacion","tag-facultad-de-arte","tag-facultad-de-ciencias-humanas","tag-iehs"],"acf":[],"_links":{"self":[{"href":"https:\/\/www.arte.unicen.edu.ar\/cdab\/wp-json\/wp\/v2\/posts\/5147","targetHints":{"allow":["GET"]}}],"collection":[{"href":"https:\/\/www.arte.unicen.edu.ar\/cdab\/wp-json\/wp\/v2\/posts"}],"about":[{"href":"https:\/\/www.arte.unicen.edu.ar\/cdab\/wp-json\/wp\/v2\/types\/post"}],"author":[{"embeddable":true,"href":"https:\/\/www.arte.unicen.edu.ar\/cdab\/wp-json\/wp\/v2\/users\/1"}],"replies":[{"embeddable":true,"href":"https:\/\/www.arte.unicen.edu.ar\/cdab\/wp-json\/wp\/v2\/comments?post=5147"}],"version-history":[{"count":2,"href":"https:\/\/www.arte.unicen.edu.ar\/cdab\/wp-json\/wp\/v2\/posts\/5147\/revisions"}],"predecessor-version":[{"id":18899,"href":"https:\/\/www.arte.unicen.edu.ar\/cdab\/wp-json\/wp\/v2\/posts\/5147\/revisions\/18899"}],"wp:featuredmedia":[{"embeddable":true,"href":"https:\/\/www.arte.unicen.edu.ar\/cdab\/wp-json\/wp\/v2\/media\/5223"}],"wp:attachment":[{"href":"https:\/\/www.arte.unicen.edu.ar\/cdab\/wp-json\/wp\/v2\/media?parent=5147"}],"wp:term":[{"taxonomy":"category","embeddable":true,"href":"https:\/\/www.arte.unicen.edu.ar\/cdab\/wp-json\/wp\/v2\/categories?post=5147"},{"taxonomy":"post_tag","embeddable":true,"href":"https:\/\/www.arte.unicen.edu.ar\/cdab\/wp-json\/wp\/v2\/tags?post=5147"}],"curies":[{"name":"wp","href":"https:\/\/api.w.org\/{rel}","templated":true}]}}