{"id":5030,"date":"2018-08-21T10:32:28","date_gmt":"2018-08-21T13:32:28","guid":{"rendered":"http:\/\/www.arte.unicen.edu.ar\/cdab\/?p=5030"},"modified":"2021-04-14T09:52:56","modified_gmt":"2021-04-14T12:52:56","slug":"conferencia-magistral-del-dr-nestor-garcia-canclini-en-la-facultad-de-arte-existe-hoy-un-arte-latinoamericano-debate-en-la-critica-las-instituciones-y-el-mercado","status":"publish","type":"post","link":"https:\/\/www.arte.unicen.edu.ar\/cdab\/conferencia-magistral-del-dr-nestor-garcia-canclini-en-la-facultad-de-arte-existe-hoy-un-arte-latinoamericano-debate-en-la-critica-las-instituciones-y-el-mercado\/","title":{"rendered":"Conferencia magistral del Dr. N\u00e9stor Garc\u00eda Canclini en la Facultad de Arte: &#8220;\u00bfExiste hoy un arte latinoamericano? Debate en la cr\u00edtica, las instituciones y el mercado&#8221;"},"content":{"rendered":"<p>En el marco de la <a href=\"http:\/\/www.arte.unicen.edu.ar\/carreras\/posgrado\/maestria-en-arte-y-sociedad\" target=\"_blank\" rel=\"nofollow noopener noreferrer\">Maestr\u00eda en Arte y Sociedad en Latinoam\u00e9rica<\/a>, el <strong>martes 21 de agosto<\/strong> a las <strong>17 hs.<\/strong> en la <strong>sala&nbsp;Auditorium<\/strong> del <strong>Centro Cultural Universitario (Yrigoyen 662)<\/strong>, el antrop\u00f3logo cultural <strong>Dr.&nbsp;N\u00e9stor Garc\u00eda Canclini<\/strong>&nbsp;fue distinguido con el Doctorado Honoris Causa de la <a href=\"http:\/\/www.unicen.edu.ar\" target=\"_blank\" rel=\"nofollow noopener noreferrer\">Universidad Nacional de Centro de la Provincia de Buenos Aires<\/a> en reconocimiento a su trayectoria en el \u00e1mbito acad\u00e9mico y brind\u00f3 una conferencia magistral titulada <em>\u00bfExiste hoy un arte latinoamericano? Debate en la cr\u00edtica, las instituciones y el mercado<\/em>.<\/p>\n<p>El evento fue transmitido en vivo v\u00eda <em>streaming<\/em>&nbsp;por <a href=\"https:\/\/www.abratv.com.ar\" target=\"_blank\" rel=\"nofollow noopener noreferrer\">ABRATV<\/a>, la plataforma de contenidos audiovisuales del \u00c1rea de Medios de la <a href=\"http:\/\/www.unicen.edu.ar\" target=\"_blank\" rel=\"nofollow noopener noreferrer\">UNICEN<\/a>. Compartimos el registro audiovisual del encuentro e informamos que pr\u00f3ximamente tambi\u00e9n estar\u00e1 a disposici\u00f3n en el <a href=\"http:\/\/www.arte.unicen.edu.ar\/cdab\/servicios\/repositorio\">repositorio multimedia del CDAB<\/a>.<\/p>\n<div style=\"margin: 20px auto;\" align=\"center\">\n<iframe loading=\"lazy\" src=\"https:\/\/www.youtube.com\/embed\/E3BqU69RrZQ?rel=0&amp;showinfo=0\" allow=\"accelerometer; autoplay; clipboard-write; encrypted-media; gyroscope; picture-in-picture\" allowfullscreen=\"\" width=\"650\" height=\"366\" frameborder=\"0\"><\/iframe><\/div>\n<p>Para m\u00e1s informaci\u00f3n acerca de la conferencia magistral y las actividades previstas durante la visita del <strong>Dr. N\u00e9stor Garc\u00eda Canclini<\/strong> consulte el sitio web oficial de la <a href=\"http:\/\/www.arte.unicen.edu.ar\" target=\"_blank\" rel=\"noopener noreferrer\">Facultad de Arte<\/a>.<\/p>\n<h3>Dr. N\u00e9stor Garc\u00eda Canclini<\/h3>\n<p><img loading=\"lazy\" decoding=\"async\" class=\"alignleft size-full wp-image-4077\" style=\"border: 0px; border-radius: 200px;\" src=\"http:\/\/www.arte.unicen.edu.ar\/cdab\/wp-content\/uploads\/2018\/08\/canclini.png\" alt=\"\" width=\"200\" height=\"200\"\/><strong>N\u00e9stor Garc\u00eda Canclini<\/strong> (Argentina, 1939) es Doctor en Filosof\u00eda por las universidades de Par\u00eds y de La Plata. Ha sido profesor de las universidades de Austin, Duke, Stanford, Barcelona, Buenos Aires y Sao Paulo. Obtuvo la beca Guggenheim, el Premio Ensayo Casa de las Am\u00e9ricas en reconocimiento a Culturas populares en el capitalismo y el Book Award de la Asociaci\u00f3n de Estudios Latinoamericanos por el libro <em>Culturas h\u00edbridas. Estrategias para entrar y salir de la modernidad<\/em>. Otros trabajos destacados son <em>Consumidores y ciudadanos<\/em>, <em>La globalizaci\u00f3n imaginada<\/em> y <em>Diferentes, desiguales y desconectados: mapas de la interculturalidad<\/em>. En la actualidad enfoca su investigaci\u00f3n en las relaciones entre est\u00e9tica, arte, antropolog\u00eda, estrategias creativas y redes culturales de los j\u00f3venes. Ha publicado <em>La sociedad sin relato. Antropolog\u00eda y est\u00e9tica de la inminencia<\/em> (Katz, 2010; en portugu\u00e9s, Edusp, 2011; en ingl\u00e9s, Duke, 2014). Tambi\u00e9n coordin\u00f3 los libros colectivos <em>Cultura y desarrollo: una visi\u00f3n cr\u00edtica de los j\u00f3venes<\/em> (Paid\u00f3s, 2012), <em>J\u00f3venes, culturas urbanas y redes digitales<\/em> (Ariel-Fundaci\u00f3n Telef\u00f3nica-UAM, 2012) y <em>J\u00f3venes creativos: estrategias y redes culturales<\/em> (FONCA-UAM-Juan Pablos, 2013).<\/p>\n","protected":false},"excerpt":{"rendered":"<p>En el marco de la Maestr\u00eda en Arte y Sociedad en Latinoam\u00e9rica, el martes 21 de agosto a las 17 hs. en la sala&nbsp;Auditorium del Centro Cultural Universitario (Yrigoyen 662), el antrop\u00f3logo cultural Dr.&nbsp;N\u00e9stor Garc\u00eda Canclini&nbsp;fue distinguido con el Doctorado Honoris Causa de la Universidad Nacional de Centro de la Provincia de Buenos Aires en reconocimiento a su trayectoria en [&hellip;]<\/p>\n","protected":false},"author":1,"featured_media":5031,"comment_status":"open","ping_status":"open","sticky":false,"template":"","format":"standard","meta":{"_acf_changed":false,"footnotes":""},"categories":[1],"tags":[215,219,288],"class_list":["post-5030","post","type-post","status-publish","format-standard","has-post-thumbnail","hentry","category-novedades","tag-facultad-de-arte","tag-maestria-en-arte-y-sociedad-en-latinoamerica","tag-secretaria-de-investigacion-y-posgrado"],"acf":[],"_links":{"self":[{"href":"https:\/\/www.arte.unicen.edu.ar\/cdab\/wp-json\/wp\/v2\/posts\/5030","targetHints":{"allow":["GET"]}}],"collection":[{"href":"https:\/\/www.arte.unicen.edu.ar\/cdab\/wp-json\/wp\/v2\/posts"}],"about":[{"href":"https:\/\/www.arte.unicen.edu.ar\/cdab\/wp-json\/wp\/v2\/types\/post"}],"author":[{"embeddable":true,"href":"https:\/\/www.arte.unicen.edu.ar\/cdab\/wp-json\/wp\/v2\/users\/1"}],"replies":[{"embeddable":true,"href":"https:\/\/www.arte.unicen.edu.ar\/cdab\/wp-json\/wp\/v2\/comments?post=5030"}],"version-history":[{"count":2,"href":"https:\/\/www.arte.unicen.edu.ar\/cdab\/wp-json\/wp\/v2\/posts\/5030\/revisions"}],"predecessor-version":[{"id":18898,"href":"https:\/\/www.arte.unicen.edu.ar\/cdab\/wp-json\/wp\/v2\/posts\/5030\/revisions\/18898"}],"wp:featuredmedia":[{"embeddable":true,"href":"https:\/\/www.arte.unicen.edu.ar\/cdab\/wp-json\/wp\/v2\/media\/5031"}],"wp:attachment":[{"href":"https:\/\/www.arte.unicen.edu.ar\/cdab\/wp-json\/wp\/v2\/media?parent=5030"}],"wp:term":[{"taxonomy":"category","embeddable":true,"href":"https:\/\/www.arte.unicen.edu.ar\/cdab\/wp-json\/wp\/v2\/categories?post=5030"},{"taxonomy":"post_tag","embeddable":true,"href":"https:\/\/www.arte.unicen.edu.ar\/cdab\/wp-json\/wp\/v2\/tags?post=5030"}],"curies":[{"name":"wp","href":"https:\/\/api.w.org\/{rel}","templated":true}]}}