{"id":4955,"date":"2018-08-15T11:17:31","date_gmt":"2018-08-15T14:17:31","guid":{"rendered":"http:\/\/www.arte.unicen.edu.ar\/cdab\/?p=4955"},"modified":"2018-11-28T09:58:46","modified_gmt":"2018-11-28T12:58:46","slug":"se-presento-en-feria-libro-el-nuevo-material-editado-arte-publicaciones-la-forma-escolar-del-arte-alejandra-corbalan-cristina-dimatteo","status":"publish","type":"post","link":"https:\/\/www.arte.unicen.edu.ar\/cdab\/se-presento-en-feria-libro-el-nuevo-material-editado-arte-publicaciones-la-forma-escolar-del-arte-alejandra-corbalan-cristina-dimatteo\/","title":{"rendered":"Se present\u00f3 en la 15\u00ba Feria del Libro el nuevo material editado por Arte Publicaciones: &#8220;La &#8216;forma escolar&#8217; del arte&#8221; de Alejandra Corbal\u00e1n y Mar\u00eda Cristina Dimatteo"},"content":{"rendered":"<p>El pasado s\u00e1bado 11 de agosto a las 19 hs. en la sala Borges de la <a href=\"http:\/\/www.feriadellibrotandil.com.ar\" target=\"_blank\" rel=\"nofollow noopener\">15\u00ba Feria del Libro<\/a> se present\u00f3 el \u00faltimo libro editado por <a href=\"http:\/\/www.arte.unicen.edu.ar\/artepublicaciones\" target=\"_blank\" rel=\"nofollow noopener\">Arte Publicaciones<\/a>: <em><strong>La &#8216;forma escolar&#8217; del arte. Provincia de Buenos Aires (1940-1960)<\/strong><\/em>\u00a0con autor\u00eda de Mar\u00eda Alejandra Corbal\u00e1n y Mar\u00eda Cristina Dimatteo. La exposici\u00f3n cont\u00f3 con la presencia de la Lic. Mar\u00eda Elsa Chapato, integrante del proyecto de investigaci\u00f3n <em>Pr\u00e1cticas de ense\u00f1anza del Teatro. Saberes y habilidades en contexto<\/em> (<a href=\"http:\/\/www.arte.unicen.edu.ar\/secretarias\/investigacion-posgrado\/nucleos\/tecc\" target=\"_blank\" rel=\"nofollow noopener\">TECC<\/a>, <a href=\"http:\/\/www.arte.unicen.edu.ar\" target=\"_blank\" rel=\"nofollow noopener\">Facultad de Arte<\/a>, <a href=\"http:\/\/www.unicen.edu.ar\" target=\"_blank\" rel=\"nofollow noopener\">UNICEN<\/a>), quien rese\u00f1\u00f3 la obra e introdujo a las autoras.<\/p>\n<p>El objetivo del libro es dar a conocer los procesos de inclusi\u00f3n del campo art\u00edstico en el sistema escolar en la Provincia de Buenos Aires entre 1940 y 1960, mediante dos perspectivas de an\u00e1lisis. La primera rescata las tensiones entre los agentes, pr\u00e1cticas e instituciones en la configuraci\u00f3n, legitimaci\u00f3n y consagraci\u00f3n del campo art\u00edstico en el campo escolar y la segunda analiza las pol\u00edticas culturales que dan marco al proceso de inclusi\u00f3n de &#8220;lo art\u00edstico&#8221; en el Sistema Educativo. De esta manera, se efect\u00faa una distinci\u00f3n entre pol\u00edticas culturales patrimonialistas y difusionistas, como las formas que asume la cultura en distintos \u00e1mbitos de producci\u00f3n, circulaci\u00f3n y consumo de bienes simb\u00f3licos.<\/p>\n<p><em><strong>La &#8216;forma escolar&#8217; del arte. Provincia de Buenos Aires (1940-1960)<\/strong><\/em> es producto de las indagaciones y reflexiones sostenidas por las autoras (directora de tesis y tesista, respectivamente) en el marco de la elaboraci\u00f3n de la Tesis de Maestr\u00eda en Educaci\u00f3n con menci\u00f3n en Ciencias Sociales, entre los a\u00f1os 1999 y 2002, en la Facultad de Ciencias Humanas de la Universidad Nacional del Centro de la Provincia de Buenos Aires. En este recorrido hist\u00f3rico institucional de las d\u00e9cadas estudiadas las autoras han obtenido algunos hallazgos, pero principalmente m\u00faltiples interrogantes que sostienen hasta el presente, en el af\u00e1n de comprender el lugar de la Educaci\u00f3n Art\u00edstica en el Sistema Educativo.<\/p>\n<p>Para adquirir el libro o recibir m\u00e1s informaci\u00f3n acerca del mismo lo invitamos a referirse a la <strong>Secretar\u00eda de Investigaci\u00f3n y Posgrado<\/strong> de la <a href=\"http:\/\/www.arte.unicen.edu.ar\" target=\"_blank\" rel=\"nofollow noopener\">Facultad de Arte<\/a> de la <a href=\"http:\/\/www.unicen.edu.ar\" target=\"_blank\" rel=\"nofollow noopener\">Universidad Nacional del Centro de la Provincia de Buenos Aires<\/a>, ubicada en <strong>9 de Julio 430, 1\u00ba piso (Tandil, Buenos Aires)<\/strong>, telef\u00f3nicamente al <strong>(0249) 444 0631 \u2013 Int. 210<\/strong> o por correo electr\u00f3nico a <a href=\"mailto:publicaciones @ arte.unicen.edu.ar\">publicaciones@arte.unicen.edu.ar<\/a>. Asimismo, ya se encuentra a disposici\u00f3n para consulta de alumnos, graduados, investigadores, docentes y p\u00fablico en general en el <strong>CDAB<\/strong>.<\/p>\n<div style=\"margin: 30px auto;\"><img loading=\"lazy\" decoding=\"async\" src=\"http:\/\/www.arte.unicen.edu.ar\/cdab\/wp-content\/uploads\/2018\/08\/forma-escolar-arte-mockup.png\" alt=\"La 'forma escolar' del arte. Provincia de Buenos Aires (1940-1960) de Alejandra Corbal\u00e1n y Mar\u00eda Cristina Dimatteo\" title=\"La 'forma escolar' del arte. Provincia de Buenos Aires (1940-1960) de Alejandra Corbal\u00e1n y Mar\u00eda Cristina Dimatteo\" width=\"800\" height=\"475\" class=\"aligncenter size-full wp-image-4977\" srcset=\"https:\/\/www.arte.unicen.edu.ar\/cdab\/wp-content\/uploads\/2018\/08\/forma-escolar-arte-mockup.png 800w, https:\/\/www.arte.unicen.edu.ar\/cdab\/wp-content\/uploads\/2018\/08\/forma-escolar-arte-mockup-600x356.png 600w, https:\/\/www.arte.unicen.edu.ar\/cdab\/wp-content\/uploads\/2018\/08\/forma-escolar-arte-mockup-768x456.png 768w, https:\/\/www.arte.unicen.edu.ar\/cdab\/wp-content\/uploads\/2018\/08\/forma-escolar-arte-mockup-300x178.png 300w\" sizes=\"auto, (max-width: 800px) 100vw, 800px\" \/>\n<p><span style=\"font-size: 12px; font-style: italic; margin: 0 auto; text-align: center; display: block;\">Portada de &#8220;La &#8216;forma escolar&#8217; del arte. Provincia de Buenos Aires (1940-1960)&#8221; de Alejandra Corbal\u00e1n y Mar\u00eda Cristina Dimatteo.<\/span><\/p><\/div>\n<h2>Acerca de las autoras<\/h2>\n<h3>Mar\u00eda Alejandra Corbal\u00e1n<\/h3>\n<p><img loading=\"lazy\" decoding=\"async\" class=\"alignleft size-full wp-image-4077\" style=\"border: 0px; border-radius: 200px;\" src=\"http:\/\/www.arte.unicen.edu.ar\/cdab\/wp-content\/uploads\/2018\/08\/alejandra-corbalan.png\" alt=\"\" width=\"200\" height=\"200\" \/>Soci\u00f3loga y Doctora en Educaci\u00f3n por la Universidad de Campinas (Brasil). Ex Docente e Investigadora del <a href=\"http:\/\/nees.fch.unicen.edu.ar\" target=\"_blank\" rel=\"nofollow noopener\">NEES<\/a> perteneciente a la\u00a0<a href=\"http:\/\/fch.unicen.edu.ar\" target=\"_blank\" rel=\"nofollow noopener\">Facultad de Ciencias Humanas<\/a> de la <a href=\"http:\/\/www.unicen.edu.ar\" target=\"_blank\" rel=\"nofollow noopener\">Universidad Nacional del Centro de la Provincia de Buenos Aires<\/a>. Ex miembro de la Red de Investigaci\u00f3n Educaci\u00f3n, Cultura y Pol\u00edtica en Am\u00e9rica Latina.<\/p>\n<p>Autora y coordinadora de diversas publicaciones: <em>El Banco Mundial Intervenci\u00f3n y disciplinamiento. El caso argentino ense\u00f1anzas para Am\u00e9rica Latina<\/em> (Buenos Aires, Biblos, 2002), <em>Enredados por la educaci\u00f3n, la cultura y la pol\u00edtica<\/em>\u00a0(coord.) y\u00a0<em>La Cultura al poder. Red de Educaci\u00f3n, Cultura y Pol\u00edtica en Am\u00e9rica Latina<\/em> (coord.) (Buenos Aires, Biblos, 2014), entre otros.<\/p>\n<hr style=\"margin: 60px auto 0px;\" \/>\n<h3>Mar\u00eda Cristina Dimatteo<\/h3>\n<p><img loading=\"lazy\" decoding=\"async\" class=\"alignleft size-full wp-image-4077\" style=\"border: 0px; border-radius: 200px;\" src=\"http:\/\/www.arte.unicen.edu.ar\/cdab\/wp-content\/uploads\/2018\/08\/cristina-dimatteo.png\" alt=\"\" width=\"200\" height=\"200\" \/>Es Profesora en Ciencias de la Educaci\u00f3n, Magister en Educaci\u00f3n con Orientaci\u00f3n en Ciencias Sociales por la <a href=\"http:\/\/fch.unicen.edu.ar\" target=\"_blank\" rel=\"nofollow noopener\">Facultad de Ciencias Humanas<\/a> de la <a href=\"http:\/\/www.unicen.edu.ar\" target=\"_blank\" rel=\"nofollow noopener\">UNICEN<\/a> y Doctora en Ciencias de la Educaci\u00f3n <a href=\"https:\/\/ffyh.unc.edu.ar\" target=\"_blank\" rel=\"nofollow noopener\">Facultad de Filosof\u00eda y Humanidades<\/a> por la <a href=\"https:\/\/www.unc.edu.ar\" target=\"_blank\" rel=\"nofollow noopener\">Universidad Nacional de C\u00f3rdoba<\/a>.<\/p>\n<p>Se desempe\u00f1a como profesora titular en el <a href=\"http:\/\/www.arte.unicen.edu.ar\/carreras\/grado\/profesorado-de-teatro\/perfil-del-egresado\" target=\"_blank\" rel=\"nofollow noopener\">Profesorado de Teatro<\/a> de la <a href=\"http:\/\/www.arte.unicen.edu.ar\" target=\"_blank\" rel=\"nofollow noopener\">Facultad de Arte<\/a> de la <a href=\"http:\/\/www.unicen.edu.ar\" target=\"_blank\" rel=\"nofollow noopener\">UNICEN<\/a> e investigadora en tem\u00e1ticas vinculadas con educaci\u00f3n art\u00edstica y formaci\u00f3n docente en arte. Tambi\u00e9n es coautora de publicaciones especializadas, entre las que se destaca <em>Educaci\u00f3n Art\u00edstica. Horizontes, escenarios y pr\u00e1cticas emergentes (<\/em>Buenos Aires, Biblos, 2014), entre otros.<\/p>\n<hr style=\"margin: 80px auto 0px;\" \/>\n<table style=\"width: 100%; margin: 45px auto 0px; text-align: center; border-collapse: collapse; border-spacing: 0;\">\n<tbody>\n<tr>\n<td style=\"padding: 0px 10px 0px 10px;\">\n<blockquote class=\"instagram-media\" data-instgrm-permalink=\"https:\/\/www.instagram.com\/p\/BmWtd6xj_tp\/?utm_source=ig_embed\" data-instgrm-version=\"9\" style=\" background:#FFF; border:0; border-radius:3px; box-shadow:0 0 1px 0 rgba(0,0,0,0.5),0 1px 10px 0 rgba(0,0,0,0.15); margin: 1px; max-width:540px; min-width:326px; padding:0; width:99.375%; width:-webkit-calc(100% - 2px); width:calc(100% - 2px);\">\n<div style=\"padding:8px;\">\n<div style=\" background:#F8F8F8; line-height:0; margin-top:40px; padding:50.0% 0; text-align:center; width:100%;\">\n<div style=\"background:url(data:image\/png;base64,iVBORw0KGgoAAAANSUhEUgAAACwAAAAsCAMAAAApWqozAAAABGdBTUEAALGPC\/xhBQAAAAFzUkdCAK7OHOkAAAAMUExURczMzPf399fX1+bm5mzY9AMAAADiSURBVDjLvZXbEsMgCES5\/P8\/t9FuRVCRmU73JWlzosgSIIZURCjo\/ad+EQJJB4Hv8BFt+IDpQoCx1wjOSBFhh2XssxEIYn3ulI\/6MNReE07UIWJEv8UEOWDS88LY97kqyTliJKKtuYBbruAyVh5wOHiXmpi5we58Ek028czwyuQdLKPG1Bkb4NnM+VeAnfHqn1k4+GPT6uGQcvu2h2OVuIf\/gWUFyy8OWEpdyZSa3aVCqpVoVvzZZ2VTnn2wU8qzVjDDetO90GSy9mVLqtgYSy231MxrY6I2gGqjrTY0L8fxCxfCBbhWrsYYAAAAAElFTkSuQmCC); display:block; height:44px; margin:0 auto -44px; position:relative; top:-22px; width:44px;\"><\/div>\n<\/div>\n<p style=\" color:#c9c8cd; font-family:Arial,sans-serif; font-size:14px; line-height:17px; margin-bottom:0; margin-top:8px; overflow:hidden; padding:8px 0 7px; text-align:center; text-overflow:ellipsis; white-space:nowrap;\"><a href=\"https:\/\/www.instagram.com\/p\/BmWtd6xj_tp\/?utm_source=ig_embed\" style=\" color:#c9c8cd; font-family:Arial,sans-serif; font-size:14px; font-style:normal; font-weight:normal; line-height:17px; text-decoration:none;\" target=\"_blank\">Una publicaci\u00f3n compartida de Cultura Unicen (@culturaunicen)<\/a> el <time style=\" font-family:Arial,sans-serif; font-size:14px; line-height:17px;\" datetime=\"2018-08-11T22:09:49+00:00\">11 Ago, 2018 a las 3:09 PDT<\/time><\/p>\n<\/div>\n<\/blockquote>\n<p> <script async defer src=\"\/\/www.instagram.com\/embed.js\"><\/script><\/p><\/td>\n<td style=\"padding: 0px 10px 0px 10px;\">\n<blockquote class=\"instagram-media\" data-instgrm-permalink=\"https:\/\/www.instagram.com\/p\/BmWxCK_Dhvu\/?utm_source=ig_embed\" data-instgrm-version=\"9\" style=\" background:#FFF; border:0; border-radius:3px; box-shadow:0 0 1px 0 rgba(0,0,0,0.5),0 1px 10px 0 rgba(0,0,0,0.15); margin: 1px; max-width:540px; min-width:326px; padding:0; width:99.375%; width:-webkit-calc(100% - 2px); width:calc(100% - 2px);\">\n<div style=\"padding:8px;\">\n<div style=\" background:#F8F8F8; line-height:0; margin-top:40px; padding:50.0% 0; text-align:center; width:100%;\">\n<div style=\"background:url(data:image\/png;base64,iVBORw0KGgoAAAANSUhEUgAAACwAAAAsCAMAAAApWqozAAAABGdBTUEAALGPC\/xhBQAAAAFzUkdCAK7OHOkAAAAMUExURczMzPf399fX1+bm5mzY9AMAAADiSURBVDjLvZXbEsMgCES5\/P8\/t9FuRVCRmU73JWlzosgSIIZURCjo\/ad+EQJJB4Hv8BFt+IDpQoCx1wjOSBFhh2XssxEIYn3ulI\/6MNReE07UIWJEv8UEOWDS88LY97kqyTliJKKtuYBbruAyVh5wOHiXmpi5we58Ek028czwyuQdLKPG1Bkb4NnM+VeAnfHqn1k4+GPT6uGQcvu2h2OVuIf\/gWUFyy8OWEpdyZSa3aVCqpVoVvzZZ2VTnn2wU8qzVjDDetO90GSy9mVLqtgYSy231MxrY6I2gGqjrTY0L8fxCxfCBbhWrsYYAAAAAElFTkSuQmCC); display:block; height:44px; margin:0 auto -44px; position:relative; top:-22px; width:44px;\"><\/div>\n<\/div>\n<p style=\" color:#c9c8cd; font-family:Arial,sans-serif; font-size:14px; line-height:17px; margin-bottom:0; margin-top:8px; overflow:hidden; padding:8px 0 7px; text-align:center; text-overflow:ellipsis; white-space:nowrap;\"><a href=\"https:\/\/www.instagram.com\/p\/BmWxCK_Dhvu\/?utm_source=ig_embed\" style=\" color:#c9c8cd; font-family:Arial,sans-serif; font-size:14px; font-style:normal; font-weight:normal; line-height:17px; text-decoration:none;\" target=\"_blank\">Una publicaci\u00f3n compartida de Cultura Unicen (@culturaunicen)<\/a> el <time style=\" font-family:Arial,sans-serif; font-size:14px; line-height:17px;\" datetime=\"2018-08-11T22:40:59+00:00\">11 Ago, 2018 a las 3:40 PDT<\/time><\/p>\n<\/div>\n<\/blockquote>\n<p> <script async defer src=\"\/\/www.instagram.com\/embed.js\"><\/script><\/p><\/td>\n<\/tr>\n<\/tbody>\n<\/table>\n","protected":false},"excerpt":{"rendered":"<p>El pasado s\u00e1bado 11 de agosto a las 19 hs. en la sala Borges de la 15\u00ba Feria del Libro se present\u00f3 el \u00faltimo libro editado por Arte Publicaciones: La &#8216;forma escolar&#8217; del arte. Provincia de Buenos Aires (1940-1960)\u00a0con autor\u00eda de Mar\u00eda Alejandra Corbal\u00e1n y Mar\u00eda Cristina Dimatteo. La exposici\u00f3n cont\u00f3 con la presencia de la Lic. Mar\u00eda Elsa Chapato, [&hellip;]<\/p>\n","protected":false},"author":1,"featured_media":4969,"comment_status":"open","ping_status":"open","sticky":false,"template":"","format":"standard","meta":{"_acf_changed":false,"footnotes":""},"categories":[1],"tags":[292,306,215],"class_list":["post-4955","post","type-post","status-publish","format-standard","has-post-thumbnail","hentry","category-novedades","tag-arte-publicaciones","tag-educacion-artistica","tag-facultad-de-arte"],"acf":[],"_links":{"self":[{"href":"https:\/\/www.arte.unicen.edu.ar\/cdab\/wp-json\/wp\/v2\/posts\/4955","targetHints":{"allow":["GET"]}}],"collection":[{"href":"https:\/\/www.arte.unicen.edu.ar\/cdab\/wp-json\/wp\/v2\/posts"}],"about":[{"href":"https:\/\/www.arte.unicen.edu.ar\/cdab\/wp-json\/wp\/v2\/types\/post"}],"author":[{"embeddable":true,"href":"https:\/\/www.arte.unicen.edu.ar\/cdab\/wp-json\/wp\/v2\/users\/1"}],"replies":[{"embeddable":true,"href":"https:\/\/www.arte.unicen.edu.ar\/cdab\/wp-json\/wp\/v2\/comments?post=4955"}],"version-history":[{"count":3,"href":"https:\/\/www.arte.unicen.edu.ar\/cdab\/wp-json\/wp\/v2\/posts\/4955\/revisions"}],"predecessor-version":[{"id":5935,"href":"https:\/\/www.arte.unicen.edu.ar\/cdab\/wp-json\/wp\/v2\/posts\/4955\/revisions\/5935"}],"wp:featuredmedia":[{"embeddable":true,"href":"https:\/\/www.arte.unicen.edu.ar\/cdab\/wp-json\/wp\/v2\/media\/4969"}],"wp:attachment":[{"href":"https:\/\/www.arte.unicen.edu.ar\/cdab\/wp-json\/wp\/v2\/media?parent=4955"}],"wp:term":[{"taxonomy":"category","embeddable":true,"href":"https:\/\/www.arte.unicen.edu.ar\/cdab\/wp-json\/wp\/v2\/categories?post=4955"},{"taxonomy":"post_tag","embeddable":true,"href":"https:\/\/www.arte.unicen.edu.ar\/cdab\/wp-json\/wp\/v2\/tags?post=4955"}],"curies":[{"name":"wp","href":"https:\/\/api.w.org\/{rel}","templated":true}]}}