{"id":4545,"date":"2018-05-24T13:50:30","date_gmt":"2018-05-24T16:50:30","guid":{"rendered":"http:\/\/www.arte.unicen.edu.ar\/cdab\/?p=4545"},"modified":"2019-06-12T13:47:47","modified_gmt":"2019-06-12T16:47:47","slug":"recibimos-publicaciones-de-la-escuela-de-diseno-y-comunicacion-visual-espol-y-de-la-universidad-de-las-artes-de-ecuador-mediante-intercambio-institucional-de-bibliografia","status":"publish","type":"post","link":"https:\/\/www.arte.unicen.edu.ar\/cdab\/recibimos-publicaciones-de-la-escuela-de-diseno-y-comunicacion-visual-espol-y-de-la-universidad-de-las-artes-de-ecuador-mediante-intercambio-institucional-de-bibliografia\/","title":{"rendered":"Recibimos publicaciones de la Escuela de Dise\u00f1o y Comunicaci\u00f3n Visual (ESPOL) y de la Universidad de las Artes de Ecuador mediante intercambio institucional de bibliograf\u00eda"},"content":{"rendered":"<p>Durante las primeras semanas del mes de mayo, la <strong>Dra. Ana Silva<\/strong> -integrante del Departamento de Historia y Teor\u00eda del Arte, investigadora del <a href=\"http:\/\/www.arte.unicen.edu.ar\/secretarias\/investigacion-posgrado\/nucleos\/tecc\" target=\"_blank\" rel=\"nofollow noopener noreferrer\">Centro de Estudios de Teatro, Educaci\u00f3n y Consumos Culturales (TECC)<\/a>, docente de la carrera <a href=\"http:\/\/www.arte.unicen.edu.ar\/carreras\/grado\/riaa\/perfil-del-egresado\" target=\"_blank\" rel=\"nofollow noopener noreferrer\">Realizaci\u00f3n Integral en Artes Audiovisuales<\/a> y directora de la <a href=\"http:\/\/www.arte.unicen.edu.ar\/carreras\/posgrado\/maestria-en-arte-y-sociedad\" target=\"_blank\" rel=\"nofollow noopener noreferrer\">Maestr\u00eda en Arte y Sociedad en Latinoam\u00e9rica<\/a> de la <a href=\"http:\/\/www.arte.unicen.edu.ar\" target=\"_blank\" rel=\"nofollow noopener noreferrer\">Facultad de Arte<\/a>&#8211; visit\u00f3 la <a href=\"http:\/\/www.edcom.espol.edu.ec\" target=\"_blank\" rel=\"nofollow noopener noreferrer\">Escuela de Dise\u00f1o y Comunicaci\u00f3n Visual (EDCOM)<\/a> de la <a href=\"http:\/\/www.espol.edu.ec\" target=\"_blank\" rel=\"nofollow noopener noreferrer\">Escuela Superior Polit\u00e9cnica del Litoral (ESPOL)<\/a> y la <a href=\"http:\/\/www.uartes.edu.ec\" target=\"_blank\" rel=\"nofollow noopener noreferrer\">Universidad de las Artes<\/a> de Guayaquil, Ecuador.<\/p>\n<p>Este recorrido fue el marco propicio para el intercambio de bibliograf\u00eda institucional entre las distintas Unidades acad\u00e9micas y casas de altos estudios. Desde la <a href=\"http:\/\/www.arte.unicen.edu.ar\" target=\"_blank\" rel=\"nofollow noopener noreferrer\">Facultad de Arte<\/a> se remitieron algunos ejemplares de <a href=\"http:\/\/www.ojs.arte.unicen.edu.ar\/index.php\/laescalera\" target=\"_blank\" rel=\"nofollow noopener noreferrer\">La Escalera<\/a>, el anuario de la instituci\u00f3n que es un espacio para el debate sobre la producci\u00f3n, el consumo cultural y el quehacer art\u00edstico-teatral y audiovisual.<\/p>\n<p>Por su parte, la <a href=\"http:\/\/www.edcom.espol.edu.ec\" target=\"_blank\" rel=\"nofollow noopener noreferrer\">EDCOM<\/a> efectu\u00f3 la donaci\u00f3n de tres ejemplares de la revista <em><strong>\u00d1awi. Arte, Dise\u00f1o y Comunicaci\u00f3n<\/strong><\/em> (vol. 1 n\u00ba 1 correspondiente al mes de enero de 2017, vol. 1 n\u00ba 2 de julio de 2017 y vol. 2 n\u00ba 1 publicado en el mes de enero de 2018) y la <a href=\"http:\/\/www.uartes.edu.ec\" target=\"_blank\" rel=\"nofollow noopener noreferrer\">Universidad de las Artes<\/a> cedi\u00f3 un importante n\u00famero de publicaciones de Artes Ediciones, su sello editorial, entre las que destacan:<\/p>\n<ul>\n<li><em><strong>Fuera de campo. Revista de cine<\/strong><\/em> &#8211; Vol. 1 n\u00ba 1 (mayo 2016).<\/li>\n<li><em><strong>Fuera de campo. Revista de cine<\/strong><\/em> &#8211; Vol. 1 n\u00ba 2 (septiembre 2016).<\/li>\n<li><em><strong>Fuera de campo. Revista de cine<\/strong><\/em> &#8211; Dossier: Pensar el cine en Am\u00e9rica Latina vol. 1 n\u00ba 3 (enero 2017).<\/li>\n<li><em><strong>Fuera de campo. Revista de cine<\/strong><\/em> &#8211; Vol. 1 n\u00ba 4 (mayo 2017).<\/li>\n<li><em><strong>Fuera de campo. Revista de cine<\/strong><\/em> &#8211; Dossier: Ficci\u00f3n y realidad en el cine ecuatoriano vol. 1 n\u00ba 5 (septiembre 2017).<\/li>\n<li><em><strong>Revoluciones cubanas en Marte<\/strong><\/em> de Ernesto Carrion.<\/li>\n<li><em><strong>Bloguer\u00edas. Art\u00edculos literarios<\/strong><\/em> de Ra\u00fal Vallejo (parte de la colecci\u00f3n <em>Comuneros del mundo<\/em>).<\/li>\n<li><em><strong>Huellas de amor eterno<\/strong><\/em> de Ra\u00fal Vallejo.<\/li>\n<li><em><strong>El puente est\u00e1 esperando entre las llamas<\/strong><\/em> de Jos\u00e9 Luis Astudillo.<\/li>\n<li><em><strong>Ardillas<\/strong><\/em> de Felipe Troya (Premio a la joven literatura latinoamericana 2015).<\/li>\n<li><em><strong>Grado cero. La condici\u00f3n equinoccial y la producci\u00f3n de cultura en el Ecuador y en otras longitudes ecuatoriales<\/strong><\/em> editado por Esteban Ponce Ortiz.<\/li>\n<li><em><strong>Repensar la interculturalidad<\/strong><\/em> editado por Jorge Gom\u00e9z Rend\u00f3n.<\/li>\n<li><em><strong>ILIA. Debates sobre la Investigaci\u00f3n en Artes<\/strong><\/em> publicado por el Instituto Latinoamericano de Investigaci\u00f3n en Artes.<\/li>\n<\/ul>\n<p>La bibliograf\u00eda citada precedentemente ya se encuentra disponible para consulta en nuestra sala de lectura ubicada en <strong>Gral. Pinto 399 (3\u00ba piso, oficina 336)<\/strong> los d\u00edas <strong>lunes y mi\u00e9rcoles<\/strong> en el horario de <strong>9 a 18.30 hs.<\/strong>, los d\u00edas <strong>martes y jueves<\/strong> de <strong>9 a 17.30 hs.<\/strong> y los <strong>viernes<\/strong> de <strong>8 a 15 hs.<\/strong><\/p>\n<table style=\"margin: 25px auto 30px; text-align: center; border-collapse: collapse; border-spacing: 0;\">\n<tbody>\n<tr>\n<td style=\"padding: 0px 10px 0px 10px;\"><a href=\"http:\/\/www.arte.unicen.edu.ar\/cdab\/wp-content\/uploads\/2018\/05\/donacion-edcom-uartes-1.png\" data-fancybox=\"gallery\" data-caption=\"Recibimos publicaciones de la Escuela de Dise\u00f1o y Comunicaci\u00f3n Visual (ESPOL) y de la Universidad de las Artes de Ecuador mediante intercambio institucional de bibliograf\u00eda\"><img loading=\"lazy\" decoding=\"async\" class=\"aligncenter size-medium wp-image-4551\" src=\"http:\/\/www.arte.unicen.edu.ar\/cdab\/wp-content\/uploads\/2018\/05\/donacion-edcom-uartes-1-600x483.png\" alt=\"\" width=\"250\" height=\"201\" srcset=\"https:\/\/www.arte.unicen.edu.ar\/cdab\/wp-content\/uploads\/2018\/05\/donacion-edcom-uartes-1-600x483.png 600w, https:\/\/www.arte.unicen.edu.ar\/cdab\/wp-content\/uploads\/2018\/05\/donacion-edcom-uartes-1-768x618.png 768w, https:\/\/www.arte.unicen.edu.ar\/cdab\/wp-content\/uploads\/2018\/05\/donacion-edcom-uartes-1-1024x824.png 1024w, https:\/\/www.arte.unicen.edu.ar\/cdab\/wp-content\/uploads\/2018\/05\/donacion-edcom-uartes-1-300x242.png 300w, https:\/\/www.arte.unicen.edu.ar\/cdab\/wp-content\/uploads\/2018\/05\/donacion-edcom-uartes-1.png 1062w\" sizes=\"auto, (max-width: 250px) 100vw, 250px\" \/><\/a><\/td>\n<td style=\"padding: 0px 10px 0px 10px;\"><a href=\"http:\/\/www.arte.unicen.edu.ar\/cdab\/wp-content\/uploads\/2018\/05\/donacion-edcom-uartes-2.png\" data-fancybox=\"gallery\" data-caption=\"Recibimos publicaciones de la Escuela de Dise\u00f1o y Comunicaci\u00f3n Visual (ESPOL) y de la Universidad de las Artes de Ecuador mediante intercambio institucional de bibliograf\u00eda\"><img loading=\"lazy\" decoding=\"async\" class=\"aligncenter size-medium wp-image-4552\" src=\"http:\/\/www.arte.unicen.edu.ar\/cdab\/wp-content\/uploads\/2018\/05\/donacion-edcom-uartes-2-600x483.png\" alt=\"\" width=\"250\" height=\"201\" srcset=\"https:\/\/www.arte.unicen.edu.ar\/cdab\/wp-content\/uploads\/2018\/05\/donacion-edcom-uartes-2-600x483.png 600w, https:\/\/www.arte.unicen.edu.ar\/cdab\/wp-content\/uploads\/2018\/05\/donacion-edcom-uartes-2-768x618.png 768w, https:\/\/www.arte.unicen.edu.ar\/cdab\/wp-content\/uploads\/2018\/05\/donacion-edcom-uartes-2-1024x824.png 1024w, https:\/\/www.arte.unicen.edu.ar\/cdab\/wp-content\/uploads\/2018\/05\/donacion-edcom-uartes-2-300x242.png 300w, https:\/\/www.arte.unicen.edu.ar\/cdab\/wp-content\/uploads\/2018\/05\/donacion-edcom-uartes-2.png 1062w\" sizes=\"auto, (max-width: 250px) 100vw, 250px\" \/><\/a><\/td>\n<td style=\"padding: 0px 10px 0px 10px;\"><a href=\"http:\/\/www.arte.unicen.edu.ar\/cdab\/wp-content\/uploads\/2018\/05\/donacion-edcom-uartes-3.png\" data-fancybox=\"gallery\" data-caption=\"Recibimos publicaciones de la Escuela de Dise\u00f1o y Comunicaci\u00f3n Visual (ESPOL) y de la Universidad de las Artes de Ecuador mediante intercambio institucional de bibliograf\u00eda\"><img loading=\"lazy\" decoding=\"async\" class=\"aligncenter size-medium wp-image-4553\" src=\"http:\/\/www.arte.unicen.edu.ar\/cdab\/wp-content\/uploads\/2018\/05\/donacion-edcom-uartes-3-600x483.png\" alt=\"\" width=\"250\" height=\"201\" srcset=\"https:\/\/www.arte.unicen.edu.ar\/cdab\/wp-content\/uploads\/2018\/05\/donacion-edcom-uartes-3-600x483.png 600w, https:\/\/www.arte.unicen.edu.ar\/cdab\/wp-content\/uploads\/2018\/05\/donacion-edcom-uartes-3-768x618.png 768w, https:\/\/www.arte.unicen.edu.ar\/cdab\/wp-content\/uploads\/2018\/05\/donacion-edcom-uartes-3-1024x824.png 1024w, https:\/\/www.arte.unicen.edu.ar\/cdab\/wp-content\/uploads\/2018\/05\/donacion-edcom-uartes-3-300x242.png 300w, https:\/\/www.arte.unicen.edu.ar\/cdab\/wp-content\/uploads\/2018\/05\/donacion-edcom-uartes-3.png 1062w\" sizes=\"auto, (max-width: 250px) 100vw, 250px\" \/><\/a><\/td>\n<td style=\"padding: 0px 10px 0px 10px;\"><a href=\"http:\/\/www.arte.unicen.edu.ar\/cdab\/wp-content\/uploads\/2018\/05\/donacion-edcom-uartes-4.png\" data-fancybox=\"gallery\" data-caption=\"Recibimos publicaciones de la Escuela de Dise\u00f1o y Comunicaci\u00f3n Visual (ESPOL) y de la Universidad de las Artes de Ecuador mediante intercambio institucional de bibliograf\u00eda\"><img loading=\"lazy\" decoding=\"async\" class=\"aligncenter size-medium wp-image-4554\" src=\"http:\/\/www.arte.unicen.edu.ar\/cdab\/wp-content\/uploads\/2018\/05\/donacion-edcom-uartes-4-600x483.png\" alt=\"\" width=\"250\" height=\"201\" srcset=\"https:\/\/www.arte.unicen.edu.ar\/cdab\/wp-content\/uploads\/2018\/05\/donacion-edcom-uartes-4-600x483.png 600w, https:\/\/www.arte.unicen.edu.ar\/cdab\/wp-content\/uploads\/2018\/05\/donacion-edcom-uartes-4-768x618.png 768w, https:\/\/www.arte.unicen.edu.ar\/cdab\/wp-content\/uploads\/2018\/05\/donacion-edcom-uartes-4-1024x824.png 1024w, https:\/\/www.arte.unicen.edu.ar\/cdab\/wp-content\/uploads\/2018\/05\/donacion-edcom-uartes-4-300x242.png 300w, https:\/\/www.arte.unicen.edu.ar\/cdab\/wp-content\/uploads\/2018\/05\/donacion-edcom-uartes-4.png 1062w\" sizes=\"auto, (max-width: 250px) 100vw, 250px\" \/><\/a><\/td>\n<\/tr>\n<tr>\n<td style=\"padding: 0px 0px 0px 0px; margin: 0; font-size: 12px;\" colspan=\"4\"><i>Donaciones realizadas por EDCOM (ESPOL) y Universidad de las Artes.<\/i><\/td>\n<\/tr>\n<\/tbody>\n<\/table>\n<h4>Acerca de Universidad de las Artes<\/h4>\n<p><img loading=\"lazy\" decoding=\"async\" class=\"alignleft size-full wp-image-4077\" style=\"border: 0px; border-radius: 200px;\" src=\"http:\/\/www.arte.unicen.edu.ar\/cdab\/wp-content\/uploads\/2018\/05\/universidadartes-ecuador.png\" alt=\"\" width=\"200\" height=\"200\" \/>En la <a href=\"http:\/\/www.uartes.edu.ec\" target=\"_blank\" rel=\"nofollow noopener noreferrer\">Universidad de las Artes<\/a> conviven y confluyen modalidades de aprendizaje e investigaci\u00f3n sobre arte y en artes. La investigaci\u00f3n sobre arte, de vasta tradici\u00f3n acad\u00e9mica, implica la reflexi\u00f3n alrededor del hecho art\u00edstico, apuntando a su historizaci\u00f3n, interpretaci\u00f3n o an\u00e1lisis, partiendo de diversos abordajes, puntos de vista y andamiajes te\u00f3ricos como la filosof\u00eda, la est\u00e9tica, la sociolog\u00eda del arte, la antropolog\u00eda, la psicolog\u00eda del arte, la semi\u00f3tica, la historia del arte, la musicolog\u00eda. En cambio, la investigaci\u00f3n en arte acude a modos diferentes de investigar, indagar y generar conocimiento, a trav\u00e9s de un m\u00e9todo propio de b\u00fasqueda, trabajo y experimentaci\u00f3n, para arribar a resultados in\u00e9ditos que apuntan a la creaci\u00f3n art\u00edstica. En los diversos \u00e1mbitos de la Universidad de las Artes ambas v\u00edas de acceso al conocimiento tienen legitimidad y se potencian.<br \/>\nLa <a href=\"http:\/\/www.uartes.edu.ec\" target=\"_blank\" rel=\"nofollow noopener noreferrer\">Universidad de las Artes<\/a> orienta su actividad de docencia e investigaci\u00f3n a la producci\u00f3n creativa en artes y reflexi\u00f3n cr\u00edtica sobre las artes, atendiendo al desarrollo de conceptos y criterios est\u00e9ticos diversos, al est\u00edmulo del talento creativo que use un m\u00e1ximo de capacidades expresivas y a la vinculaci\u00f3n del arte con la transformaci\u00f3n social.<\/p>\n<h4>Acerca de EDCOM-ESPOL<\/h4>\n<p><img loading=\"lazy\" decoding=\"async\" class=\"alignleft size-full wp-image-4077\" style=\"border: 0px; border-radius: 200px;\" src=\"http:\/\/www.arte.unicen.edu.ar\/cdab\/wp-content\/uploads\/2018\/05\/edcom-espol.png\" alt=\"\" width=\"200\" height=\"200\" \/>La <a href=\"http:\/\/www.espol.edu.ec\" target=\"_blank\" rel=\"nofollow noopener noreferrer\">Escuela Superior Polit\u00e9cnica del Litoral (ESPOL)<\/a> nace como una necesidad regional de contar con instituciones de educaci\u00f3n superior cient\u00edfico-t\u00e9cnicas. Mediante su <a href=\"http:\/\/www.edcom.espol.edu.ec\" target=\"_blank\" rel=\"nofollow noopener noreferrer\">Escuela de Dise\u00f1o y Comunicaci\u00f3n Visual (EDCOM)<\/a> ofrece una formaci\u00f3n acad\u00e9mica de grado y posgrado asociada al campo amplio de Artes y Humanidades de la Clasificaci\u00f3n Internacional Normalizada de la Educaci\u00f3n (CINE).<\/p>\n<p>La <a href=\"http:\/\/www.edcom.espol.edu.ec\" target=\"_blank\" rel=\"nofollow noopener noreferrer\">EDCOM<\/a> prepara profesionales en las carreras de Licenciatura en Dise\u00f1o Gr\u00e1fico, Licenciatura en Producci\u00f3n para Medios de Comunicaci\u00f3n, Licenciatura en Dise\u00f1o de Productos, Licenciatura en Dise\u00f1o Web y Aplicaciones Multimedia y Licenciatura en Comunicaci\u00f3n Social.<\/p>\n","protected":false},"excerpt":{"rendered":"<p>Durante las primeras semanas del mes de mayo, la Dra. Ana Silva -integrante del Departamento de Historia y Teor\u00eda del Arte, investigadora del Centro de Estudios de Teatro, Educaci\u00f3n y Consumos Culturales (TECC), docente de la carrera Realizaci\u00f3n Integral en Artes Audiovisuales y directora de la Maestr\u00eda en Arte y Sociedad en Latinoam\u00e9rica de la Facultad de Arte&#8211; visit\u00f3 la [&hellip;]<\/p>\n","protected":false},"author":1,"featured_media":4549,"comment_status":"open","ping_status":"open","sticky":false,"template":"","format":"standard","meta":{"_acf_changed":false,"footnotes":""},"categories":[1],"tags":[214,290,215],"class_list":["post-4545","post","type-post","status-publish","format-standard","has-post-thumbnail","hentry","category-novedades","tag-cdab","tag-donacion","tag-facultad-de-arte"],"acf":[],"_links":{"self":[{"href":"https:\/\/www.arte.unicen.edu.ar\/cdab\/wp-json\/wp\/v2\/posts\/4545","targetHints":{"allow":["GET"]}}],"collection":[{"href":"https:\/\/www.arte.unicen.edu.ar\/cdab\/wp-json\/wp\/v2\/posts"}],"about":[{"href":"https:\/\/www.arte.unicen.edu.ar\/cdab\/wp-json\/wp\/v2\/types\/post"}],"author":[{"embeddable":true,"href":"https:\/\/www.arte.unicen.edu.ar\/cdab\/wp-json\/wp\/v2\/users\/1"}],"replies":[{"embeddable":true,"href":"https:\/\/www.arte.unicen.edu.ar\/cdab\/wp-json\/wp\/v2\/comments?post=4545"}],"version-history":[{"count":2,"href":"https:\/\/www.arte.unicen.edu.ar\/cdab\/wp-json\/wp\/v2\/posts\/4545\/revisions"}],"predecessor-version":[{"id":7874,"href":"https:\/\/www.arte.unicen.edu.ar\/cdab\/wp-json\/wp\/v2\/posts\/4545\/revisions\/7874"}],"wp:featuredmedia":[{"embeddable":true,"href":"https:\/\/www.arte.unicen.edu.ar\/cdab\/wp-json\/wp\/v2\/media\/4549"}],"wp:attachment":[{"href":"https:\/\/www.arte.unicen.edu.ar\/cdab\/wp-json\/wp\/v2\/media?parent=4545"}],"wp:term":[{"taxonomy":"category","embeddable":true,"href":"https:\/\/www.arte.unicen.edu.ar\/cdab\/wp-json\/wp\/v2\/categories?post=4545"},{"taxonomy":"post_tag","embeddable":true,"href":"https:\/\/www.arte.unicen.edu.ar\/cdab\/wp-json\/wp\/v2\/tags?post=4545"}],"curies":[{"name":"wp","href":"https:\/\/api.w.org\/{rel}","templated":true}]}}