{"id":4492,"date":"2018-05-18T12:18:03","date_gmt":"2018-05-18T15:18:03","guid":{"rendered":"http:\/\/www.arte.unicen.edu.ar\/cdab\/?p=4492"},"modified":"2019-02-11T21:46:37","modified_gmt":"2019-02-12T00:46:37","slug":"nuevo-horario-de-atencion-al-publico","status":"publish","type":"post","link":"https:\/\/www.arte.unicen.edu.ar\/cdab\/nuevo-horario-de-atencion-al-publico\/","title":{"rendered":"Nuevo horario de atenci\u00f3n al p\u00fablico"},"content":{"rendered":"<p>El <strong>Centro de Documentaci\u00f3n Audiovisual y Biblioteca (CDAB)<\/strong> informa a toda la comunidad educativa de la <a href=\"http:\/\/www.arte.unicen.edu.ar\" target=\"_blank\" rel=\"nofollow noopener noreferrer\">Facultad de Arte<\/a> y al p\u00fablico en general que a partir del d\u00eda <strong>lunes 21 de mayo<\/strong> modificar\u00e1 el horario de atenci\u00f3n al p\u00fablico.<\/p>\n<p>Desde la pr\u00f3xima semana, los alumnos, graduados, docentes e investigadores de la Facultad, la Universidad y otras instituciones acad\u00e9micas podr\u00e1n consultar el material disponible en nuestro acervo documental los d\u00edas <strong>lunes y mi\u00e9rcoles<\/strong> en el horario de <strong>9 a 18.30 hs.<\/strong>, los <strong>martes y jueves<\/strong> de <strong>9 a 17.30 hs.<\/strong> y los <strong>viernes<\/strong> de <strong>8 a 15 hs.<\/strong><\/p>\n<p>El cat\u00e1logo del <strong>CDAB<\/strong> est\u00e1 compuesto por:<\/p>\n<ul>\n<li><strong>material bibliogr\u00e1fico<\/strong> de teatro, cine y arte en general;<\/li>\n<li><strong>registros f\u00edlmicos<\/strong> que incluyen producciones audiovisuales nacionales e internacionales, trabajos de alumnos de la carrera de <a href=\"http:\/\/www.arte.unicen.edu.ar\/carreras\/grado\/riaa\/perfil-del-egresado\/\" target=\"_blank\" rel=\"nofollow noopener noreferrer\">Realizaci\u00f3n Integral en Artes Audiovisuales<\/a>, puestas en escena de obras teatrales producidas en el marco de la carrera de <a href=\"http:\/\/www.arte.unicen.edu.ar\/carreras\/grado\/licenciado-en-teatro\/perfil-del-egresado\/\" target=\"_blank\" rel=\"nofollow noopener noreferrer\">Teatro<\/a>, filmaciones de reuniones cient\u00edficas, congresos, conferencias, entrevistas art\u00edsticas y producciones teatrales for\u00e1neas;<\/li>\n<li><strong>fotograf\u00edas<\/strong> de inter\u00e9s institucional;<\/li>\n<li><strong>afiches<\/strong>, programas y volantes de eventos y encuentros promovidos por la Facultad;<\/li>\n<li><strong>registros sonoros<\/strong>;<\/li>\n<li><strong>documentos de investigaci\u00f3n<\/strong> y publicaciones de grupos\/departamentos de investigaci\u00f3n;<\/li>\n<li><strong>archivo de prensa<\/strong> conformado por entrevistas, gacetillas y cr\u00edticas period\u00edsticas de obras teatrales;<\/li>\n<li><strong>tesinas y tesis<\/strong> de grado y posgrado, entre otro material de inter\u00e9s art\u00edstico, acad\u00e9mico y\/o institucional.<\/li>\n<\/ul>\n<p>Una vez m\u00e1s hacemos extensiva la invitaci\u00f3n a nuestro espacio ubicado en la calle <strong>Gral. Pinto 399 (3\u00ba piso, oficina 336)<\/strong> y recordamos que en caso de que desee contactarnos Ud. puede comunicarse telef\u00f3nicamente al <strong>+54 (0249) 444 0631 \u2013 Int. 301<\/strong> o por correo electr\u00f3nico a <a href=\"mailto:cdab @ arte.unicen.edu.ar\">cdab@arte.unicen.edu.ar<\/a><\/p>\n<p><img loading=\"lazy\" decoding=\"async\" class=\"alignnone size-full wp-image-4513 aligncenter\" src=\"http:\/\/www.arte.unicen.edu.ar\/cdab\/wp-content\/uploads\/2018\/05\/promo-horarios-cdab.png\" alt=\"\" width=\"900\" height=\"506\" srcset=\"https:\/\/www.arte.unicen.edu.ar\/cdab\/wp-content\/uploads\/2018\/05\/promo-horarios-cdab.png 900w, https:\/\/www.arte.unicen.edu.ar\/cdab\/wp-content\/uploads\/2018\/05\/promo-horarios-cdab-600x337.png 600w, https:\/\/www.arte.unicen.edu.ar\/cdab\/wp-content\/uploads\/2018\/05\/promo-horarios-cdab-768x432.png 768w, https:\/\/www.arte.unicen.edu.ar\/cdab\/wp-content\/uploads\/2018\/05\/promo-horarios-cdab-300x169.png 300w\" sizes=\"auto, (max-width: 900px) 100vw, 900px\" \/><\/p>\n","protected":false},"excerpt":{"rendered":"<p>El Centro de Documentaci\u00f3n Audiovisual y Biblioteca (CDAB) informa a toda la comunidad educativa de la Facultad de Arte y al p\u00fablico en general que a partir del d\u00eda lunes 21 de mayo modificar\u00e1 el horario de atenci\u00f3n al p\u00fablico. Desde la pr\u00f3xima semana, los alumnos, graduados, docentes e investigadores de la Facultad, la Universidad y otras instituciones acad\u00e9micas podr\u00e1n [&hellip;]<\/p>\n","protected":false},"author":1,"featured_media":4511,"comment_status":"open","ping_status":"open","sticky":false,"template":"","format":"standard","meta":{"_acf_changed":false,"footnotes":""},"categories":[1],"tags":[214,215],"class_list":["post-4492","post","type-post","status-publish","format-standard","has-post-thumbnail","hentry","category-novedades","tag-cdab","tag-facultad-de-arte"],"acf":[],"_links":{"self":[{"href":"https:\/\/www.arte.unicen.edu.ar\/cdab\/wp-json\/wp\/v2\/posts\/4492","targetHints":{"allow":["GET"]}}],"collection":[{"href":"https:\/\/www.arte.unicen.edu.ar\/cdab\/wp-json\/wp\/v2\/posts"}],"about":[{"href":"https:\/\/www.arte.unicen.edu.ar\/cdab\/wp-json\/wp\/v2\/types\/post"}],"author":[{"embeddable":true,"href":"https:\/\/www.arte.unicen.edu.ar\/cdab\/wp-json\/wp\/v2\/users\/1"}],"replies":[{"embeddable":true,"href":"https:\/\/www.arte.unicen.edu.ar\/cdab\/wp-json\/wp\/v2\/comments?post=4492"}],"version-history":[{"count":3,"href":"https:\/\/www.arte.unicen.edu.ar\/cdab\/wp-json\/wp\/v2\/posts\/4492\/revisions"}],"predecessor-version":[{"id":4495,"href":"https:\/\/www.arte.unicen.edu.ar\/cdab\/wp-json\/wp\/v2\/posts\/4492\/revisions\/4495"}],"wp:featuredmedia":[{"embeddable":true,"href":"https:\/\/www.arte.unicen.edu.ar\/cdab\/wp-json\/wp\/v2\/media\/4511"}],"wp:attachment":[{"href":"https:\/\/www.arte.unicen.edu.ar\/cdab\/wp-json\/wp\/v2\/media?parent=4492"}],"wp:term":[{"taxonomy":"category","embeddable":true,"href":"https:\/\/www.arte.unicen.edu.ar\/cdab\/wp-json\/wp\/v2\/categories?post=4492"},{"taxonomy":"post_tag","embeddable":true,"href":"https:\/\/www.arte.unicen.edu.ar\/cdab\/wp-json\/wp\/v2\/tags?post=4492"}],"curies":[{"name":"wp","href":"https:\/\/api.w.org\/{rel}","templated":true}]}}