{"id":4259,"date":"2018-04-26T13:16:04","date_gmt":"2018-04-26T16:16:04","guid":{"rendered":"http:\/\/www.arte.unicen.edu.ar\/cdab\/?p=4259"},"modified":"2018-09-20T15:10:20","modified_gmt":"2018-09-20T18:10:20","slug":"redihum-fototeca-fch-unicen-donaron-registros-de-la-etapa-pre-fundacional-de-la-facultad-de-arte","status":"publish","type":"post","link":"https:\/\/www.arte.unicen.edu.ar\/cdab\/redihum-fototeca-fch-unicen-donaron-registros-de-la-etapa-pre-fundacional-de-la-facultad-de-arte\/","title":{"rendered":"El ReDiHum y la Fototeca de la FCH-UNICEN donaron registros fotogr\u00e1ficos de la etapa pre-fundacional de la Facultad de Arte (EST)"},"content":{"rendered":"<p>Luciano di Salvo y Florencia Ram\u00f3n, en representaci\u00f3n del <a href=\"http:\/\/dspace.fch.unicen.edu.ar\/xmlui\" target=\"_blank\" rel=\"nofollow noopener noreferrer\">Repositorio Digital de la Facultad de Ciencias Humanas (ReDiHum)<\/a> y la <a href=\"http:\/\/www.facebook.com\/Fototeca-Digital-de-Ciencias-Humanas-181517792036589\" target=\"_blank\" rel=\"nofollow noopener noreferrer\">Fototeca Digital de la Facultad de Ciencias Humanas (FCH-UNICEN)<\/a>, cedieron al <strong>Centro de Documentaci\u00f3n Audiovisual y Biblioteca (CDAB)<\/strong> de la <a href=\"http:\/\/www.arte.unicen.edu.ar\" target=\"_blank\" rel=\"nofollow noopener noreferrer\">Facultad de Arte<\/a> una serie de registros fotogr\u00e1ficos de antecedentes pre-fundacionales de la <strong>Escuela Superior de Teatro<\/strong> que, el 28 de noviembre de 2002, fue reconocida como Facultad por la Honorable Asamblea Universitaria.<\/p>\n<p>Dichas fotograf\u00edas forman parte del Fondo Fotogr\u00e1fico Guillermo Cisneros y corresponden a la Agrupaci\u00f3n Prepucio (diciembre 1986), una puesta en escena (posiblemente la obra teatral <em>La llave<\/em> de Humberto Costantini) con direcci\u00f3n de Juan Carlos Catalano y actuaci\u00f3n de Gladys Carnevale (Aula Magna del edificio de Rectorado de la UNICEN, 1986) y la presentaci\u00f3n de la obra teatral <em>Los Segundones<\/em> (1 de febrero de 1991).<\/p>\n<p>De esta manera, el <strong>CDAB<\/strong> contin\u00faa trabajando de forma conjunta y articulada con otras instituciones y organismos a nivel local y nacional en tareas de resguardo, preservaci\u00f3n, documentaci\u00f3n y digitalizaci\u00f3n del patrimonio cultural y art\u00edstico de la regi\u00f3n.<\/p>\n<table style=\"width: 100%; margin: 10px auto 25px; text-align: center; border-collapse: collapse; border-spacing: 0;\">\n<tbody>\n<tr>\n<td style=\"padding: 0px 10px 0px 10px;\"><a href=\"http:\/\/www.arte.unicen.edu.ar\/cdab\/wp-content\/uploads\/2018\/04\/donacion-redihum-1.png\" data-fancybox=\"gallery\" data-caption=\"El ReDiHum y la Fototeca de la FCH-UNICEN donaron registros fotogr\u00e1ficos de la etapa pre-fundacional de la Facultad de Arte (EST)\"><img loading=\"lazy\" decoding=\"async\" class=\"alignnone size-medium wp-image-4260\" src=\"http:\/\/www.arte.unicen.edu.ar\/cdab\/wp-content\/uploads\/2018\/04\/donacion-redihum-1-600x387.png\" alt=\"\" width=\"270\" height=\"181\" \/><\/a><\/td>\n<td style=\"padding: 0px 10px 0px 10px;\"><a href=\"http:\/\/www.arte.unicen.edu.ar\/cdab\/wp-content\/uploads\/2018\/04\/donacion-redihum-2.png\" data-fancybox=\"gallery\" data-caption=\"El ReDiHum y la Fototeca de la FCH-UNICEN donaron registros fotogr\u00e1ficos de la etapa pre-fundacional de la Facultad de Arte (EST)\"><img loading=\"lazy\" decoding=\"async\" class=\"alignnone size-medium wp-image-4261\" src=\"http:\/\/www.arte.unicen.edu.ar\/cdab\/wp-content\/uploads\/2018\/04\/donacion-redihum-2-600x387.png\" alt=\"\" width=\"270\" height=\"181\" \/><\/a><\/td>\n<td style=\"padding: 0px 10px 0px 10px;\"><a href=\"http:\/\/www.arte.unicen.edu.ar\/cdab\/wp-content\/uploads\/2018\/04\/donacion-redihum-3.png\" data-fancybox=\"gallery\" data-caption=\"El ReDiHum y la Fototeca de la FCH-UNICEN donaron registros fotogr\u00e1ficos de la etapa pre-fundacional de la Facultad de Arte (EST)\"><img loading=\"lazy\" decoding=\"async\" class=\"alignnone size-medium wp-image-4262\" src=\"http:\/\/www.arte.unicen.edu.ar\/cdab\/wp-content\/uploads\/2018\/04\/donacion-redihum-3-600x387.png\" alt=\"\" width=\"270\" height=\"181\" \/><\/a><\/td>\n<td style=\"padding: 0px 10px 0px 10px;\"><a href=\"http:\/\/www.arte.unicen.edu.ar\/cdab\/wp-content\/uploads\/2018\/04\/donacion-redihum-4.png\" data-fancybox=\"gallery\" data-caption=\"El ReDiHum y la Fototeca de la FCH-UNICEN donaron registros fotogr\u00e1ficos de la etapa pre-fundacional de la Facultad de Arte (EST)\"><img loading=\"lazy\" decoding=\"async\" class=\"alignnone size-medium wp-image-4263\" src=\"http:\/\/www.arte.unicen.edu.ar\/cdab\/wp-content\/uploads\/2018\/04\/donacion-redihum-4-600x387.png\" alt=\"\" width=\"270\" height=\"181\" \/><\/a><\/td>\n<\/tr>\n<tr>\n<td style=\"padding: 10px 0px 0px 0px; margin: 0; font-size: 12px;\" colspan=\"4\"><i>Algunas de las fotograf\u00edas cedidas por <strong>ReDiHum<\/strong> \u2013 <strong>Fototeca Digital FCH-UNICEN<\/strong>.<\/i><\/td>\n<\/tr>\n<\/tbody>\n<\/table>\n<p>El material se encuentra disponible para consulta de alumnos, graduados, investigadores y docentes en nuestras instalaciones ubicadas en <strong>Gral. Pinto 399 (3\u00ba piso, Oficina 336)<\/strong> de lunes a viernes en el horario de <strong>9 a 17 hs.<\/strong><\/p>\n<h3>Acerca del Repositorio Digital de la Facultad de Ciencias Humanas (ReDiHum)<\/h3>\n<p><img loading=\"lazy\" decoding=\"async\" class=\"alignleft size-full wp-image-4274\" style=\"border: 0px; border-radius: 200px;\" src=\"http:\/\/www.arte.unicen.edu.ar\/cdab\/wp-content\/uploads\/2018\/04\/redihum-fch.jpg\" alt=\"\" width=\"200\" height=\"200\" srcset=\"https:\/\/www.arte.unicen.edu.ar\/cdab\/wp-content\/uploads\/2018\/04\/redihum-fch.jpg 200w, https:\/\/www.arte.unicen.edu.ar\/cdab\/wp-content\/uploads\/2018\/04\/redihum-fch-100x100.jpg 100w\" sizes=\"auto, (max-width: 200px) 100vw, 200px\" \/>El <a href=\"http:\/\/dspace.fch.unicen.edu.ar\/xmlui\" target=\"_blank\" rel=\"nofollow noopener noreferrer\">Repositorio Digital de la Facultad de Ciencias Humanas (ReDiHum)<\/a> es una plataforma que pone en l\u00ednea la producci\u00f3n acad\u00e9mica de la instituci\u00f3n, colecciones de fuentes primarias y bases de datos cuantitativos y cualitativos. Este repositorio es parte constitutiva de la <strong>Plataforma Interactiva de Investigaci\u00f3n para las Ciencias Sociales (PLIICS)<\/strong> del <a href=\"http:\/\/www.conicet.gov.ar\" target=\"_blank\" rel=\"nofollow noopener noreferrer\">Consejo Nacional de Investigaciones Cient\u00edficas y T\u00e9cnicas (CONICET)<\/a>.<\/p>\n<p>Visite el sitio web oficial en: <a href=\"http:\/\/dspace.fch.unicen.edu.ar\/xmlui\" target=\"_blank\" rel=\"nofollow noopener noreferrer\">www.dspace.fch.unicen.edu.ar\/xmlui<\/a><\/p>\n<p>&nbsp;<\/p>\n<p>&nbsp;<\/p>\n<h3>Acerca de la Fototeca Digital de la Facultad de Ciencias Humanas<\/h3>\n<p><img loading=\"lazy\" decoding=\"async\" class=\"alignleft size-full wp-image-4273\" style=\"border: 0px; border-radius: 200px;\" src=\"http:\/\/www.arte.unicen.edu.ar\/cdab\/wp-content\/uploads\/2018\/04\/fototeca-fch.jpg\" alt=\"\" width=\"200\" height=\"200\" srcset=\"https:\/\/www.arte.unicen.edu.ar\/cdab\/wp-content\/uploads\/2018\/04\/fototeca-fch.jpg 200w, https:\/\/www.arte.unicen.edu.ar\/cdab\/wp-content\/uploads\/2018\/04\/fototeca-fch-100x100.jpg 100w\" sizes=\"auto, (max-width: 200px) 100vw, 200px\" \/>La <a href=\"http:\/\/www.facebook.com\/Fototeca-Digital-de-Ciencias-Humanas-181517792036589\" target=\"_blank\" rel=\"nofollow noopener noreferrer\">Fototeca Digital de la Facultad de Ciencias Humanas<\/a> es parte del Programa Institucional\u00a0Archivo Hist\u00f3rico Digital Comunitario que tiene como prop\u00f3sito fundamental construir una Fototeca en formato digital a partir un archivo de im\u00e1genes que reconstruya la historia social de Tandil y la regi\u00f3n. Tradicionalmente la producci\u00f3n historiogr\u00e1fica se ha valido de fuentes escritas. En los \u00faltimos tiempos -en cambio- se han puesto en valor una serie de otros documentos como fuente de construcci\u00f3n del conocimiento hist\u00f3rico y social. Entre ellos se destaca la fotograf\u00eda, en tanto permite acercarse a las formas en que lo social ha quedado registrado en la memoria. En este sentido, la Fototeca permitir\u00eda la preservaci\u00f3n de materiales fotogr\u00e1ficos con soportes distintos de los originales, a partir de la participaci\u00f3n y colaboraci\u00f3n de particulares, familias, empresas, e instituciones varias que ceden sus fotograf\u00edas para su la digitalizaci\u00f3n, inventariado y archivado.<\/p>\n<p>Visite la fanpage oficial en: <a href=\"http:\/\/www.facebook.com\/Fototeca-Digital-de-Ciencias-Humanas-181517792036589\" target=\"_blank\" rel=\"nofollow noopener noreferrer\">www.facebook.com\/Fototeca-Digital-de-Ciencias-Humanas-181517792036589<\/a><\/p>\n","protected":false},"excerpt":{"rendered":"<p>Luciano di Salvo y Florencia Ram\u00f3n, en representaci\u00f3n del Repositorio Digital de la Facultad de Ciencias Humanas (ReDiHum) y la Fototeca Digital de la Facultad de Ciencias Humanas (FCH-UNICEN), cedieron al Centro de Documentaci\u00f3n Audiovisual y Biblioteca (CDAB) de la Facultad de Arte una serie de registros fotogr\u00e1ficos de antecedentes pre-fundacionales de la Escuela Superior de Teatro que, el 28 [&hellip;]<\/p>\n","protected":false},"author":1,"featured_media":4279,"comment_status":"open","ping_status":"open","sticky":false,"template":"","format":"standard","meta":{"_acf_changed":false,"footnotes":""},"categories":[1],"tags":[214,290,215,304,294],"class_list":["post-4259","post","type-post","status-publish","format-standard","has-post-thumbnail","hentry","category-novedades","tag-cdab","tag-donacion","tag-facultad-de-arte","tag-facultad-de-ciencias-humanas","tag-unicen"],"acf":[],"_links":{"self":[{"href":"https:\/\/www.arte.unicen.edu.ar\/cdab\/wp-json\/wp\/v2\/posts\/4259","targetHints":{"allow":["GET"]}}],"collection":[{"href":"https:\/\/www.arte.unicen.edu.ar\/cdab\/wp-json\/wp\/v2\/posts"}],"about":[{"href":"https:\/\/www.arte.unicen.edu.ar\/cdab\/wp-json\/wp\/v2\/types\/post"}],"author":[{"embeddable":true,"href":"https:\/\/www.arte.unicen.edu.ar\/cdab\/wp-json\/wp\/v2\/users\/1"}],"replies":[{"embeddable":true,"href":"https:\/\/www.arte.unicen.edu.ar\/cdab\/wp-json\/wp\/v2\/comments?post=4259"}],"version-history":[{"count":3,"href":"https:\/\/www.arte.unicen.edu.ar\/cdab\/wp-json\/wp\/v2\/posts\/4259\/revisions"}],"predecessor-version":[{"id":4394,"href":"https:\/\/www.arte.unicen.edu.ar\/cdab\/wp-json\/wp\/v2\/posts\/4259\/revisions\/4394"}],"wp:featuredmedia":[{"embeddable":true,"href":"https:\/\/www.arte.unicen.edu.ar\/cdab\/wp-json\/wp\/v2\/media\/4279"}],"wp:attachment":[{"href":"https:\/\/www.arte.unicen.edu.ar\/cdab\/wp-json\/wp\/v2\/media?parent=4259"}],"wp:term":[{"taxonomy":"category","embeddable":true,"href":"https:\/\/www.arte.unicen.edu.ar\/cdab\/wp-json\/wp\/v2\/categories?post=4259"},{"taxonomy":"post_tag","embeddable":true,"href":"https:\/\/www.arte.unicen.edu.ar\/cdab\/wp-json\/wp\/v2\/tags?post=4259"}],"curies":[{"name":"wp","href":"https:\/\/api.w.org\/{rel}","templated":true}]}}