{"id":4067,"date":"2018-04-09T09:49:32","date_gmt":"2018-04-09T12:49:32","guid":{"rendered":"http:\/\/www.arte.unicen.edu.ar\/cdab\/?p=4067"},"modified":"2018-09-20T15:09:21","modified_gmt":"2018-09-20T18:09:21","slug":"el-cdab-recibio-una-importante-donacion-de-las-dras-leonor-arfuch-y-maria-stegmayer","status":"publish","type":"post","link":"https:\/\/www.arte.unicen.edu.ar\/cdab\/el-cdab-recibio-una-importante-donacion-de-las-dras-leonor-arfuch-y-maria-stegmayer\/","title":{"rendered":"El CDAB recibi\u00f3 una importante donaci\u00f3n de las Dras. Leonor Arfuch y Mar\u00eda Stegmayer"},"content":{"rendered":"<p>En el marco de la presentaci\u00f3n de la <a href=\"http:\/\/www.arte.unicen.edu.ar\/carreras\/posgrado\/maestria-en-arte-y-sociedad\/\" target=\"_blank\" rel=\"noopener noreferrer\">Maestr\u00eda en Arte y Sociedad en Latinoam\u00e9rica<\/a>, que se llevar\u00e1 a cabo hoy a las 16 hs. en el Aula Magna de la <a href=\"http:\/\/www.unicen.edu.ar\" target=\"_blank\" rel=\"noopener noreferrer\">Universidad Nacional del Centro de la Provincia de Buenos Aires<\/a> <strong>(Gral. Pinto 399)<\/strong>, la <a href=\"http:\/\/www.arte.unicen.edu.ar\" target=\"_blank\" rel=\"noopener noreferrer\">Facultad de Arte<\/a> recibe a las <strong>Dras. Leonor Arfuch<\/strong> y <strong>Mar\u00eda Stegmayer<\/strong>.<\/p>\n<p>La conferencia inaugural <em>Arte, memoria, experiencia. Miradas desde Am\u00e9rica Latina<\/em> a cargo de la Dra. Arfuch, ser\u00e1 la \u00fanica actividad de la jornada y la antesala a <em>Zonas de inquietud: subjetividad, memoria y narrativas en Am\u00e9rica Latina<\/em>, el primer seminario de esta nueva oferta acad\u00e9mica de posgrado dictado por las Dras. Arfuch y Stegmayer, el cual continuar\u00e1 este martes 10 de abril a las 9 hs. en el Consejo Acad\u00e9mico de la <a href=\"http:\/\/www.arte.unicen.edu.ar\" target=\"_blank\" rel=\"noopener noreferrer\">Facultad de Arte<\/a>.<\/p>\n<p>La <a href=\"http:\/\/www.arte.unicen.edu.ar\/carreras\/posgrado\/maestria-en-arte-y-sociedad\/\" target=\"_blank\" rel=\"noopener noreferrer\">Maestr\u00eda en Arte y Sociedad en Latinoam\u00e9rica<\/a> tiene como objetivo brindar una formaci\u00f3n que permita la producci\u00f3n y la reflexi\u00f3n sobre el campo art\u00edstico en vinculaci\u00f3n con los procesos sociales de Latinoam\u00e9rica. El plan de estudios contempla un conjunto de seminarios de formaci\u00f3n te\u00f3rica y metodol\u00f3gica b\u00e1sica y otros en los que se abordar\u00e1n articulaciones y problem\u00e1ticas espec\u00edficas. A\u00f1ade, adem\u00e1s, la posibilidad de cursar seminarios optativos de acuerdo con los intereses de investigaci\u00f3n y profesionales de los maestrandos.<\/p>\n<p>Adem\u00e1s de contar con su valiosa presencia, las Dras. Arfuch y Stegmayer realizaron una generosa e importante donaci\u00f3n de material bibliogr\u00e1fico al <strong>Centro de Documentaci\u00f3n Audiovisual y Biblioteca (CDAB)<\/strong> de la <a href=\"http:\/\/www.arte.unicen.edu.ar\" target=\"_blank\" rel=\"noopener noreferrer\">Facultad de Arte<\/a>. En consecuencia, se incorporan los siguientes t\u00edtulos a nuestro cat\u00e1logo:<\/p>\n<ul>\n<li><em><strong>Notas visuales. Fronteras entre imagen y escritura<\/strong><\/em> editado por Paula Honorato, Francisca Lange y Ana Mar\u00eda Risco.<\/li>\n<li><em><strong>Ensayos sobre artes visuales. Pr\u00e1cticas y discursos de los a\u00f1os &#8217;70 y &#8217;80 en Chile<\/strong><\/em> de Fernanda Carvajal, Mar\u00eda Jos\u00e9 Delpiano y Carla Macchiavello.<\/li>\n<li><em><strong>Ensayos sobre artes visuales. Pr\u00e1cticas y discursos de los a\u00f1os &#8217;70 y &#8217;80 en Chile. Volumen II<\/strong><\/em> de Felipe Baeza, Jos\u00e9 Parra, Amalia Cross y Francisco Godoy Vega.<\/li>\n<li><em><strong>Ensayos sobre artes visuales. Pr\u00e1cticas y discursos de los a\u00f1os &#8217;70 y &#8217;80 en Chile. Volumen III<\/strong><\/em> de Katherine \u00c1valos Parra, Lucy Quezada Y\u00e1\u00f1ez, Sophie Halart, Marcela Ilabaca Zamorano y Mara Polgovsky Ezcurra.<\/li>\n<li><em><strong>Pret\u00e9rito imperfecto. Lecturas cr\u00edticas del acontecer<\/strong><\/em> compilado por Leonor Arfuch y Gisela Catanzaro.<\/li>\n<li><em><strong>Fronteras, memorias, artes y archivos<\/strong><\/em> compilado por Fran\u00e7ois Soulages y Alejandro Erbetta.<\/li>\n<li><em><strong>Memoria y autobiograf\u00eda. Exploraciones en los l\u00edmites<\/strong><\/em> de Leonor Arfuch.<\/li>\n<li><em><strong>Teatro y est\u00e9tica comunitaria. Miradas desde la filosof\u00eda y la pol\u00edtica<\/strong><\/em> de Lola Proa\u00f1o G\u00f3mez.<\/li>\n<li><em><strong>Pensar este tiempo. Espacios, afectos, pertenencias<\/strong><\/em> compilado por Leonor Arfuch.<\/li>\n<li><em><strong>Identidades, sujetos, subjetividades<\/strong><\/em> compilado por Leonor Arfuch.<\/li>\n<li><em><strong>Visualidades sin fin. Imagen y dise\u00f1o en la sociedad global<\/strong><\/em> compilado por Leonor Arfuch y Ver\u00f3nica Devalle.<\/li>\n<li><em><strong>Escuelas de Arte, Campo Universitario y Formaci\u00f3n Art\u00edstica<\/strong><\/em> editado por Carolina Herrera \u00c1guila y Nelly Richard.<\/li>\n<\/ul>\n<table style=\"margin: 35px auto;\">\n<tbody>\n<tr>\n<td style=\"padding-right: 35px;\"><a href=\"http:\/\/www.arte.unicen.edu.ar\/cdab\/wp-content\/uploads\/2018\/04\/donacion-arfuch-libros1.jpg\" data-fancybox=\"gallery\" data-caption=\"El CDAB recibi\u00f3 una importante donaci\u00f3n de las Dras. Leonor Arfuch y Mar\u00eda Stegmayer\"><img loading=\"lazy\" decoding=\"async\" class=\"alignnone size-medium wp-image-4084\" src=\"http:\/\/www.arte.unicen.edu.ar\/cdab\/wp-content\/uploads\/2018\/04\/donacion-arfuch-libros1-600x398.jpg\" alt=\"\" width=\"400\" height=\"265\" \/><\/a><\/td>\n<td style=\"padding-left: 35px;\"><a href=\"http:\/\/www.arte.unicen.edu.ar\/cdab\/wp-content\/uploads\/2018\/04\/donacion-arfuch-libros2.jpg\" data-fancybox=\"gallery\" data-caption=\"El CDAB recibi\u00f3 una importante donaci\u00f3n de las Dras. Leonor Arfuch y Mar\u00eda Stegmayer\"><img loading=\"lazy\" decoding=\"async\" class=\"alignnone size-medium wp-image-4097\" src=\"http:\/\/www.arte.unicen.edu.ar\/cdab\/wp-content\/uploads\/2018\/04\/donacion-arfuch-libros2-600x398.jpg\" alt=\"\" width=\"400\" height=\"265\" \/><\/a><\/td>\n<\/tr>\n<tr>\n<td style=\"text-align: center; padding-top: 20px; font-size: 12px; font-style: italic;\" colspan=\"2\"><u>Fotograf\u00edas:<\/u> Claudia Speranza.<\/td>\n<\/tr>\n<\/tbody>\n<\/table>\n<p>Desde el <strong>CDAB<\/strong> hacemos propicia la ocasi\u00f3n para invitar a todos los alumnos y docentes de posgrado de la <a href=\"http:\/\/www.arte.unicen.edu.ar\" target=\"_blank\" rel=\"noopener noreferrer\">Facultad de Arte<\/a> y a toda la comunidad de la instituci\u00f3n a consultar este material bibliogr\u00e1fico visitando nuestras instalaciones ubicadas en <strong>Gral. Pinto 399 (3\u00ba piso, Oficina 336)<\/strong> de lunes a viernes en el horario de <strong>9 a 17 hs.<\/strong><\/p>\n<h3>Acerca de&#8230;<\/h3>\n<p><strong><img loading=\"lazy\" decoding=\"async\" class=\"alignleft size-full wp-image-4069\" style=\"border: 0px; border-radius: 200px;\" src=\"http:\/\/www.arte.unicen.edu.ar\/cdab\/wp-content\/uploads\/2018\/04\/leonor-arfuch.png\" alt=\"\" width=\"200\" height=\"200\" \/>Leonor Arfuch<\/strong> es Doctora en Letras por la Universidad de Buenos Aires y profesora e investigadora de la misma universidad. Ha sido profesora invitada de la Universidad de Essex, de la Universidad Nacional Aut\u00f3noma de M\u00e9xico, de la Universidad Aut\u00f3noma Metropolitana y de varias universidades argentinas y latinoamericanas. En 1998 obtuvo la Beca Thalmann, de la Universidad de Buenos Aires, en 2004 el British Academy Professorship Award y en 2007 la Beca Guggenheim.<\/p>\n<p>Es autora de <em>El espacio biogr\u00e1fico. Dilemas de la subjetividad contempor\u00e1nea<\/em> (2002); <em>La entrevista, una invenci\u00f3n dial\u00f3gica, 2da. edici\u00f3n<\/em> (2010), <em>Cr\u00edtica cultural entre pol\u00edtica y po\u00e9tica<\/em> (2008), y compiladora de: <em>Pensar este tiempo<\/em> (2005); <em>Identidades, sujetos y subjetividades<\/em> (2002), <em>Pret\u00e9rito Imperfecto. Lecturas cr\u00edticas del acontecer<\/em> (2008), con Gisela Catanzaro; <em>Visualidades sin fin. Imagen y dise\u00f1o en la sociedad global<\/em> (2009) con Ver\u00f3nica Devalle. Ha publicado numerosos cap\u00edtulos de libros y art\u00edculos en revistas especializadas nacionales e internacionales. Recientemente public\u00f3 su libro <em>Memoria y autobiograf\u00eda. Exploraciones en los l\u00edmites<\/em> (2013).<\/p>\n<hr \/>\n<p><img loading=\"lazy\" decoding=\"async\" class=\"alignleft size-full wp-image-4077\" style=\"border: 0px; border-radius: 200px;\" src=\"http:\/\/www.arte.unicen.edu.ar\/cdab\/wp-content\/uploads\/2018\/04\/maria-stegmayer.png\" alt=\"\" width=\"200\" height=\"200\" srcset=\"https:\/\/www.arte.unicen.edu.ar\/cdab\/wp-content\/uploads\/2018\/04\/maria-stegmayer.png 200w, https:\/\/www.arte.unicen.edu.ar\/cdab\/wp-content\/uploads\/2018\/04\/maria-stegmayer-100x100.png 100w\" sizes=\"auto, (max-width: 200px) 100vw, 200px\" \/><strong>Mar\u00eda Stegmayer<\/strong> es Doctora en Ciencias Sociales por la Universidad de Buenos Aires. Su tesis de doctorado se titul\u00f3 <em>Zonas de inquietud. Poder, violencia y memoria en la literatura argentina contempor\u00e1nea (1995-2010)<\/em>. Es docente de las carreras de Sociolog\u00eda (UBA) y Dise\u00f1o Gr\u00e1fico (UBA). Fue becaria doctoral y posdoctoral del CONICET.<\/p>\n<p>Actualmente, es investigadora del Instituto Gino Germani (FSOC-UBA) donde prosigue las l\u00edneas de trabajo de su tesis doctoral en un corpus ampliado de literatura argentina y latinoamericana contempor\u00e1nea. Es autora de numerosos art\u00edculos publicados en revistas acad\u00e9micas nacionales e internacionales. Sus temas de investigaci\u00f3n abarcan la literatura argentina y latinoamericana, el an\u00e1lisis cultural, el postestructuralismo y teor\u00eda cr\u00edtica.<\/p>\n","protected":false},"excerpt":{"rendered":"<p>En el marco de la presentaci\u00f3n de la Maestr\u00eda en Arte y Sociedad en Latinoam\u00e9rica, que se llevar\u00e1 a cabo hoy a las 16 hs. en el Aula Magna de la Universidad Nacional del Centro de la Provincia de Buenos Aires (Gral. Pinto 399), la Facultad de Arte recibe a las Dras. Leonor Arfuch y Mar\u00eda Stegmayer. La conferencia inaugural [&hellip;]<\/p>\n","protected":false},"author":1,"featured_media":4128,"comment_status":"open","ping_status":"open","sticky":false,"template":"","format":"standard","meta":{"_acf_changed":false,"footnotes":""},"categories":[1],"tags":[214,290,215,219],"class_list":["post-4067","post","type-post","status-publish","format-standard","has-post-thumbnail","hentry","category-novedades","tag-cdab","tag-donacion","tag-facultad-de-arte","tag-maestria-en-arte-y-sociedad-en-latinoamerica"],"acf":[],"_links":{"self":[{"href":"https:\/\/www.arte.unicen.edu.ar\/cdab\/wp-json\/wp\/v2\/posts\/4067","targetHints":{"allow":["GET"]}}],"collection":[{"href":"https:\/\/www.arte.unicen.edu.ar\/cdab\/wp-json\/wp\/v2\/posts"}],"about":[{"href":"https:\/\/www.arte.unicen.edu.ar\/cdab\/wp-json\/wp\/v2\/types\/post"}],"author":[{"embeddable":true,"href":"https:\/\/www.arte.unicen.edu.ar\/cdab\/wp-json\/wp\/v2\/users\/1"}],"replies":[{"embeddable":true,"href":"https:\/\/www.arte.unicen.edu.ar\/cdab\/wp-json\/wp\/v2\/comments?post=4067"}],"version-history":[{"count":2,"href":"https:\/\/www.arte.unicen.edu.ar\/cdab\/wp-json\/wp\/v2\/posts\/4067\/revisions"}],"predecessor-version":[{"id":4129,"href":"https:\/\/www.arte.unicen.edu.ar\/cdab\/wp-json\/wp\/v2\/posts\/4067\/revisions\/4129"}],"wp:featuredmedia":[{"embeddable":true,"href":"https:\/\/www.arte.unicen.edu.ar\/cdab\/wp-json\/wp\/v2\/media\/4128"}],"wp:attachment":[{"href":"https:\/\/www.arte.unicen.edu.ar\/cdab\/wp-json\/wp\/v2\/media?parent=4067"}],"wp:term":[{"taxonomy":"category","embeddable":true,"href":"https:\/\/www.arte.unicen.edu.ar\/cdab\/wp-json\/wp\/v2\/categories?post=4067"},{"taxonomy":"post_tag","embeddable":true,"href":"https:\/\/www.arte.unicen.edu.ar\/cdab\/wp-json\/wp\/v2\/tags?post=4067"}],"curies":[{"name":"wp","href":"https:\/\/api.w.org\/{rel}","templated":true}]}}