{"id":4018,"date":"2018-04-05T13:38:33","date_gmt":"2018-04-05T16:38:33","guid":{"rendered":"http:\/\/www.arte.unicen.edu.ar\/cdab\/?p=4018"},"modified":"2018-09-20T15:08:57","modified_gmt":"2018-09-20T18:08:57","slug":"reconocimiento-a-un-pionero-del-cine-tandilense-el-cdab-crea-el-archivo-alberto-gauna","status":"publish","type":"post","link":"https:\/\/www.arte.unicen.edu.ar\/cdab\/reconocimiento-a-un-pionero-del-cine-tandilense-el-cdab-crea-el-archivo-alberto-gauna\/","title":{"rendered":"Reconocimiento a un pionero del cine tandilense. El CDAB crea el &#8220;Archivo Alberto Gauna&#8221;"},"content":{"rendered":"<p>El <strong>Centro de Documentaci\u00f3n Audiovisual y Biblioteca (CDAB)<\/strong> de la <a href=\"http:\/\/www.arte.unicen.edu.ar\" target=\"_blank\" rel=\"noopener noreferrer\">Facultad de Arte<\/a> de la <a href=\"http:\/\/www.unicen.edu.ar\" target=\"_blank\" rel=\"noopener noreferrer\">UNICEN<\/a> se complace en anunciar la creaci\u00f3n del <em><strong>Archivo Alberto Gauna<\/strong><\/em>, a partir de la valiosa donaci\u00f3n de quien es considerado pionero en el cine tandilense. Si bien Gauna reside en Espa\u00f1a desde el a\u00f1o 1977, es hijo de esta ciudad con la que mantiene un estrecho v\u00ednculo y a la cual le ha dedicado diversas producciones en las que ha rescatado distintas cuestiones de nuestra historia y nuestra cultura.<\/p>\n<p>Con el objeto de recuperar, preservar y poner en valor el recorrido art\u00edstico de quienes han\u00a0sido protagonistas de la historia teatral y cinematogr\u00e1fica de Tandil y de la <a href=\"http:\/\/www.arte.unicen.edu.ar\" target=\"_blank\" rel=\"noopener noreferrer\">Facultad de Arte<\/a>, en el a\u00f1o 1994 el <strong>CDAB<\/strong> comienza a gestar su <strong>Archivo Hist\u00f3rico<\/strong> como un reservorio de fuentes documentales en distintos formatos. De esta manera, el <em><strong>Archivo Alberto Gauna<\/strong><\/em>\u00a0se incorpora a los cuatro ya existentes &#8211;<em>Archivo Carlos Catalano<\/em>, <em>Archivo Enrique Ferrarese<\/em>, <em>Archivo Jos\u00e9 Mar\u00eda Guimet<\/em> y <em>Archivo Escuela Superior de Teatro\/Facultad de Arte<\/em>&#8211; e inicialmente est\u00e1 compuesto por los siguientes materiales:<\/p>\n<ul>\n<li>Copia remasterizada de <em>Cerro de Leones<\/em>. Primer mediometraje tandilense estrenado en el a\u00f1o 1975.<\/li>\n<li>200 fotogramas de <em>Cerro de Leones<\/em>.<\/li>\n<li>DVD del documental <em>Mal\u00f3n Blanco. Asesinatos en el Tandil 1872<\/em>.\u00a0Repasa las matanzas del 1\u00ba de enero de 1872 en Tandil, atribuidas al curandero Ger\u00f3nimo de Solan\u00e9. Estrenado en la sala del Espacio INCAA\u00a0&#8211; UNICEN el 2 de diciembre de 2017.<\/li>\n<li>Copia de su curr\u00edculum personal.<\/li>\n<li>DVD correspondiente al acto de reconocimiento a su trayectoria denominado <em>Cuarenta a\u00f1os de cine y un oc\u00e9ano de por medio<\/em>, realizado en la Sala Multimedial I de la <a href=\"http:\/\/www.arte.unicen.edu.ar\" target=\"_blank\" rel=\"noopener noreferrer\">Facultad de Arte<\/a> el 26 de noviembre 2013.<\/li>\n<\/ul>\n<p>Para m\u00e1s informaci\u00f3n acerca de los Archivos Hist\u00f3ricos del CDAB lo invitamos a descargar el listado de nuestro <a href=\"http:\/\/www.arte.unicen.edu.ar\/cdab\/wp-content\/uploads\/patrimonio-general-cdab.pdf\" target=\"_blank\" rel=\"noopener noreferrer\">patrimonio general<\/a> o visitarnos en <strong>Gral. Pinto 399 (Oficina 336)<\/strong> de <strong>lunes a viernes<\/strong> en el horario de <strong>9 a 17 hs.<\/strong> Tambi\u00e9n puede comunicarse telef\u00f3nicamente al <strong>+54 (0249) 444 0631 \u2013 Int. 301<\/strong> o por correo electr\u00f3nico a <a href=\"mailto:cdab@arte.unicen.edu.ar\">cdab@arte.unicen.edu.ar<\/a>.<\/p>\n<h3 style=\"font-weight: bold;\">Acerca de Alberto Gauna<\/h3>\n<div style=\"width: 100%; display: inline-block; padding: 20px 60px 10px 30px;\">\n<div style=\"max-width: 700px; font-style: italic; float: right;\">&#8220;Nac\u00ed en Tandil, provincia de Buenos Aires, Argentina. Dicho as\u00ed puede parecer cualquier lugar en el mundo, pero es para m\u00ed el mejor sitio del mundo, en mis recuerdos ahora con la perspectiva del tiempo es mi lugar m\u00e1gico, un sitio en donde uno tenia la sensaci\u00f3n de crecer y ser feliz a flor de piel.<br \/>\nMe refiero especialmente a la etapa de adolescencia, a la que coincid\u00eda con la \u00e9poca de la formaci\u00f3n secundaria, de esa \u00e9poca son mis mejores amigos mis mejores recuerdos, tambi\u00e9n coincide con el momento que Argentina y Latinoam\u00e9rica atravesaba, desde la escuela t\u00e9cnica hasta el cine club todo esa generaci\u00f3n marc\u00f3 el proyecto futuro de mi vida. De todas las inquietudes de los j\u00f3venes de entonces era leer los peri\u00f3dicos casi los desmenuz\u00e1bamos. Encontr\u00e9 en aquella sabana que era &#8220;La Naci\u00f3n&#8221; un articulito peque\u00f1o donde se convocaba a unas becas para estudiar cine en Buenos Aires, las solicit\u00e9, y con mi mayor sorpresa me la otorgaron. Fue como encontrar el camino que me llevaba a este tren de una buena estaci\u00f3n para entre otras formarme en algo que en Tandil de la \u00e9poca casi era una utop\u00eda.<br \/>\nAyudado y empujado por mi familia y amigos llegue a Buenos Aires para realizar el curso de cine y audiovisuales del Fondo Nacional de las Artes en aquel m\u00edtico 1971, creo que el destino y la suerte hicieron el resto, porque nos juntamos en aquel Buenos Aires de 1971, Buenos Aires de principio del 70 una cantidad de amigos y casi dir\u00eda yo una generaci\u00f3n maravillosa, fue la etapa no solo de la formaci\u00f3n sino del deslumbramiento. All\u00ed si que vi como era el pa\u00eds en donde viv\u00eda, el destino creo que hizo el resto comenc\u00e9 a trabajar en un laboratorio de revelado de material cinematogr\u00e1fico muy conocido ALEX, all\u00ed se procesaba casi la totalidad de las cosas que en cine se hac\u00edan por aquel entonces en Argentina y casi dir\u00eda yo en el sur de Am\u00e9rica Latina, lugar ideal para contactar con los profesionales del sector de aquel momento. De aquellos caf\u00e9s en el &#8220;bar de Alex&#8221; salieron mis primeros trabajos de asistencias de direcci\u00f3n muy especialmente al conocer Nicol\u00e1s Sarqu\u00eds, que yo tenia una lejana referencia por haber visto &#8220;Palo y Hueso&#8221; en el cine club en Tandil.&#8221;\n<p style=\"text-align: right; padding: 20px 0px;\">Autobiograf\u00eda de Alberto Gauna extra\u00edda de su <a href=\"http:\/\/www.albertogauna.com\/\" target=\"_blank\" rel=\"noopener noreferrer\">sitio web oficial<\/a><\/p>\n<\/div>\n<div style=\"min-width: 350px; float: right; text-align: right; padding-right: 20px;\"><a href=\"http:\/\/www.arte.unicen.edu.ar\/cdab\/wp-content\/uploads\/2018\/04\/alberto-gauna2.jpg\" data-fancybox=\"gallery\" data-caption=\"Reconocimiento a un pionero del cine tandilense. El CDAB crea el &#8220;Archivo Alberto Gauna&#8221;\"><img loading=\"lazy\" decoding=\"async\" class=\"size-medium wp-image-4033 alignleft\" src=\"http:\/\/www.arte.unicen.edu.ar\/cdab\/wp-content\/uploads\/2018\/04\/alberto-gauna2-chico.jpg\" alt=\"\" width=\"300\" height=\"416\" \/><\/a><\/div>\n<\/div>\n<p>Entre su filmograf\u00eda m\u00e1s destacada se encuentran los siguientes films (click en cada t\u00edtulo para acceder al trailer):<\/p>\n<h4><a style=\"color: #00a977;\" href=\"https:\/\/www.vimeo.com\/66333003\" data-fancybox=\"\">Cerro de Leones<\/a><\/h4>\n<p>Esta pel\u00edcula de producci\u00f3n colectiva es un proyecto con ra\u00edces populares en Tandil. Aborda la llamada &#8220;huelga grande&#8221; de los trabajadores de las canteras en Tandil de 1911. Su estreno constituy\u00f3 lo que mucha gente de Tandil denomin\u00f3 el &#8220;primer film-local con un compromiso social de documental de investigaci\u00f3n&#8221;.<\/p>\n<hr style=\"width: 50%; border: 0; height: 0; border-top: 1px solid #e9e9e9; border-bottom: 1px solid #ffffff; margin: 30px auto;\" \/>\n<h4><a style=\"color: #00a977;\" href=\"https:\/\/www.youtube.com\/watch?v=xMmVObgkDnQ\" data-fancybox=\"\">Las manos de la eternidad<\/a><\/h4>\n<p>Documental acerca de la obra del escultor Eduardo Rodr\u00edguez del Pino, un creador que utilizando el granito como material principal ha logrado un desarrollo muy creativo en Tandil y la zona. Ha sido exhibido en distintos festivales internacionales.<\/p>\n<hr style=\"width: 50%; border: 0; height: 0; border-top: 1px solid #e9e9e9; border-bottom: 1px solid #ffffff; margin: 30px auto;\" \/>\n<h4><a style=\"color: #00a977;\" href=\"https:\/\/www.youtube.com\/watch?v=I290xoHjxSc\" data-fancybox=\"\">Senderos del Genal<\/a><\/h4>\n<p>Documental que registra la vida en el entorno del r\u00edo Genal en la serran\u00eda de Ronda en el sur de Espa\u00f1a. Es una producci\u00f3n de Cinemascampo y se ha exhibido en algunos festivales internacionales.<\/p>\n<hr style=\"width: 50%; border: 0; height: 0; border-top: 1px solid #e9e9e9; border-bottom: 1px solid #ffffff; margin: 30px auto;\" \/>\n<h4><a style=\"color: #00a977;\" href=\"https:\/\/www.vimeo.com\/14214474\" data-fancybox=\"\">Yo toco el piano<\/a><\/h4>\n<p>En base a una idea del escritor y guionista Rafael Flores Montenegro, este documental recorre la obra del m\u00fasico popular argentino Osvaldo Berlingieri, a partir de una entrevista en la que sobresale la creatividad del m\u00fasico mas all\u00e1 del tango.<\/p>\n<hr style=\"width: 50%; border: 0; height: 0; border-top: 1px solid #e9e9e9; border-bottom: 1px solid #ffffff; margin: 30px auto;\" \/>\n<h4><a style=\"color: #00a977;\" href=\"https:\/\/www.youtube.com\/watch?v=hsY6vFBOQEU\" data-fancybox=\"\">Corrales de piedra<\/a><\/h4>\n<p>Mientras Alberto Gauna rodaba en Tandil <em>Mal\u00f3n Blanco. Asesinatos en el Tandil 1872<\/em>, parte de los escenarios y los entrevistados lo derivaron a un tema poco tratado en la historia popular local. Este cortometraje, que ha participado en el prestigioso Festival Internacional de Cine de Mar del Plata, hace hincapi\u00e9 en los corrales de piedra del sur de la provincia de Buenos Aires.<\/p>\n<hr style=\"width: 50%; border: 0; height: 0; border-top: 1px solid #e9e9e9; border-bottom: 1px solid #ffffff; margin: 30px auto;\" \/>\n<h4><a style=\"color: #00a977;\" href=\"https:\/\/www.youtube.com\/watch?v=9CwIfVY4YEw\" data-fancybox=\"\">Vivir sin ataduras<\/a><\/h4>\n<p>Una producci\u00f3n de Caritas Espa\u00f1a. Refiere a los aspectos m\u00e1s perversos de las residencias de ancianos&#8230; que es el conocido m\u00e9todo de atar a las personas residentes y la manera de que estos residentes sean desatados siguiendo las pautas de los especialistas.<\/p>\n<hr style=\"width: 50%; border: 0; height: 0; border-top: 1px solid #e9e9e9; border-bottom: 1px solid #ffffff; margin: 30px auto;\" \/>\n<h4><strong>Mal\u00f3n Blanco (2017)<\/strong><\/h4>\n<p>Recientemente incorporada al <strong>CDAB<\/strong>. Proyecto iniciado hace aproximadamente 42 a\u00f1os.<\/p>\n","protected":false},"excerpt":{"rendered":"<p>El Centro de Documentaci\u00f3n Audiovisual y Biblioteca (CDAB) de la Facultad de Arte de la UNICEN se complace en anunciar la creaci\u00f3n del Archivo Alberto Gauna, a partir de la valiosa donaci\u00f3n de quien es considerado pionero en el cine tandilense. Si bien Gauna reside en Espa\u00f1a desde el a\u00f1o 1977, es hijo de esta ciudad con la que mantiene [&hellip;]<\/p>\n","protected":false},"author":1,"featured_media":4019,"comment_status":"open","ping_status":"open","sticky":false,"template":"","format":"standard","meta":{"_acf_changed":false,"footnotes":""},"categories":[1],"tags":[303,214,215],"class_list":["post-4018","post","type-post","status-publish","format-standard","has-post-thumbnail","hentry","category-novedades","tag-archivo-alberto-gauna","tag-cdab","tag-facultad-de-arte"],"acf":[],"_links":{"self":[{"href":"https:\/\/www.arte.unicen.edu.ar\/cdab\/wp-json\/wp\/v2\/posts\/4018","targetHints":{"allow":["GET"]}}],"collection":[{"href":"https:\/\/www.arte.unicen.edu.ar\/cdab\/wp-json\/wp\/v2\/posts"}],"about":[{"href":"https:\/\/www.arte.unicen.edu.ar\/cdab\/wp-json\/wp\/v2\/types\/post"}],"author":[{"embeddable":true,"href":"https:\/\/www.arte.unicen.edu.ar\/cdab\/wp-json\/wp\/v2\/users\/1"}],"replies":[{"embeddable":true,"href":"https:\/\/www.arte.unicen.edu.ar\/cdab\/wp-json\/wp\/v2\/comments?post=4018"}],"version-history":[{"count":3,"href":"https:\/\/www.arte.unicen.edu.ar\/cdab\/wp-json\/wp\/v2\/posts\/4018\/revisions"}],"predecessor-version":[{"id":4326,"href":"https:\/\/www.arte.unicen.edu.ar\/cdab\/wp-json\/wp\/v2\/posts\/4018\/revisions\/4326"}],"wp:featuredmedia":[{"embeddable":true,"href":"https:\/\/www.arte.unicen.edu.ar\/cdab\/wp-json\/wp\/v2\/media\/4019"}],"wp:attachment":[{"href":"https:\/\/www.arte.unicen.edu.ar\/cdab\/wp-json\/wp\/v2\/media?parent=4018"}],"wp:term":[{"taxonomy":"category","embeddable":true,"href":"https:\/\/www.arte.unicen.edu.ar\/cdab\/wp-json\/wp\/v2\/categories?post=4018"},{"taxonomy":"post_tag","embeddable":true,"href":"https:\/\/www.arte.unicen.edu.ar\/cdab\/wp-json\/wp\/v2\/tags?post=4018"}],"curies":[{"name":"wp","href":"https:\/\/api.w.org\/{rel}","templated":true}]}}