{"id":36560,"date":"2026-06-16T12:13:03","date_gmt":"2026-06-16T15:13:03","guid":{"rendered":"https:\/\/www.arte.unicen.edu.ar\/cdab\/?p=36560"},"modified":"2026-07-01T11:38:40","modified_gmt":"2026-07-01T14:38:40","slug":"amplia-convocatoria-en-primer-plano-poniendo-en-valor-el-archivo-patrimonio-audiovisual-argentino","status":"publish","type":"post","link":"https:\/\/www.arte.unicen.edu.ar\/cdab\/amplia-convocatoria-en-primer-plano-poniendo-en-valor-el-archivo-patrimonio-audiovisual-argentino\/","title":{"rendered":"Con una amplia convocatoria, &#8220;en primer plano&#8221; contin\u00faa poniendo en valor el archivo y la preservaci\u00f3n del patrimonio audiovisual argentino"},"content":{"rendered":"\n<p class=\"wp-block-paragraph\">Del <strong>s\u00e1bado 6 al martes 9 de junio<\/strong>, el <strong><a href=\"https:\/\/www.facebook.com\/espacioincaa.unicen\" target=\"_blank\" rel=\"noreferrer noopener\">Espacio INCAA UNICEN<\/a><\/strong> fue escenario de una nueva edici\u00f3n del ciclo <span style=\"color: #E93BB4;\"><strong>en primer plano<\/strong><\/span> que cont\u00f3 con una amplia participaci\u00f3n de la comunidad educativa y p\u00fablico en general. Ante una coyuntura signada por el desfinanciamiento de las instituciones y pol\u00edticas de fomento al cine, el teatro y otras manifestaciones art\u00edsticas, la propuesta reivindica su misi\u00f3n de <strong>&#8220;recuperar, revisionar y reflexionar&#8221;<\/strong> mediante la <strong>puesta en valor del patrimonio audiovisual argentino<\/strong> y la labor de los centros de documentaci\u00f3n y archivo en la preservaci\u00f3n de aquellas <strong>im\u00e1genes que construyen memoria, identidades, imaginarios e historias; que son parte de nuestra idiosincracia<\/strong>.<\/p>\n\n\n\n<p class=\"wp-block-paragraph\"><span style=\"color: #E93BB4;\"><strong>en primer plano<\/strong><\/span> inici\u00f3 con una presentaci\u00f3n institucional a cargo de <strong>Yanina Jensen<\/strong> (Coordinadora <strong>CDAB<\/strong> y docente <a href=\"https:\/\/www.arte.unicen.edu.ar\" target=\"_blank\" rel=\"noreferrer noopener\">FA<\/a>, <a href=\"https:\/\/www.unicen.edu.ar\" target=\"_blank\" rel=\"noreferrer noopener\">UNICEN<\/a>) y <strong>Mat\u00edas Petrini<\/strong> (no docente <strong>CDAB<\/strong> y docente <a href=\"https:\/\/www.arte.unicen.edu.ar\" target=\"_blank\" rel=\"noreferrer noopener\">FA<\/a>, <a href=\"https:\/\/www.unicen.edu.ar\" target=\"_blank\" rel=\"noreferrer noopener\">UNICEN<\/a>) quienes lo enmarcaron dentro de las actividades con motivo del <a href=\"https:\/\/www.ica.org\/es\/descubra-los-archivos\/que-son-los-archivos\" target=\"_blank\" rel=\"noreferrer noopener\">D\u00eda Internacional de los Archivos<\/a> y plantearon que la curadur\u00eda del ciclo es resultado de una <strong>doble mirada<\/strong>. En primera instancia, por la selecci\u00f3n de pel\u00edculas cuyas im\u00e1genes provienen de <strong>archivos audiovisuales<\/strong> personales o institucionales que posibilitan un ejercicio retrospectivo, indagando en registros que son huellas del pasado, en los que hay rastros de lo que fuimos, lo que somos y lo que sentimos. En segundo lugar porque acerca nuevos p\u00fablicos a grandes cl\u00e1sicos nacionales e invitar a repensar las condiciones de preservaci\u00f3n de nuestro <strong>patrimonio audiovisual<\/strong>.<\/p>\n\n\n\n<p class=\"wp-block-paragraph\">Luego de repasar la programaci\u00f3n para cada jornada, refirieron a la labor del <strong>CDAB<\/strong> y la <a href=\"https:\/\/www.arte.unicen.edu.ar\/secretarias\/investigacion-posgrado\" target=\"_blank\" rel=\"noreferrer noopener\">Secretar\u00eda de Investigaci\u00f3n y Posgrado<\/a> de la <a href=\"https:\/\/www.arte.unicen.edu.ar\" target=\"_blank\" rel=\"noreferrer noopener\">Facultad de Arte<\/a> (<a href=\"https:\/\/www.unicen.edu.ar\" target=\"_blank\" rel=\"noreferrer noopener\">UNICEN<\/a>) en la organizaci\u00f3n y renovaron los agradecimientos al <a href=\"https:\/\/www.instagram.com\/espacio_incaa_unicen\" target=\"_blank\" rel=\"noreferrer noopener\">Espacio INCAA<\/a> y a <a href=\"https:\/\/www.unicen.edu.ar\/content\/cultura-unicen\" target=\"_blank\" rel=\"noreferrer noopener\">Cultura UNICEN<\/a> por la articulaci\u00f3n constante que permite sostener esta propuesta. Respecto a la edici\u00f3n 2026, subrayaron que cont\u00f3 con el apoyo del <a href=\"https:\/\/institutocultural.gba.gob.ar\" target=\"_blank\" rel=\"noreferrer noopener\">Instituto Cultural del Gobierno de la Provincia de Buenos Aires<\/a> -organismo que facilit\u00f3 las copias restauradas de <strong>La Patagonia rebelde<\/strong> y <strong>Plata dulce<\/strong>-, el acompa\u00f1amiento de la <a href=\"https:\/\/www.arte.unicen.edu.ar\/investigacionyposgrado\/maestria-en-artes-audiovisuales\" target=\"_blank\" rel=\"noreferrer noopener\">Maestr\u00eda en Artes Audiovisuales<\/a> y el proyecto de extensi\u00f3n <a href=\"https:\/\/www.instagram.com\/cine.quelate\" target=\"_blank\" rel=\"noreferrer noopener\">Cine que late<\/a>.<\/p>\n\n\n\n<p class=\"wp-block-paragraph\">Acto seguido se proyect\u00f3 el documental <strong>LS83<\/strong> (2025) con la presencia de su director <strong>Herman Szwarcbart<\/strong>. El largometraje, ganador del Gran Premio Ciudad de Buenos Aires a la mejor pel\u00edcula argentina en el <a href=\"https:\/\/bafici.org\" target=\"_blank\" rel=\"noreferrer noopener\">26\u00ba Buenos Aires Festival Internacional de Cine Independiente (BAFICI)<\/a>, tuvo su estreno comercial en el <a href=\"https:\/\/malba.org.ar\/evento\/ls83\/\" target=\"_blank\" rel=\"noreferrer noopener\">Cine MALBA<\/a> en noviembre de 2025, particip\u00f3 de la muestra <a href=\"https:\/\/www.entrerios.gov.ar\/cultura\/inauguran-temporada-de-rescate-con-una-agenda-de-peliculas-juegos-y-talleres-en-vacaciones-de-invierno\" target=\"_blank\" rel=\"noreferrer noopener\">Temporada de Rescate<\/a>, el <a href=\"https:\/\/www.clicvillacrespo.com.ar\/events\/ls83-2\" target=\"_blank\" rel=\"noreferrer noopener\">6\u00ba Festival de Cine de Villa Crespo (VECINE)<\/a> y qued\u00f3 seleccionado en la <a href=\"https:\/\/cinevina.cl\/el-festival-internacional-de-cine-de-vina-del-mar-anuncia-su-competencia-iberoamericana-de-largometraje-documental\" target=\"_blank\" rel=\"noreferrer noopener\">Competencia Iberoamericana del Festival Internacional de Cine de Vi\u00f1a del Mar (FICVI\u00d1A)<\/a>. Durante el intercambio con el p\u00fablico, <strong>Herman<\/strong> abord\u00f3 el proceso de realizaci\u00f3n del film y cont\u00f3 que luego de <a href=\"https:\/\/www.imdb.com\/es\/title\/tt8417758\" target=\"_blank\" rel=\"noreferrer noopener\">Fuimos felices<\/a> (2018), su segunda pel\u00edcula, realiz\u00f3 una visita al <a href=\"https:\/\/buenosaires.gob.ar\/gcaba_historico\/cultura\/museos\/museodelcine\" target=\"_blank\" rel=\"noreferrer noopener\">Museo del Cine Pablo Ducr\u00f3s Hicken<\/a> buscando filmaciones familiares que dieran cuenta de la vida cotidiana en Buenos Aires a partir de los a\u00f1os 60. Pese a que el resultado fue infructuoso, advirti\u00f3 la existencia de un grupo de latas de negativo cinematogr\u00e1fico, apiladas entre s\u00ed y rotuladas con los apellidos de Videla, Viola, Galtieri y Bignone. En di\u00e1logo con un archivista del museo, logr\u00f3 determinar que conten\u00edan material f\u00edlmico de 16 mm. correspondiente a las notas registradas entre 1973-1983 para el noticiero de Canal 9 y que hab\u00edan sido abandonadas cuando los nuevos due\u00f1os del canal mudaron las instalaciones hacia fines de los 90. Entre las particularidades del hallazgo, lo sorprendi\u00f3 que el material era el &#8220;bruto de c\u00e1mara&#8221; (registro directo sin ning\u00fan tipo de edici\u00f3n) y que mucho contenido era in\u00e9dito. De este modo surgieron los primeros interrogantes: \u00bfQu\u00e9 hab\u00eda sucedido con esas filmaciones y por qu\u00e9 no hab\u00edan visto la luz? \u00bfQu\u00e9 nuevas lecturas podr\u00edan tener esas im\u00e1genes en la actualidad, teniendo en cuenta que fueron registradas en momentos de control y censura sobre lo producido y publicado?<\/p>\n\n\n\n<p class=\"wp-block-paragraph\">La tarea de investigaci\u00f3n y visualizaci\u00f3n se extendi\u00f3 por varios meses para, posteriormente, dar paso a la digitalizaci\u00f3n de ciento veinte de las doce mil latas disponibles. A <strong>Herman<\/strong> muchas im\u00e1genes le resultaban reconocibles por sus protagonistas o sus lugares. Esa mirada sobre &#8220;lo cotidiano&#8221; cobr\u00f3 la fuerza de una memoria personal y colectiva al intercalar la <em>voz en off<\/em> del escritor Mart\u00edn Kohan mediante frases de su libro <em>Me acuerdo<\/em>; lo que deriv\u00f3 en una enumeraci\u00f3n de recuerdos de su infancia en los a\u00f1os 70, donde detr\u00e1s de las historias del barrio hay vestigios de la dictadura c\u00edvico-militar argentina.<\/p>\n\n\n\n<p class=\"wp-block-paragraph\">Las proyecciones del fin de semana concluyeron el <strong>domingo 7 <\/strong>con una <strong>copia restaurada<\/strong> de <strong>La Patagonia rebelde<\/strong> (1974), el cl\u00e1sico de H\u00e9ctor Olivera, que se program\u00f3 en <strong>homenaje a la trayectoria<\/strong> de los reconocidos actores de cine, teatro y televisi\u00f3n <strong><a href=\"https:\/\/inteatro.ar\/novedades\/hector-alterio\" target=\"_blank\" rel=\"noreferrer noopener\">H\u00e9ctor Alterio<\/a><\/strong> y <strong><a href=\"https:\/\/inteatro.ar\/novedades\/despedimos-a-luis-brandoni\" target=\"_blank\" rel=\"noreferrer noopener\">Luis Brandoni<\/a><\/strong>. En la filmograf\u00eda de <strong>Alterio<\/strong> destacan cl\u00e1sicos como <em>La tregua<\/em> (1974, Sergio Ren\u00e1n), <em>Camila<\/em> (1984, Mar\u00eda Luisa Bemberg), <em>La historia oficial<\/em> (1985, Luis Puenzo), <em>Caballos salvajes<\/em> (1995, Marcelo Pi\u00f1eyro) y <em>El hijo de la novia<\/em> (2001, Juan Jos\u00e9 Campanella); mientras que algunos de los trabajos audiovisuales en los que se desempe\u00f1\u00f3 <strong>Luis Brandoni<\/strong> incluyen a <em>Esperando la carroza<\/em> (1985, Alejandro Doria), <em>Made in Argentina<\/em> (1987, Juan Jos\u00e9 Jusid), <em>Mi obra maestra<\/em> (2018, Gast\u00f3n Duprat), <em>La odisea de los giles<\/em> (2019, Sebasti\u00e1n Borensztein), <em>El cuento de las comadrejas<\/em> (2019, Juan Jos\u00e9 Campanella) y <em>Parque Lezama<\/em> (2026, Juan Jos\u00e9 Campanella).<\/p>\n\n\n\n<p class=\"wp-block-paragraph\">El <strong>lunes 8 de junio<\/strong>, con la participaci\u00f3n de lxs estudiantes de la c\u00e1tedra <strong>Realizaci\u00f3n 2<\/strong> (<a href=\"https:\/\/www.arte.unicen.edu.ar\/carreras\/grado\/riaa\/perfil-del-egresado_\" target=\"_blank\" rel=\"noreferrer noopener\">Realizaci\u00f3n Integral en Artes Audiovisuales<\/a> &#8211; <a href=\"https:\/\/www.arte.unicen.edu.ar\" target=\"_blank\" rel=\"noreferrer noopener\">FA<\/a>, <a href=\"https:\/\/www.unicen.edu.ar\" target=\"_blank\" rel=\"noreferrer noopener\">UNICEN<\/a>) y las docentes <strong>Mar\u00eda Cecilia Christensen<\/strong> y <strong>Carolina Cesario<\/strong>, se exhibi\u00f3 <strong>\u00c9ramos tan flacos<\/strong> (2025) de <strong>Carlos Castro<\/strong>. Mediante registros efectuados con una c\u00e1mara VHS, el documental revive la vida universitaria en La Plata durante la segunda mitad de los 90 en un contexto de confrontaci\u00f3n estudiantil contra la Ley de Educaci\u00f3n Superior y la resistencia a las pol\u00edticas neoliberales. De este modo, <span style=\"color: #E93BB4;\"><strong>en primer plano<\/strong><\/span> pone de manifiesto la <strong>centralidad de la Universidad P\u00fablica como espacio de formaci\u00f3n, investigaci\u00f3n, creaci\u00f3n y encuentro; fomentando el pensamiento cr\u00edtico-reflexivo y garantizando la igualdad de acceso a derechos y oportunidades.<\/strong><\/p>\n\n\n\n<p class=\"wp-block-paragraph\"><strong>\u00c9ramos tan flacos<\/strong> se present\u00f3 en el <a href=\"https:\/\/aurrekoak.zinemaetagizaeskubideak.eus\/2025\/index.php?option=com_content&amp;view=article&amp;id=15&amp;Itemid=61&amp;ide=29644&amp;lang=es\" target=\"_blank\" rel=\"noreferrer noopener\">22\u00ba Festival de Derechos Humanos de San Sebasti\u00e1n<\/a> en abril de 2025 y luego fue exhibida en el <a href=\"https:\/\/www.tierradelfuego.gob.ar\/cine-en-grande\" target=\"_blank\" rel=\"noreferrer noopener\">Festival de Cine de R\u00edo Grande (Tierra del Fuego)<\/a>. Recibi\u00f3 premios a mejor documental, mejor direcci\u00f3n, mejor montaje y mejor sonido directo en la competencia de largometrajes bonaerenses del <a href=\"https:\/\/institutocultural.gba.gob.ar\/articulo-noticia\/noticias-ficpba\/con-la-entrega-de-premios-se-desarrollo-la-ceremonia-de-clausura\" target=\"_blank\" rel=\"noreferrer noopener\">3\u00ba Festival Internacional de Cine de la Provincia de Buenos Aires<\/a> y el <em>premio RAFMA &#8220;Edgardo &#8216;Pipo&#8217; Bechara el Khoury&#8221;<\/em> como mejor documental en la competencia oficial de documentales latinoamericanos del <a href=\"https:\/\/ficdh.imd.org.ar\/peliculas\/eramos-tan-flacos-2\" target=\"_blank\" rel=\"noreferrer noopener\">21\u00ba Festival Internacional de Cine de Derechos Humanos (FICDH)<\/a> -donde tambi\u00e9n obtuvo el Premio del P\u00fablico-. Luego de una breve presentaci\u00f3n del film y su director a cargo del proyecto de extensi\u00f3n <a href=\"https:\/\/www.instagram.com\/cine.quelate\" target=\"_blank\" rel=\"noreferrer noopener\">Cine que late<\/a>, integrado por lxs estudiantes <strong>Mateo Fantaguzzi<\/strong>, <strong>Abril Agopi\u00e1n<\/strong>, <strong>Ana Kopp<\/strong>, <strong>Emilia Gonz\u00e1lez Maestri<\/strong>, <strong>Valentino Sagrera<\/strong>, <strong>Lara Scavuzzo<\/strong>, <strong>Morena Inorreta<\/strong> y <strong>Giuliana Campos Casciano<\/strong> (<a href=\"https:\/\/www.arte.unicen.edu.ar\/carreras\/grado\/riaa\/perfil-del-egresado_\" target=\"_blank\" rel=\"noreferrer noopener\">Realizaci\u00f3n Integral en Artes Audiovisuales<\/a> &#8211; <a href=\"https:\/\/www.arte.unicen.edu.ar\" target=\"_blank\" rel=\"noreferrer noopener\">FA<\/a>, <a href=\"https:\/\/www.unicen.edu.ar\" target=\"_blank\" rel=\"noreferrer noopener\">UNICEN<\/a>), <strong>Carlos Castro<\/strong> refiri\u00f3 al trabajo con el archivo audiovisual personal como insumo para narrar las luchas estudiantiles y los embates del ajuste econ\u00f3mico. Las im\u00e1genes retratan una historia de resistencia y memoria, de organizaci\u00f3n colectiva y militancia universitaria.<\/p>\n\n\n\n<p class=\"wp-block-paragraph\">En coincidencia con el <a href=\"https:\/\/www.ica.org\/es\/descubra-los-archivos\/que-son-los-archivos\" target=\"_blank\" rel=\"noreferrer noopener\">D\u00eda Internacional de los Archivos<\/a>, el <strong>martes 9 de junio<\/strong>, <strong>Gabriel Orqueda<\/strong> present\u00f3 su libro <strong>El salto hacia adentro. Conversaciones con directores y directoras del cine argentino a 50 a\u00f1os del Golpe<\/strong> (2026) en la Sala A del Centro Cultural Universitario. Acompa\u00f1ado por el <strong>Dr. Mauricio Guti\u00e9rrez<\/strong> y el <strong>Lic. Mat\u00edas Carnevale<\/strong>, el autor revel\u00f3 que el proyecto surgi\u00f3 en 2023 cuando entrevist\u00f3 a Jonathan Perel por el estreno de <em>Camuflaje<\/em> (2022) y enfatiz\u00f3 en la intenci\u00f3n deliberada de editar el texto a comienzos de 2026 con motivo de cumplirse <strong>50 a\u00f1os desde la \u00faltima dictadura c\u00edvico-militar argentina<\/strong>. El intercambio con cada uno de los <strong>setenta y tres directores y directoras<\/strong> exigi\u00f3 dos a\u00f1os de trabajo intenso y sostenido; los encuentros se concretaron, en su gran mayor\u00eda, de manera presencial en espacios p\u00fablicos y luego se dio paso al proceso de desgrabaci\u00f3n que qued\u00f3 plasmado en las 630 p\u00e1ginas del libro. Tal como menciona <strong>Orqueda<\/strong> en el pr\u00f3logo, <em>&#8220;&#8230;la organizaci\u00f3n de las entrevistas es cronol\u00f3gica y no responde a otra raz\u00f3n m\u00e1s que a la de dar cuenta del momento y el contexto en el que fueron llevadas a cabo. Por eso el d\u00eda, la fecha y el lugar de encuentro. Por eso el viaje y la intensificaci\u00f3n de la presencia. Porque documentar el movimiento y la palabra es, para quien esto escribe, otra forma de reafirmar la identidad, de reivindicar el hecho de estar vivos, de persistir en el sostenimiento de la memoria mediante la evocaci\u00f3n de las im\u00e1genes, la experiencia y el recuerdo&#8221;<\/em> (Orqueda: 2026, 11).<\/p>\n\n\n\n<p class=\"wp-block-paragraph\"><strong>El salto hacia adentro&#8230;<\/strong> aborda la representaci\u00f3n de la dictadura a partir de la propia visi\u00f3n de lxs realizadores y realizadoras; haciendo hincapi\u00e9 en lo que piensan acerca de las pel\u00edculas que hicieron, de las pel\u00edculas de sus colegas y de c\u00f3mo son vistas en la actualidad. <strong>Agradecemos al autor por la donaci\u00f3n de un ejemplar que pr\u00f3ximamente estar\u00e1 disponible para consulta en sala.<\/strong><\/p>\n\n\n\n<p class=\"wp-block-paragraph\">Al t\u00e9rmino de la actividad se proyect\u00f3 <strong>Plata dulce<\/strong> (1982, Fernando Ayala), el \u00faltimo largometraje de la programaci\u00f3n 2026 de <span style=\"color: #E93BB4;\"><strong>en primer plano<\/strong><\/span>, y se agradeci\u00f3 la colaboraci\u00f3n del p\u00fablico con <strong>alimentos no perecederos que se entregaron al Hogar Convivencial &#8220;Vientos de Libertad&#8221;<\/strong> a partir de una articulaci\u00f3n con la <a href=\"https:\/\/www.arte.unicen.edu.ar\/secretarias\/extension\" target=\"_blank\" rel=\"noreferrer noopener\">Secretar\u00eda de Extensi\u00f3n<\/a> de la <a href=\"https:\/\/www.arte.unicen.edu.ar\" target=\"_blank\" rel=\"noreferrer noopener\">Facultad de Arte<\/a>.<\/p>\n\n\n\n<p class=\"wp-block-paragraph\">Compartimos los registros fotogr\u00e1ficos y audiovisuales de la presente edici\u00f3n del ciclo:<\/p>\n\n\n\n<div style=\"margin: 30px auto 50px; width: 100%; text-align: center;\"><iframe loading=\"lazy\" width=\"720\" height=\"405\" src=\"https:\/\/www.youtube.com\/embed\/CHq99PgmTwM\" title=\"\" frameborder=\"0\" allow=\"accelerometer; autoplay; clipboard-write; encrypted-media; gyroscope; picture-in-picture; web-share\" referrerpolicy=\"strict-origin-when-cross-origin\" allowfullscreen><\/iframe><br \/><strong><u>Registro audiovisual:<\/u><\/strong> <strong>Mateo Fantaguzzi<\/strong> (<a href=\"https:\/\/www.instagram.com\/cine.quelate\" target=\"_blank\">@cine.quelate<\/a>).<\/div>\n<div style=\"margin: 30px auto 50px; width: 100%; text-align: center;\"><iframe loading=\"lazy\" width=\"720\" height=\"405\" src=\"https:\/\/www.youtube.com\/embed\/bCgADrvFwn4\" title=\"\" frameborder=\"0\" allow=\"accelerometer; autoplay; clipboard-write; encrypted-media; gyroscope; picture-in-picture; web-share\" referrerpolicy=\"strict-origin-when-cross-origin\" allowfullscreen><\/iframe><br \/><strong><u>Registro audiovisual:<\/u><\/strong> <strong>Lara Scavuzzo<\/strong> (<a href=\"https:\/\/www.instagram.com\/cine.quelate\" target=\"_blank\">@cine.quelate<\/a>).<\/div>\n<div style=\"margin: 30px auto 50px; width: 100%; text-align: center;\"><iframe loading=\"lazy\" width=\"720\" height=\"405\" src=\"https:\/\/www.youtube.com\/embed\/naNSz2FfmeA?si=1J1RrA763hrqbQTh\" title=\"\" frameborder=\"0\" allow=\"accelerometer; autoplay; clipboard-write; encrypted-media; gyroscope; picture-in-picture; web-share\" referrerpolicy=\"strict-origin-when-cross-origin\" allowfullscreen><\/iframe><br \/><strong><u>Registro audiovisual:<\/u><\/strong> <strong>Selene Fern\u00e1ndez<\/strong> (<a href=\"https:\/\/www.arte.unicen.edu.ar\/institucional\/comunicacion\" target=\"_blank\">Comunicaci\u00f3n<\/a> &#8211; <a href=\"https:\/\/www.arte.unicen.edu.ar\" target=\"_blank\">Facultad de Arte<\/a>, <a href=\"https:\/\/www.unicen.edu.ar\" target=\"_blank\">UNICEN<\/a>).<\/div>\n\n\n\n<table style=\"margin: 20px auto; text-align: center; border-collapse: collapse; border-spacing: 0;\">\n<tbody>\n<tr>\n<td style=\"padding: 0px 20px 10px 20px;\"><a href=\"https:\/\/www.arte.unicen.edu.ar\/cdab\/wp-content\/uploads\/2026\/06\/epp2026-01.jpg\" data-fancybox=\"gallery\" data-caption=\"Con una amplia convocatoria, &#8220;en primer plano&#8221; contin\u00faa poniendo en valor el archivo y la preservaci\u00f3n del patrimonio audiovisual argentino\"><img decoding=\"async\" class=\"aligncenter size-medium wp-image-5627\" src=\"https:\/\/www.arte.unicen.edu.ar\/cdab\/wp-content\/uploads\/2026\/06\/epp2026-01-300x300.jpg\" alt=\"\" \/><\/a><\/td>\n<td style=\"padding: 0px 20px 10px 20px;\"><a href=\"https:\/\/www.arte.unicen.edu.ar\/cdab\/wp-content\/uploads\/2026\/06\/epp2026-02.jpg\" data-fancybox=\"gallery\" data-caption=\"Con una amplia convocatoria, &#8220;en primer plano&#8221; contin\u00faa poniendo en valor el archivo y la preservaci\u00f3n del patrimonio audiovisual argentino\"><img decoding=\"async\" class=\"aligncenter size-medium wp-image-5628\" src=\"https:\/\/www.arte.unicen.edu.ar\/cdab\/wp-content\/uploads\/2026\/06\/epp2026-02-300x300.jpg\" alt=\"\" \/><\/a><\/td>\n<td style=\"padding: 0px 20px 10px 20px;\"><a href=\"https:\/\/www.arte.unicen.edu.ar\/cdab\/wp-content\/uploads\/2026\/06\/epp2026-03.jpg\" data-fancybox=\"gallery\" data-caption=\"Con una amplia convocatoria, &#8220;en primer plano&#8221; contin\u00faa poniendo en valor el archivo y la preservaci\u00f3n del patrimonio audiovisual argentino\"><img decoding=\"async\" class=\"aligncenter size-medium wp-image-5633\" src=\"https:\/\/www.arte.unicen.edu.ar\/cdab\/wp-content\/uploads\/2026\/06\/epp2026-03-300x300.jpg\" alt=\"\" \/><\/a><\/td>\n<\/tr>\n<tr>\n<td style=\"padding: 0px 20px 10px 20px;\"><a href=\"https:\/\/www.arte.unicen.edu.ar\/cdab\/wp-content\/uploads\/2026\/06\/epp2026-04.jpg\" data-fancybox=\"gallery\" data-caption=\"Con una amplia convocatoria, &#8220;en primer plano&#8221; contin\u00faa poniendo en valor el archivo y la preservaci\u00f3n del patrimonio audiovisual argentino\"><img decoding=\"async\" class=\"aligncenter size-medium wp-image-5627\" src=\"https:\/\/www.arte.unicen.edu.ar\/cdab\/wp-content\/uploads\/2026\/06\/epp2026-04-300x300.jpg\" alt=\"\" \/><\/a><\/td>\n<td style=\"padding: 0px 20px 10px 20px;\"><a href=\"https:\/\/www.arte.unicen.edu.ar\/cdab\/wp-content\/uploads\/2026\/06\/epp2026-05.jpg\" data-fancybox=\"gallery\" data-caption=\"Con una amplia convocatoria, &#8220;en primer plano&#8221; contin\u00faa poniendo en valor el archivo y la preservaci\u00f3n del patrimonio audiovisual argentino\"><img decoding=\"async\" class=\"aligncenter size-medium wp-image-5628\" src=\"https:\/\/www.arte.unicen.edu.ar\/cdab\/wp-content\/uploads\/2026\/06\/epp2026-05-300x300.jpg\" alt=\"\" \/><\/a><\/td>\n<td style=\"padding: 0px 20px 10px 20px;\"><a href=\"https:\/\/www.arte.unicen.edu.ar\/cdab\/wp-content\/uploads\/2026\/06\/epp2026-06.jpg\" data-fancybox=\"gallery\" data-caption=\"Con una amplia convocatoria, &#8220;en primer plano&#8221; contin\u00faa poniendo en valor el archivo y la preservaci\u00f3n del patrimonio audiovisual argentino\"><img decoding=\"async\" class=\"aligncenter size-medium wp-image-5633\" src=\"https:\/\/www.arte.unicen.edu.ar\/cdab\/wp-content\/uploads\/2026\/06\/epp2026-06-300x300.jpg\" alt=\"\" \/><\/a><\/td>\n<\/tr>\n<tr>\n<td style=\"padding: 0px 20px 10px 20px;\"><a href=\"https:\/\/www.arte.unicen.edu.ar\/cdab\/wp-content\/uploads\/2026\/06\/epp2026-07.jpg\" data-fancybox=\"gallery\" data-caption=\"Con una amplia convocatoria, &#8220;en primer plano&#8221; contin\u00faa poniendo en valor el archivo y la preservaci\u00f3n del patrimonio audiovisual argentino\"><img decoding=\"async\" class=\"aligncenter size-medium wp-image-5627\" src=\"https:\/\/www.arte.unicen.edu.ar\/cdab\/wp-content\/uploads\/2026\/06\/epp2026-07-300x300.jpg\" alt=\"\" \/><\/a><\/td>\n<td style=\"padding: 0px 20px 10px 20px;\"><a href=\"https:\/\/www.arte.unicen.edu.ar\/cdab\/wp-content\/uploads\/2026\/06\/epp2026-08.jpg\" data-fancybox=\"gallery\" data-caption=\"Con una amplia convocatoria, &#8220;en primer plano&#8221; contin\u00faa poniendo en valor el archivo y la preservaci\u00f3n del patrimonio audiovisual argentino\"><img decoding=\"async\" class=\"aligncenter size-medium wp-image-5628\" src=\"https:\/\/www.arte.unicen.edu.ar\/cdab\/wp-content\/uploads\/2026\/06\/epp2026-08-300x300.jpg\" alt=\"\" \/><\/a><\/td>\n<td style=\"padding: 0px 20px 10px 20px;\"><a href=\"https:\/\/www.arte.unicen.edu.ar\/cdab\/wp-content\/uploads\/2026\/06\/epp2026-09.jpg\" data-fancybox=\"gallery\" data-caption=\"Con una amplia convocatoria, &#8220;en primer plano&#8221; contin\u00faa poniendo en valor el archivo y la preservaci\u00f3n del patrimonio audiovisual argentino\"><img decoding=\"async\" class=\"aligncenter size-medium wp-image-5633\" src=\"https:\/\/www.arte.unicen.edu.ar\/cdab\/wp-content\/uploads\/2026\/06\/epp2026-09-300x300.jpg\" alt=\"\" \/><\/a><\/td>\n<\/tr>\n<tr>\n<td style=\"padding: 0px 20px 10px 20px;\"><a href=\"https:\/\/www.arte.unicen.edu.ar\/cdab\/wp-content\/uploads\/2026\/06\/epp2026-10.jpg\" data-fancybox=\"gallery\" data-caption=\"Con una amplia convocatoria, &#8220;en primer plano&#8221; contin\u00faa poniendo en valor el archivo y la preservaci\u00f3n del patrimonio audiovisual argentino\"><img decoding=\"async\" class=\"aligncenter size-medium wp-image-5627\" src=\"https:\/\/www.arte.unicen.edu.ar\/cdab\/wp-content\/uploads\/2026\/06\/epp2026-10-300x300.jpg\" alt=\"\" \/><\/a><\/td>\n<td style=\"padding: 0px 20px 10px 20px;\"><a href=\"https:\/\/www.arte.unicen.edu.ar\/cdab\/wp-content\/uploads\/2026\/06\/epp2026-11.jpg\" data-fancybox=\"gallery\" data-caption=\"Con una amplia convocatoria, &#8220;en primer plano&#8221; contin\u00faa poniendo en valor el archivo y la preservaci\u00f3n del patrimonio audiovisual argentino\"><img decoding=\"async\" class=\"aligncenter size-medium wp-image-5628\" src=\"https:\/\/www.arte.unicen.edu.ar\/cdab\/wp-content\/uploads\/2026\/06\/epp2026-11-300x300.jpg\" alt=\"\" \/><\/a><\/td>\n<td style=\"padding: 0px 20px 10px 20px;\"><a href=\"https:\/\/www.arte.unicen.edu.ar\/cdab\/wp-content\/uploads\/2026\/06\/epp2026-12.jpg\" data-fancybox=\"gallery\" data-caption=\"Con una amplia convocatoria, &#8220;en primer plano&#8221; contin\u00faa poniendo en valor el archivo y la preservaci\u00f3n del patrimonio audiovisual argentino\"><img decoding=\"async\" class=\"aligncenter size-medium wp-image-5633\" src=\"https:\/\/www.arte.unicen.edu.ar\/cdab\/wp-content\/uploads\/2026\/06\/epp2026-12-300x300.jpg\" alt=\"\" \/><\/a><\/td>\n<\/tr>\n<tr>\n<td style=\"padding: 0px 20px 10px 20px;\"><a href=\"https:\/\/www.arte.unicen.edu.ar\/cdab\/wp-content\/uploads\/2026\/06\/epp2026-13.jpg\" data-fancybox=\"gallery\" data-caption=\"Con una amplia convocatoria, &#8220;en primer plano&#8221; contin\u00faa poniendo en valor el archivo y la preservaci\u00f3n del patrimonio audiovisual argentino\"><img decoding=\"async\" class=\"aligncenter size-medium wp-image-5627\" src=\"https:\/\/www.arte.unicen.edu.ar\/cdab\/wp-content\/uploads\/2026\/06\/epp2026-13-300x300.jpg\" alt=\"\" \/><\/a><\/td>\n<td style=\"padding: 0px 20px 10px 20px;\"><a href=\"https:\/\/www.arte.unicen.edu.ar\/cdab\/wp-content\/uploads\/2026\/06\/epp2026-14.jpg\" data-fancybox=\"gallery\" data-caption=\"Con una amplia convocatoria, &#8220;en primer plano&#8221; contin\u00faa poniendo en valor el archivo y la preservaci\u00f3n del patrimonio audiovisual argentino\"><img decoding=\"async\" class=\"aligncenter size-medium wp-image-5628\" src=\"https:\/\/www.arte.unicen.edu.ar\/cdab\/wp-content\/uploads\/2026\/06\/epp2026-14-300x300.jpg\" alt=\"\" \/><\/a><\/td>\n<td style=\"padding: 0px 20px 10px 20px;\"><a href=\"https:\/\/www.arte.unicen.edu.ar\/cdab\/wp-content\/uploads\/2026\/06\/epp2026-15.jpg\" data-fancybox=\"gallery\" data-caption=\"Con una amplia convocatoria, &#8220;en primer plano&#8221; contin\u00faa poniendo en valor el archivo y la preservaci\u00f3n del patrimonio audiovisual argentino\"><img decoding=\"async\" class=\"aligncenter size-medium wp-image-5633\" src=\"https:\/\/www.arte.unicen.edu.ar\/cdab\/wp-content\/uploads\/2026\/06\/epp2026-15-300x300.jpg\" alt=\"\" \/><\/a><\/td>\n<\/tr>\n<tr>\n<td style=\"padding: 10px 0px 20px; margin: 0px auto;\" colspan=\"3\"><strong><u>Fotograf\u00edas:<\/u> Mart\u00edn &#8220;Freddy&#8221; Krieger (<a href=\"https:\/\/www.arte.unicen.edu.ar\/institucional\/comunicacion\" target=\"_blank\">Comunicaci\u00f3n<\/a> &#8211; <a href=\"https:\/\/www.arte.unicen.edu.ar\" target=\"_blank\">Facultad de Arte<\/a>, <a href=\"https:\/\/www.unicen.edu.ar\" target=\"_blank\">UNICEN<\/a>).<\/strong><\/td>\n<\/tr>\n<\/tbody>\n<\/table>\n","protected":false},"excerpt":{"rendered":"<p>Del s\u00e1bado 6 al martes 9 de junio, el Espacio INCAA UNICEN fue escenario de una nueva edici\u00f3n del ciclo en primer plano que cont\u00f3 con una amplia participaci\u00f3n de la comunidad educativa y p\u00fablico en general. Ante una coyuntura signada por el desfinanciamiento de las instituciones y pol\u00edticas de fomento al cine, el teatro y otras manifestaciones art\u00edsticas, la [&hellip;]<\/p>\n","protected":false},"author":1,"featured_media":36705,"comment_status":"closed","ping_status":"closed","sticky":false,"template":"","format":"standard","meta":{"_acf_changed":false,"footnotes":""},"categories":[1],"tags":[214,4234,4233,1040,215,288,294],"class_list":["post-36560","post","type-post","status-publish","format-standard","has-post-thumbnail","hentry","category-novedades","tag-cdab","tag-ciclo-en-primer-plano","tag-cultura-unicen","tag-espacio-incaa-unicen","tag-facultad-de-arte","tag-secretaria-de-investigacion-y-posgrado","tag-unicen"],"acf":[],"_links":{"self":[{"href":"https:\/\/www.arte.unicen.edu.ar\/cdab\/wp-json\/wp\/v2\/posts\/36560","targetHints":{"allow":["GET"]}}],"collection":[{"href":"https:\/\/www.arte.unicen.edu.ar\/cdab\/wp-json\/wp\/v2\/posts"}],"about":[{"href":"https:\/\/www.arte.unicen.edu.ar\/cdab\/wp-json\/wp\/v2\/types\/post"}],"author":[{"embeddable":true,"href":"https:\/\/www.arte.unicen.edu.ar\/cdab\/wp-json\/wp\/v2\/users\/1"}],"replies":[{"embeddable":true,"href":"https:\/\/www.arte.unicen.edu.ar\/cdab\/wp-json\/wp\/v2\/comments?post=36560"}],"version-history":[{"count":1,"href":"https:\/\/www.arte.unicen.edu.ar\/cdab\/wp-json\/wp\/v2\/posts\/36560\/revisions"}],"predecessor-version":[{"id":36953,"href":"https:\/\/www.arte.unicen.edu.ar\/cdab\/wp-json\/wp\/v2\/posts\/36560\/revisions\/36953"}],"wp:featuredmedia":[{"embeddable":true,"href":"https:\/\/www.arte.unicen.edu.ar\/cdab\/wp-json\/wp\/v2\/media\/36705"}],"wp:attachment":[{"href":"https:\/\/www.arte.unicen.edu.ar\/cdab\/wp-json\/wp\/v2\/media?parent=36560"}],"wp:term":[{"taxonomy":"category","embeddable":true,"href":"https:\/\/www.arte.unicen.edu.ar\/cdab\/wp-json\/wp\/v2\/categories?post=36560"},{"taxonomy":"post_tag","embeddable":true,"href":"https:\/\/www.arte.unicen.edu.ar\/cdab\/wp-json\/wp\/v2\/tags?post=36560"}],"curies":[{"name":"wp","href":"https:\/\/api.w.org\/{rel}","templated":true}]}}