{"id":35998,"date":"2026-04-22T12:53:48","date_gmt":"2026-04-22T15:53:48","guid":{"rendered":"https:\/\/www.arte.unicen.edu.ar\/cdab\/?p=35998"},"modified":"2026-04-24T09:21:49","modified_gmt":"2026-04-24T12:21:49","slug":"agradecemos-donaciones-ii-congreso-internacional-en-artes","status":"publish","type":"post","link":"https:\/\/www.arte.unicen.edu.ar\/cdab\/agradecemos-donaciones-ii-congreso-internacional-en-artes\/","title":{"rendered":"Agradecemos las donaciones recibidas durante el II Congreso Internacional en Artes"},"content":{"rendered":"\n<p>El <strong>mi\u00e9rcoles 15 de abril<\/strong> en el Aula Magna de Rectorado <a href=\"https:\/\/www.unicen.edu.ar\" target=\"_blank\" rel=\"noreferrer noopener\">UNICEN<\/a> se llev\u00f3 a cabo la apertura del <a href=\"https:\/\/www.arte.unicen.edu.ar\/congreso_artes\" target=\"_blank\" rel=\"noreferrer noopener\">II Congreso Internacional en Artes. Procesos creativos, pr\u00e1cticas expandidas y territorialidades<\/a>, organizado por la <a href=\"https:\/\/www.arte.unicen.edu.ar\/secretarias\/investigacion-posgrado\" target=\"_blank\" rel=\"noreferrer noopener\">Secretar\u00eda de Investigaci\u00f3n y Posgrado<\/a> de la <a href=\"https:\/\/www.arte.unicen.edu.ar\" target=\"_blank\" rel=\"noreferrer noopener\">Facultad de Arte<\/a> junto al <a href=\"https:\/\/www.arte.unicen.edu.ar\/secretarias\/investigacion-posgrado\/nucleos\/cid\" target=\"_blank\" rel=\"noreferrer noopener\">Centro de Investigaciones Dram\u00e1ticas (CID)<\/a>, el <a href=\"https:\/\/www.arte.unicen.edu.ar\/tecc\" target=\"_blank\" rel=\"noreferrer noopener\">Centro de Estudios de Teatro, Educaci\u00f3n y Consumos Culturales (TECC)<\/a>, el <a href=\"https:\/\/www.arte.unicen.edu.ar\/secretarias\/investigacion-posgrado\/nucleos\/giapa\" target=\"_blank\" rel=\"noreferrer noopener\">Grupo de Investigaci\u00f3n a trav\u00e9s de la Pr\u00e1ctica Art\u00edstica (GIAPA)<\/a> y los grupos de investigaci\u00f3n radicados en dichos n\u00facleos. Durante la presentaci\u00f3n, la <strong>Lic. Daniela Ferrari<\/strong> (Decana <a href=\"https:\/\/www.arte.unicen.edu.ar\" target=\"_blank\" rel=\"noreferrer noopener\">FA<\/a>, <a href=\"https:\/\/www.unicen.edu.ar\" target=\"_blank\" rel=\"noreferrer noopener\">UNICEN<\/a>) brind\u00f3 las palabras de bienvenida y record\u00f3 que la primera edici\u00f3n tuvo lugar en un <strong>contexto de defensa de la educaci\u00f3n p\u00fablica<\/strong>, escenario que a\u00fan contin\u00faa vigente. La rese\u00f1a detallada de la conferencia inaugural est\u00e1 disponible en la <a href=\"https:\/\/www.arte.unicen.edu.ar\/apertura-del-ii-congreso-internacional-en-artes\" target=\"_blank\" rel=\"noreferrer noopener\">nota del sitio web de la Facultad<\/a>.<\/p>\n\n\n\n<p>En continuidad con la primera edici\u00f3n llevada a cabo en 2024, el evento propici\u00f3 nuevas instancias de di\u00e1logo e intercambio de saberes y experiencias en torno a la investigaci\u00f3n en artes desde la producci\u00f3n art\u00edstica y\/o acad\u00e9mica situada en una diversidad de contextos. Declarado de <strong>Inter\u00e9s Cultural y Educativo<\/strong> por el <a href=\"https:\/\/www.hcdtandil.gob.ar\" target=\"_blank\" rel=\"noreferrer noopener\">Honorable Concejo Deliberante de Tandil<\/a>, esta nueva edici\u00f3n del <a href=\"https:\/\/www.arte.unicen.edu.ar\/congreso_artes\" target=\"_blank\" rel=\"noreferrer noopener\">Congreso Internacional en Artes<\/a> vehiculiz\u00f3 <strong>reflexiones y trabajos colectivos<\/strong> entre <strong>investigadores, artistas, docentes, estudiantes y profesionales de las artes<\/strong>.<\/p>\n\n\n\n<p>Desde el <strong>Centro de Documentaci\u00f3n Audiovisual y Biblioteca (CDAB)<\/strong> de la <a href=\"https:\/\/www.arte.unicen.edu.ar\" target=\"_blank\" rel=\"noreferrer noopener\">Facultad de Arte<\/a> agradecemos las <strong>donaciones de material bibliogr\u00e1fico<\/strong> recibidas durante los d\u00edas en que se desarroll\u00f3 el encuentro:<\/p>\n\n\n\n<ul><li><p><strong>Laura Mogliani<\/strong> nos obsequi\u00f3 un ejemplar de <a href=\"https:\/\/www.arte.unicen.edu.ar\/cdab\/libros\/entre-la-tradicion-y-la-modernidad-historia-del-instituto-nacional-de-estudios-de-teatro-1936-2022\" target=\"_blank\" rel=\"noreferrer noopener\">Entre la tradici\u00f3n y la modernidad. Historia del Instituto Nacional de Estudios de Teatro (1936-2022)<\/a>. En este t\u00edtulo de su propia autor\u00eda, Mogliani propone un recorrido por la historia de una instituci\u00f3n pionera en reconocer la especificidad de la investigaci\u00f3n en artes esc\u00e9nicas en la Argentina que, adem\u00e1s, constituye un lugar de referencia para teatristas e investigadores nacionales y extranjeros: el INET.<\/p><\/li>\n<li><strong>Mauricio Tossi<\/strong> nos acerc\u00f3 el libro <a href=\"https:\/\/www.arte.unicen.edu.ar\/cdab\/libros\/antologia-de-teatro-argentino-en-la-posdictadura-nodos-interregionales-1983-1992\" target=\"_blank\" rel=\"noreferrer noopener\">Antolog\u00eda de teatro argentino en la posdictadura. Nodos interregionales (1983-1992)<\/a>. A trav\u00e9s de estas p\u00e1ginas se recuperan algunos textos que comenzaron a divulgarse a nivel nacional a partir del regreso de la democracia en 1983. Despu\u00e9s de a\u00f1os de oscuridad y ocultamiento, el teatro posibilit\u00f3 tomar contacto con historias regionales que ten\u00edan una fuerte impronta social y pol\u00edtica. La producci\u00f3n, compilada por Mauricio Tossi, sintetiza muy bien el panorama esc\u00e9nico de una d\u00e9cada (1983-1992) creativamente intensa en el pa\u00eds y que da cuenta de un mundo cultural muy necesitado de expresar a una sociedad que hab\u00eda sido muy castigada y cuyos reclamos deb\u00edan hacerse escuchar desde un escenario.<\/li>\n<li>En el marco de la presentaci\u00f3n de su libro, llevada a cabo el viernes 17 de abril en el <a href=\"https:\/\/www.mumbat.com\" target=\"_blank\" rel=\"noreferrer noopener\">Museo Municipal de Bellas Artes Tandil (MUMBAT)<\/a>, <strong>Mario C\u00e1mara<\/strong> nos don\u00f3 un ejemplar de <a href=\"https:\/\/www.arte.unicen.edu.ar\/cdab\/libros\/roberto-jacoby-un-arte-al-alcance-de-la-mano\" target=\"_blank\" rel=\"noreferrer noopener\">Roberto Jacoby: un arte al alcance de la mano<\/a>. El texto invita a pensar y revisitar la obra de <strong>Jacoby<\/strong>, artista y soci\u00f3logo cuyos trabajos giran alrededor de la desmaterializaci\u00f3n del arte y la invenci\u00f3n de nuevas formas de vida. Como integrante del grupo de Arte de los Medios, en 1966, indag\u00f3 sobre la materialidad social de los medios masivos en tanto constructores de acontecimiento. En 1968, junto a otros integrantes de la vanguardia argentina, impuls\u00f3 al \u00e9xodo desde el arte hacia los territorios aun m\u00e1s inciertos del conflicto social y pol\u00edtico. Desde fines de la \u00faltima dictadura, compuso decenas de canciones en el grupo pop-rock <em>Virus<\/em> y fue impulsor de reuniones festivas en espacios <em>under<\/em>, estrategia de la alegr\u00eda que entendi\u00f3 como una forma de resistir colectivamente ante el terror desatado por la represi\u00f3n.<\/li>\n<li><strong>Sebasti\u00e1n Huber<\/strong> nos entreg\u00f3 un ejemplar de <a href=\"https:\/\/www.arte.unicen.edu.ar\/cdab\/libros\/o-gesto-multiplo\" target=\"_blank\" rel=\"noreferrer noopener\">O gesto m\u00faltiplo \/ El gesto m\u00faltiple<\/a> y, adem\u00e1s, recibimos el libro de poemas <a href=\"https:\/\/www.arte.unicen.edu.ar\/cdab\/libros\/velos\" target=\"_blank\" rel=\"noreferrer noopener\">Velos<\/a> de Jhon Felipe Benavides Narv\u00e1ez que obtuvo el XXXVIII premio C\u00e1lamo de poes\u00eda er\u00f3tica y el texto <a href=\"https:\/\/www.arte.unicen.edu.ar\/cdab\/libros\/sobre-simple-practica-performativa\" target=\"_blank\">Sobre simple pr\u00e1ctica performativa<\/a> de manos de Claudio Santana B\u00f3rquez.<\/li>\n<li>El Secretario General de la Facultad, <strong>Prof. Julio Cicopiedi<\/strong>, don\u00f3 <a href=\"https:\/\/www.arte.unicen.edu.ar\/cdab\/libros\/la-novela-del-fantasma\" target=\"_blank\" rel=\"noreferrer noopener\">La novela del fantasma<\/a> de Beatriz Catani. Seg\u00fan Ariel Farace, <em>&#8220;Catani rastrea la historia de un cuerpo en las obras que crea. En ese pesquisar la autora se divide, se ampl\u00eda y se rasga en voces que escriben y se narran. La novela demarca un inicio y atraviesa finales revisando obras (lo hecho) y preparaciones (lo del porvenir que ya est\u00e1 siendo). Las im\u00e1genes de un archivo personal son presentadas como huellas incomprensibles, preguntas que insisten en ser multiplicadas. Ella, Yo, El Fantasma, son artefactos narrativos, modos que se adoptan para decir \u201cAc\u00e1 estoy yo\u201d. Si ante los fantasmas lo \u00edntimo se expande, Catani ensaya una tesis: en el registro de nuestra intimidad se desnuda la \u00e9poca&#8221;<\/em>.<\/li>\n<\/ul>\n\n\n\n<p>Estos t\u00edtulos estar\u00e1n&nbsp;<strong>disponibles para consulta pr\u00f3ximamente<\/strong>, cuando finalice el proceso de catalogaci\u00f3n por parte de&nbsp;<a href=\"http:\/\/www.biblio.unicen.edu.ar\/\" target=\"_blank\" rel=\"noreferrer noopener\">Biblioteca Central UNICEN<\/a>. Asimismo, recordamos a toda la comunidad que nuestro horario de atenci\u00f3n al p\u00fablico es de <strong>lunes a viernes<\/strong> de <strong>9 a 19 hs.<\/strong><\/p>\n","protected":false},"excerpt":{"rendered":"<p>El mi\u00e9rcoles 15 de abril en el Aula Magna de Rectorado UNICEN se llev\u00f3 a cabo la apertura del II Congreso Internacional en Artes. Procesos creativos, pr\u00e1cticas expandidas y territorialidades, organizado por la Secretar\u00eda de Investigaci\u00f3n y Posgrado de la Facultad de Arte junto al Centro de Investigaciones Dram\u00e1ticas (CID), el Centro de Estudios de Teatro, Educaci\u00f3n y Consumos Culturales [&hellip;]<\/p>\n","protected":false},"author":1,"featured_media":36033,"comment_status":"closed","ping_status":"closed","sticky":false,"template":"","format":"standard","meta":{"_acf_changed":false,"footnotes":""},"categories":[1],"tags":[214,4198,290,215,288,294],"class_list":["post-35998","post","type-post","status-publish","format-standard","has-post-thumbnail","hentry","category-novedades","tag-cdab","tag-congreso-internacional-en-artes","tag-donacion","tag-facultad-de-arte","tag-secretaria-de-investigacion-y-posgrado","tag-unicen"],"acf":[],"_links":{"self":[{"href":"https:\/\/www.arte.unicen.edu.ar\/cdab\/wp-json\/wp\/v2\/posts\/35998","targetHints":{"allow":["GET"]}}],"collection":[{"href":"https:\/\/www.arte.unicen.edu.ar\/cdab\/wp-json\/wp\/v2\/posts"}],"about":[{"href":"https:\/\/www.arte.unicen.edu.ar\/cdab\/wp-json\/wp\/v2\/types\/post"}],"author":[{"embeddable":true,"href":"https:\/\/www.arte.unicen.edu.ar\/cdab\/wp-json\/wp\/v2\/users\/1"}],"replies":[{"embeddable":true,"href":"https:\/\/www.arte.unicen.edu.ar\/cdab\/wp-json\/wp\/v2\/comments?post=35998"}],"version-history":[{"count":2,"href":"https:\/\/www.arte.unicen.edu.ar\/cdab\/wp-json\/wp\/v2\/posts\/35998\/revisions"}],"predecessor-version":[{"id":36043,"href":"https:\/\/www.arte.unicen.edu.ar\/cdab\/wp-json\/wp\/v2\/posts\/35998\/revisions\/36043"}],"wp:featuredmedia":[{"embeddable":true,"href":"https:\/\/www.arte.unicen.edu.ar\/cdab\/wp-json\/wp\/v2\/media\/36033"}],"wp:attachment":[{"href":"https:\/\/www.arte.unicen.edu.ar\/cdab\/wp-json\/wp\/v2\/media?parent=35998"}],"wp:term":[{"taxonomy":"category","embeddable":true,"href":"https:\/\/www.arte.unicen.edu.ar\/cdab\/wp-json\/wp\/v2\/categories?post=35998"},{"taxonomy":"post_tag","embeddable":true,"href":"https:\/\/www.arte.unicen.edu.ar\/cdab\/wp-json\/wp\/v2\/tags?post=35998"}],"curies":[{"name":"wp","href":"https:\/\/api.w.org\/{rel}","templated":true}]}}