{"id":35286,"date":"2025-11-18T14:53:59","date_gmt":"2025-11-18T17:53:59","guid":{"rendered":"https:\/\/www.arte.unicen.edu.ar\/cdab\/?p=35286"},"modified":"2026-03-02T10:27:47","modified_gmt":"2026-03-02T13:27:47","slug":"agradecemos-la-donacion-recibida-xxi-jornadas-del-caia","status":"publish","type":"post","link":"https:\/\/www.arte.unicen.edu.ar\/cdab\/agradecemos-la-donacion-recibida-xxi-jornadas-del-caia\/","title":{"rendered":"Agradecemos la donaci\u00f3n recibida en el marco de las XXI Jornadas del CAIA"},"content":{"rendered":"\n<p>En el marco del <a href=\"https:\/\/caia.org.ar\" target=\"_blank\" rel=\"noreferrer noopener\">XIII Congreso Internacional de Teor\u00eda e Historia de las Artes<\/a> y las <a href=\"https:\/\/caia.org.ar\" target=\"_blank\" rel=\"noreferrer noopener\">XXI Jornadas del CAIA<\/a> que se llevaron a cabo del 5 al 7 de noviembre en el Museo MAR de Mar del Plata, recibimos una <strong>significativa donaci\u00f3n de libros<\/strong> que profundizan los estudios sobre la historia de las artes y la incorporaci\u00f3n de nuevas l\u00edneas historiogr\u00e1ficas que permitan dinamizar las perspectivas disciplinares.<\/p>\n\n\n\n<p>Este gesto del <a href=\"https:\/\/caia.org.ar\" target=\"_blank\" rel=\"noreferrer noopener\">Centro Argentino de Investigadores de Arte (CAIA)<\/a>, gracias a las gestiones de la <strong>Dra. Mar\u00eda Guadalupe Suasn\u00e1bar<\/strong> (Secretaria de Investigaci\u00f3n y Posgrado &#8211; <a href=\"https:\/\/www.arte.unicen.edu.ar\" target=\"_blank\" rel=\"noreferrer noopener\">FA<\/a>, <a href=\"https:\/\/www.unicen.edu.ar\" target=\"_blank\" rel=\"noreferrer noopener\">UNICEN<\/a>), contribuye al pensamiento cr\u00edtico-reflexivo sobre la investigaci\u00f3n art\u00edstica y permite que el <strong>Centro de Documentaci\u00f3n Audiovisual y Biblioteca (CDAB)<\/strong> contin\u00fae ampliando su fondo bibliogr\u00e1fico para consulta de estudiantes, investigadorxs, docentes y no docentes de nuestra comunidad.<\/p>\n\n\n\n<p>Los t\u00edtulos que se incorporar\u00e1n una vez que finalice el proceso de catalogaci\u00f3n por parte de <a href=\"https:\/\/www.biblio.unicen.edu.ar\" target=\"_blank\" rel=\"noreferrer noopener\">Biblioteca Central UNICEN<\/a> son:<\/p>\n\n\n\n<ul style=\"margin: 35px 0px 35px 55px;\">\n<li><a href=\"https:\/\/www.arte.unicen.edu.ar\/cdab\/libros\/desde-la-otra-vereda-momentos-en-el-debate-por-un-arte-moderno-en-la-argentina-1880-1960\" target=\"_blank\" rel=\"noreferrer noopener\">Desde la otra vereda. Momentos en el debate por un arte moderno en la Argentina (1880-1960)<\/a> (1998) coordinado por Diana Beatriz Wechsler. CABA: Ediciones del Jilguero.<\/li>\n<li><a href=\"https:\/\/www.arte.unicen.edu.ar\/cdab\/libros\/epilogos-y-prologos-para-un-fin-de-siglo\" target=\"_blank\" rel=\"noreferrer noopener\">Ep\u00edlogos y pr\u00f3logos para un fin de siglo<\/a> (1999) de AA.VV. CABA: Centro Argentino de Investigadores de Artes (CAIA).<\/li>\n<li><a href=\"https:\/\/www.arte.unicen.edu.ar\/cdab\/libros\/imagenes-perdidas-censura-olvido-descuido-2\" target=\"_blank\" rel=\"noreferrer noopener\">Im\u00e1genes perdidas. Censura, olvido, descuido<\/a> (2007) de AA.VV. CABA: Centro Argentino de Investigadores de Artes (CAIA).<\/li>\n<li><a href=\"https:\/\/www.arte.unicen.edu.ar\/cdab\/libros\/balances-perspectivas-y-renovaciones-disciplinares-de-la-historia-del-arte\" target=\"_blank\" rel=\"noreferrer noopener\">Balances, perspectivas y renovaciones disciplinares de la historia del Arte. V Congreso Internacional de Teor\u00eda e Historia de las Artes \/ XIII Jornadas CAIA<\/a> (2009) coordinado por Silvia Dolinko, Sandra Szir, Agustina Rodr\u00edguez Romero. CABA: Centro Argentino de Investigadores de Artes (CAIA).<\/li>\n<li><a href=\"https:\/\/www.arte.unicen.edu.ar\/cdab\/libros\/travesias-de-la-imagen-historias-artes-visuales-argentina\" target=\"_blank\" rel=\"noreferrer noopener\">Traves\u00edas de la imagen. Historias de las artes visuales en la Argentina. Volumen I<\/a> (2011) editado por Mar\u00eda Isabel Baldasarre, Silvia Dolinko. S\u00e1enz Pe\u00f1a: Editorial de la Universidad Nacional de Tres de Febrero (EDUNTREF).<\/li>\n<li><a href=\"https:\/\/www.arte.unicen.edu.ar\/cdab\/libros\/travesias-de-la-imagen-historias-de-las-artes-visuales-en-la-argentina-volumen-ii\" target=\"_blank\" rel=\"noreferrer noopener\">Traves\u00edas de la imagen. Historias de las artes visuales en la Argentina. Volumen II<\/a> (2012) editado por Mar\u00eda Isabel Baldasarre, Silvia Dolinko. S\u00e1enz Pe\u00f1a: Editorial de la Universidad Nacional de Tres de Febrero (EDUNTREF).<\/li>\n<\/ul>\n\n\n\n<p>Recordamos a toda la comunidad que nuestro horario de atenci\u00f3n al p\u00fablico es de <strong>lunes a viernes<\/strong> de <strong>9 a 19 hs.<\/strong><\/p>\n","protected":false},"excerpt":{"rendered":"<p>En el marco del XIII Congreso Internacional de Teor\u00eda e Historia de las Artes y las XXI Jornadas del CAIA que se llevaron a cabo del 5 al 7 de noviembre en el Museo MAR de Mar del Plata, recibimos una significativa donaci\u00f3n de libros que profundizan los estudios sobre la historia de las artes y la incorporaci\u00f3n de nuevas [&hellip;]<\/p>\n","protected":false},"author":1,"featured_media":35304,"comment_status":"closed","ping_status":"closed","sticky":false,"template":"","format":"standard","meta":{"_acf_changed":false,"footnotes":""},"categories":[1],"tags":[214,290,215,288,294],"class_list":["post-35286","post","type-post","status-publish","format-standard","has-post-thumbnail","hentry","category-novedades","tag-cdab","tag-donacion","tag-facultad-de-arte","tag-secretaria-de-investigacion-y-posgrado","tag-unicen"],"acf":[],"_links":{"self":[{"href":"https:\/\/www.arte.unicen.edu.ar\/cdab\/wp-json\/wp\/v2\/posts\/35286","targetHints":{"allow":["GET"]}}],"collection":[{"href":"https:\/\/www.arte.unicen.edu.ar\/cdab\/wp-json\/wp\/v2\/posts"}],"about":[{"href":"https:\/\/www.arte.unicen.edu.ar\/cdab\/wp-json\/wp\/v2\/types\/post"}],"author":[{"embeddable":true,"href":"https:\/\/www.arte.unicen.edu.ar\/cdab\/wp-json\/wp\/v2\/users\/1"}],"replies":[{"embeddable":true,"href":"https:\/\/www.arte.unicen.edu.ar\/cdab\/wp-json\/wp\/v2\/comments?post=35286"}],"version-history":[{"count":1,"href":"https:\/\/www.arte.unicen.edu.ar\/cdab\/wp-json\/wp\/v2\/posts\/35286\/revisions"}],"predecessor-version":[{"id":35813,"href":"https:\/\/www.arte.unicen.edu.ar\/cdab\/wp-json\/wp\/v2\/posts\/35286\/revisions\/35813"}],"wp:featuredmedia":[{"embeddable":true,"href":"https:\/\/www.arte.unicen.edu.ar\/cdab\/wp-json\/wp\/v2\/media\/35304"}],"wp:attachment":[{"href":"https:\/\/www.arte.unicen.edu.ar\/cdab\/wp-json\/wp\/v2\/media?parent=35286"}],"wp:term":[{"taxonomy":"category","embeddable":true,"href":"https:\/\/www.arte.unicen.edu.ar\/cdab\/wp-json\/wp\/v2\/categories?post=35286"},{"taxonomy":"post_tag","embeddable":true,"href":"https:\/\/www.arte.unicen.edu.ar\/cdab\/wp-json\/wp\/v2\/tags?post=35286"}],"curies":[{"name":"wp","href":"https:\/\/api.w.org\/{rel}","templated":true}]}}