{"id":35218,"date":"2025-12-04T11:40:20","date_gmt":"2025-12-04T14:40:20","guid":{"rendered":"https:\/\/www.arte.unicen.edu.ar\/cdab\/?p=35218"},"modified":"2025-12-15T18:54:34","modified_gmt":"2025-12-15T21:54:34","slug":"un-anio-lecturas-acercan-nuevos-libros-reconocimientos-cdab-2025","status":"publish","type":"post","link":"https:\/\/www.arte.unicen.edu.ar\/cdab\/un-anio-lecturas-acercan-nuevos-libros-reconocimientos-cdab-2025\/","title":{"rendered":"Un a\u00f1o de lecturas que te acercan a nuevos libros. Muy pronto se entregan los &#8220;Reconocimientos CDAB&#8221; 2025"},"content":{"rendered":"\n<p>Con el objetivo de promover la lectura, la formaci\u00f3n acad\u00e9mica, la investigaci\u00f3n y el pensamiento cr\u00edtico-reflexivo sobre la pr\u00e1ctica art\u00edstica, compromisos constantes del <strong>Centro de Documentaci\u00f3n Audiovisual y Biblioteca (CDAB)<\/strong> de la <a href=\"https:\/\/www.arte.unicen.edu.ar\" target=\"_blank\" rel=\"noreferrer noopener\">Facultad de Arte<\/a>, regresan los <span style=\"color: #855691; font-weight: bold;\">RECONOCIMIENTOS CDAB<\/span>. Mediante esta iniciativa impulsada desde diciembre de 2023 se otorgan <strong>3 (tres) distinciones a quienes se involucran activamente en el espacio<\/strong>. Este a\u00f1o, adem\u00e1s del <strong>retiro de libros en calidad de pr\u00e9stamo domiciliario<\/strong>, se distinguir\u00e1 la utilizaci\u00f3n del \u00e1rea de trabajo <a href=\"https:\/\/www.arte.unicen.edu.ar\/cdab\/facultad-de-arte-computadoras-programa-espacio-progresar-en-el-cdab\" target=\"_blank\" rel=\"noreferrer noopener\">&#8220;Espacios Progresar&#8221;<\/a> y el <a href=\"https:\/\/www.arte.unicen.edu.ar\/cdab\/homenajes-clasicos-restaurados-segunda-edicion-en-primer-plano\" target=\"_blank\" rel=\"noreferrer noopener\">acompa\u00f1amiento al ciclo &#8220;en primer plano&#8221;<\/a>.<\/p>\n\n\n\n<p><strong>La acci\u00f3n es posible gracias al apoyo y la colaboraci\u00f3n de las librer\u00edas locales <a style=\"color: #855691;\" href=\"https:\/\/www.instagram.com\/lacasaazul.libros\" target=\"_blank\" rel=\"noreferrer noopener\">La Casa Azul<\/a> (Pje. Fournier 19) y <a style=\"color: #855691;\" href=\"https:\/\/www.instagram.com\/libreriahola\" target=\"_blank\" rel=\"noreferrer noopener\">\u00a1Hola! Librer\u00eda<\/a> (Sarmiento 729), el sello editorial <a style=\"color: #855691;\" href=\"https:\/\/www.arte.unicen.edu.ar\/artepublicaciones\" target=\"_blank\" rel=\"noreferrer noopener\">Arte Publicaciones<\/a>, el <a style=\"color: #855691;\" href=\"https:\/\/www.instagram.com\/espacio_incaa_unicen\" target=\"_blank\" rel=\"noreferrer noopener\">Espacio INCAA UNICEN<\/a> (Hip\u00f3lito Yrigoyen 662) y el <a style=\"color: #855691;\" href=\"https:\/\/www.instagram.com\/teatrofabricala\" target=\"_blank\" rel=\"noreferrer noopener\">Teatro La F\u00e1brica<\/a> (Pinto 359) por intermedio de <a href=\"https:\/\/www.instagram.com\/culturaunicen\" target=\"_blank\" rel=\"noreferrer noopener\" style=\"color: #855691;\">Cultura UNICEN<\/a>.<\/strong><\/p>\n\n\n\n<p>Este a\u00f1o se reconocer\u00e1:<\/p>\n\n\n\n<div style=\"margin: 20px auto 20px; padding: 0px 0px 10px 20px;\"><strong><i class=\"fa fa-arrow-circle-right\" aria-hidden=\"true\" style=\"padding-right: 14px; color: #855691;\"><\/i> <span style=\"color: #855691;\">Lector 2025<\/span> | 1 orden de compra en &#8220;La Casa Azul&#8221; por un monto de $40.000 + 6 entradas a funciones del Espacio INCAA UNICEN + 1 totebag y 1 l\u00e1piz de Facultad de Arte<\/strong>.<br \/><strong><i class=\"fa fa-arrow-circle-right\" aria-hidden=\"true\" style=\"padding-right: 14px; color: #855691;\"><\/i> <span style=\"color: #855691;\">Usuario &#8220;Espacios Progresar&#8221;<\/span> | 1 orden de compra en &#8220;\u00a1Hola! Librer\u00eda&#8221; por un monto de $25.000 + 2 entradas a funciones del Teatro La F\u00e1brica + 1 totebag y 1 l\u00e1piz de Facultad de Arte.<\/strong><br \/><strong><i class=\"fa fa-arrow-circle-right\" aria-hidden=\"true\" style=\"padding-right: 14px; color: #855691;\"><\/i> <span style=\"color: #855691;\">Espectador &#8220;en primer plano&#8221;<\/span> | 1 libro de Arte Publicaciones + 4 entradas a funciones del Espacio INCAA UNICEN + 1 totebag y 1 l\u00e1piz de Facultad de Arte.<\/strong><\/div>\n\n\n\n<p>En los pr\u00f3ximos d\u00edas estaremos contactando por correo electr\u00f3nico a lxs usuarixs que obtendr\u00e1n estas distinciones y difundiremos los resultados en nuestra web y los canales de comunicaci\u00f3n institucionales.<\/p>\n\n\n\n<div style=\"margin: 25px auto;\"><a href=\"https:\/\/www.arte.unicen.edu.ar\/cdab\/wp-content\/uploads\/2025\/12\/reconocimientos-cdab-2025.jpg\" data-fancybox=\"gallery\" data-caption=\"Un a\u00f1o de lecturas que te acercan a nuevos libros. Muy pronto se entregan los &#8220;Reconocimientos CDAB&#8221; 2025\"><img decoding=\"async\" class=\"aligncenter size-medium wp-image-2866\" src=\"https:\/\/www.arte.unicen.edu.ar\/cdab\/wp-content\/uploads\/2025\/12\/reconocimientos-cdab-2025-768x385.jpg\" alt=\"Muy pronto llegan los 'Reconocimientos CDAB' 2025\" title=\"Muy pronto llegan los 'Reconocimientos CDAB' 2025\"\/><\/a><\/div>\n\n\n\n<hr style=\"margin: 35px auto;\" \/>\n\n\n\n<h3 class=\"wp-block-heading\">Condiciones de elegibilidad<\/h3>\n\n\n\n<p>Los <strong>RECONOCIMIENTOS CDAB<\/strong> (en adelante &#8220;la\/s distinci\u00f3n\/es&#8221;) son una iniciativa organizada por el <a href=\"https:\/\/www.arte.unicen.edu.ar\/cdab\" target=\"_blank\" rel=\"noreferrer noopener\">Centro de Documentaci\u00f3n Audiovisual y Biblioteca<\/a> (en adelante &#8220;CDAB&#8221;) dependiente de la <a href=\"https:\/\/www.arte.unicen.edu.ar\/secretarias\/investigacion-posgrado\" target=\"_blank\" rel=\"noreferrer noopener\">Secretar\u00eda de Investigaci\u00f3n y Posgrado<\/a> de la <a href=\"https:\/\/www.arte.unicen.edu.ar\" target=\"_blank\" rel=\"noreferrer noopener\">Facultad de Arte<\/a> de la <a href=\"http:\/\/www.unicen.edu.ar\" target=\"_blank\" rel=\"noreferrer noopener\">Universidad Nacional del Centro de la Provincia de Buenos Aires<\/a> (en adelante &#8220;UNICEN&#8221;), con el objetivo de promover la lectura, visibilizar el espacio, difundir el fondo bibliogr\u00e1fico disponible para consulta, incentivar a que el retiro de libros se vuelva una pr\u00e1ctica asidua e impulsar la participaci\u00f3n activa de la comunidad. La entrega de las distinciones se regir\u00e1 de acuerdo a los t\u00e9rminos detallados en las presentes Condiciones de elegibilidad.<\/p>\n\n\n\n<ol class=\"wp-block-list\">\n<li>Se consideran susceptibles de recibir una distinci\u00f3n todas aquellas <strong>personas f\u00edsicas<\/strong>, residentes en la Rep\u00fablica Argentina, que <strong>formen parte de la comunidad de la <a href=\"https:\/\/www.arte.unicen.edu.ar\" target=\"_blank\" rel=\"noreferrer noopener\">Facultad de Arte<\/a> (estudiantes, investigadorxs, graduadxs empadronados, docentes, no docentes)<\/strong> y que al <strong>28 de noviembre de 2025 hayan retirado uno o m\u00e1s libros en calidad de pr\u00e9stamo domiciliario<\/strong>, <a href=\"https:\/\/www.arte.unicen.edu.ar\/cdab\/homenajes-clasicos-restaurados-segunda-edicion-en-primer-plano\" target=\"_blank\" rel=\"noreferrer noopener\">asistido al ciclo &#8220;en primer plano&#8221;<\/a> o <strong>utilizado los equipos del <a href=\"https:\/\/www.arte.unicen.edu.ar\/cdab\/facultad-de-arte-computadoras-programa-espacio-progresar-en-el-cdab\" target=\"_blank\" rel=\"noreferrer noopener\">sector &#8220;Espacios Progresar&#8221;<\/a><\/strong>. <strong>No podr\u00e1n recibir una nueva distinci\u00f3n quienes la obtuvieron en las ediciones 2023 o 2024.<\/strong><\/li>\n\n\n\n<li>Se seleccionar\u00e1n <strong>3 (tres) personas para la entrega de 1 (una) distinci\u00f3n a cada una de ellas<\/strong>, teniendo en cuenta: la <strong>cantidad de libros retirados en el per\u00edodo comprendido entre el 6 de febrero y el 28 de noviembre de 2025<\/strong>, la <strong>correcta realizaci\u00f3n de renovaciones<\/strong> (en caso de que apliquen) y la <strong>devoluci\u00f3n de los materiales en tiempo y forma<\/strong>. Adem\u00e1s se distinguir\u00e1 al <strong>espectador &#8220;en primer plano&#8221;<\/strong> y quienes <strong>concurrieron asiduamente al sector &#8220;Espacios Progresar&#8221;. Ser\u00e1 requisito excluyente que lxs usuarixs no adeuden materiales ni tengan reclamos de devoluci\u00f3n en curso al 28 de noviembre de 2025<\/strong>.<\/li>\n\n\n\n<li>Las distinciones consisten en: <div style=\"margin: 10px auto 0px; padding: 0px 0px 10px 20px;\"><strong><i class=\"fa fa-arrow-circle-right\" aria-hidden=\"true\" style=\"padding-right: 14px; color: #855691;\"><\/i> <span style=\"color: #855691;\">Lector 2025:<\/span> 1 (una) orden de compra en &#8220;La Casa Azul&#8221; por un monto total de $40.000 (cuarenta mil pesos argentinos) + 6 (seis) entradas a funciones del Espacio INCAA UNICEN durante 2026 + 1 (una) totebag y 1 (un) l\u00e1piz de Facultad de Arte<\/strong>.<br \/><br \/><strong><i class=\"fa fa-arrow-circle-right\" aria-hidden=\"true\" style=\"padding-right: 14px; color: #855691;\"><\/i> <span style=\"color: #855691;\">Usuario &#8220;Espacios Progresar&#8221;:<\/span> 1 (una) orden de compra en &#8220;\u00a1Hola! Librer\u00eda&#8221; por un monto total de $25.000 (veinticinco mil pesos argentinos) + 2 (dos) entradas a funciones del Teatro La F\u00e1brica (las mismas tendr\u00e1n validez durante el primer semestre de 2026 y no podr\u00e1n utilizarse para obras estreno) + 1 (una) totebag y 1 (un) l\u00e1piz de Facultad de Arte.<\/strong><br \/><br \/><strong><i class=\"fa fa-arrow-circle-right\" aria-hidden=\"true\" style=\"padding-right: 14px; color: #855691;\"><\/i> <span style=\"color: #855691;\">Espectador &#8220;en primer plano&#8221;:<\/span> 1 (un) libro de Arte Publicaciones a elecci\u00f3n + 4 (cuatro) entradas a funciones del Espacio INCAA UNICEN durante 2026 + 1 (una) totebag y 1 (un) l\u00e1piz de Facultad de Arte.<\/strong><\/div><\/li>\n\n\n\n<li>En relaci\u00f3n a los libros editados por el sello <a href=\"https:\/\/www.arte.unicen.edu.ar\/artepublicaciones\" target=\"_blank\" rel=\"noreferrer noopener\">Arte Publicaciones<\/a>, quien reciba la distinci\u00f3n podr\u00e1 optar por los siguientes t\u00edtulos: <em><strong>Instituciones, identidades, po\u00e9ticas. Pr\u00e1cticas y trayectorias art\u00edsticas en el sur de la Provincia de Buenos Aires<\/strong><\/em> compilado por Teresita Mar\u00eda Victoria Fuentes y Ana Silva; <em><strong>Tiempo transmutado: Nuevas investigaciones art\u00edsticas<\/strong><\/em> de AA.VV.; <em><strong>Dramaturgias, trayectorias y experiencias. Artes esc\u00e9nicas en la Regi\u00f3n Centro Sudeste de la Provincia de Buenos Aires<\/strong><\/em> compilado por Teresita Mar\u00eda Victoria Fuentes y Diana Gabriela Barreyra; <em><strong>TEATRO, dise\u00f1o curricular y dise\u00f1o de la ense\u00f1anza<\/strong><\/em> de Mar\u00eda Marcela Bertoldi; <em><strong>Po\u00e9ticas de la persistencia. Ferrocarril, artes y memorias en la construcci\u00f3n de territorios<\/strong><\/em> editado por Ana Silva y Jorge Tripiana; <strong><em>El Teatro y la Historia. Volumen 1<\/em><\/strong> editado por Julia Lavatelli, Daniela Ferrari y Esteban Bresolin; <strong><em>Gu\u00eda AyT. Arte y T\u00e9cnica de bolsillo. Interdisciplina en la escena tandilense 2013-2023<\/em><\/strong> compilado por Lucrecia Etchecoin, Marianela Gervasoni, Daniel Giacomelli, Luz Hojsgaard, Pilar Jaureguiberry, Yanina Jensen, Mat\u00edas Petrini, Luc\u00eda Ruiz, Julieta Tejada y Agustina Villanes; <em><strong>Teatro de Diego de Miguel<\/strong><\/em> de Diego de Miguel; y <em><strong>Teatro entre diagonales<\/strong><\/em> de Roxana Arambur\u00fa, Febe Chaves y Beatriz Catani. <strong>En todos los casos, la entrega estar\u00e1 sujeta a disponibilidad de stock.<\/strong><\/li>\n\n\n\n<li>Las distinciones son <strong>personales e intransferibles<\/strong>. No podr\u00e1n ser canjeadas por dinero en efectivo, ni por ning\u00fan otro bien y\/o servicio distinto de los mencionados expresamente en estas bases. No incluyen gastos de env\u00edo. Las distinciones no podr\u00e1n ser intercambiadas o comercializadas con terceros, ni podr\u00e1n ser reclamadas por otras personas que no sean lxs titulares.<\/li>\n\n\n\n<li>No podr\u00e1n participar de esta acci\u00f3n las personas jur\u00eddicas, ni quienes est\u00e9n relacionados de alg\u00fan modo al <strong>CDAB<\/strong>, as\u00ed como tampoco sus respectivos familiares en l\u00ednea directa hasta el segundo grado de consanguinidad inclusive.<\/li>\n\n\n\n<li>Las decisiones del <strong>CDAB<\/strong> ser\u00e1n inapelables. <strong>Cualquier aspecto no contemplado o no resuelto en las presentes Condiciones de elegibilidad quedar\u00e1 a exclusivo criterio del Centro de Documentaci\u00f3n y\/o la Secretar\u00eda de Investigaci\u00f3n y Posgrado.<\/strong><\/li>\n\n\n\n<li>Los reconocimientos ser\u00e1n anunciados a lxs titulares por correo electr\u00f3nico y deber\u00e1n <strong>retirarse personalmente en el CDAB (9 de Julio 430, planta baja) a partir del lunes 15 de diciembre de 2025 en el horario de 9 a 15 hs.<\/strong><\/li>\n\n\n\n<li>La presente acci\u00f3n en ning\u00fan momento implica el establecimiento y\/o formalizaci\u00f3n de una obligaci\u00f3n comercial.<\/li>\n\n\n\n<li>Lxs usuarixs que reciban las distinciones autorizan expresamente al <strong>CDAB<\/strong> a utilizar sus nombres, im\u00e1genes personales y\/o voces con fines promocionales en los canales de comunicaci\u00f3n institucionales que considere necesarios y en la forma en que estime m\u00e1s conveniente. Todo ello sin perjuicio ni derecho a compensaci\u00f3n alguna, sin l\u00edmite de territorios, pasadas y\/o tiempo.<\/li>\n\n\n\n<li>El retiro de las distinciones implica la <strong>aceptaci\u00f3n expresa de todas y cada una de las disposiciones descriptas en estas Condiciones de elegibilidad<\/strong>.<\/li>\n<\/ol>\n","protected":false},"excerpt":{"rendered":"<p>Con el objetivo de promover la lectura, la formaci\u00f3n acad\u00e9mica, la investigaci\u00f3n y el pensamiento cr\u00edtico-reflexivo sobre la pr\u00e1ctica art\u00edstica, compromisos constantes del Centro de Documentaci\u00f3n Audiovisual y Biblioteca (CDAB) de la Facultad de Arte, regresan los RECONOCIMIENTOS CDAB. Mediante esta iniciativa impulsada desde diciembre de 2023 se otorgan 3 (tres) distinciones a quienes se involucran activamente en el espacio. [&hellip;]<\/p>\n","protected":false},"author":1,"featured_media":35396,"comment_status":"closed","ping_status":"closed","sticky":false,"template":"","format":"standard","meta":{"_acf_changed":false,"footnotes":""},"categories":[1],"tags":[292,214,215,4125,288,294],"class_list":["post-35218","post","type-post","status-publish","format-standard","has-post-thumbnail","hentry","category-novedades","tag-arte-publicaciones","tag-cdab","tag-facultad-de-arte","tag-reconocimientos-cdab","tag-secretaria-de-investigacion-y-posgrado","tag-unicen"],"acf":[],"_links":{"self":[{"href":"https:\/\/www.arte.unicen.edu.ar\/cdab\/wp-json\/wp\/v2\/posts\/35218","targetHints":{"allow":["GET"]}}],"collection":[{"href":"https:\/\/www.arte.unicen.edu.ar\/cdab\/wp-json\/wp\/v2\/posts"}],"about":[{"href":"https:\/\/www.arte.unicen.edu.ar\/cdab\/wp-json\/wp\/v2\/types\/post"}],"author":[{"embeddable":true,"href":"https:\/\/www.arte.unicen.edu.ar\/cdab\/wp-json\/wp\/v2\/users\/1"}],"replies":[{"embeddable":true,"href":"https:\/\/www.arte.unicen.edu.ar\/cdab\/wp-json\/wp\/v2\/comments?post=35218"}],"version-history":[{"count":1,"href":"https:\/\/www.arte.unicen.edu.ar\/cdab\/wp-json\/wp\/v2\/posts\/35218\/revisions"}],"predecessor-version":[{"id":35487,"href":"https:\/\/www.arte.unicen.edu.ar\/cdab\/wp-json\/wp\/v2\/posts\/35218\/revisions\/35487"}],"wp:featuredmedia":[{"embeddable":true,"href":"https:\/\/www.arte.unicen.edu.ar\/cdab\/wp-json\/wp\/v2\/media\/35396"}],"wp:attachment":[{"href":"https:\/\/www.arte.unicen.edu.ar\/cdab\/wp-json\/wp\/v2\/media?parent=35218"}],"wp:term":[{"taxonomy":"category","embeddable":true,"href":"https:\/\/www.arte.unicen.edu.ar\/cdab\/wp-json\/wp\/v2\/categories?post=35218"},{"taxonomy":"post_tag","embeddable":true,"href":"https:\/\/www.arte.unicen.edu.ar\/cdab\/wp-json\/wp\/v2\/tags?post=35218"}],"curies":[{"name":"wp","href":"https:\/\/api.w.org\/{rel}","templated":true}]}}