{"id":35201,"date":"2025-11-13T10:57:38","date_gmt":"2025-11-13T13:57:38","guid":{"rendered":"https:\/\/www.arte.unicen.edu.ar\/cdab\/?p=35201"},"modified":"2025-12-04T09:47:07","modified_gmt":"2025-12-04T12:47:07","slug":"facultad-de-arte-semana-internacional-ciencia-artes-produccion-conocimientos","status":"publish","type":"post","link":"https:\/\/www.arte.unicen.edu.ar\/cdab\/facultad-de-arte-semana-internacional-ciencia-artes-produccion-conocimientos\/","title":{"rendered":"La Facultad de Arte se sum\u00f3 a la Semana Internacional de la Ciencia, las Artes y la Producci\u00f3n de Conocimientos"},"content":{"rendered":"\n<p>La <a href=\"https:\/\/semanadelaciencia.cin.edu.ar\" target=\"_blank\" rel=\"noreferrer noopener\">Semana Internacional de la Ciencia, las Artes y la Producci\u00f3n de Conocimientos<\/a> impulsa la proyecci\u00f3n internacional del sistema cient\u00edfico y universitario argentino, fomentando el di\u00e1logo entre las instituciones de educaci\u00f3n superior y la comunidad local, regional y global. Esta iniciativa del <a href=\"https:\/\/www.cin.edu.ar\" target=\"_blank\" rel=\"noreferrer noopener\">Consejo Interuniversitario Nacional (CIN)<\/a> pone en valor <strong>el conocimiento y su aporte a los desaf\u00edos contempor\u00e1neos<\/strong>: la paz, el desarrollo sostenible, la inclusi\u00f3n social, la protecci\u00f3n del ambiente y la ampliaci\u00f3n de derechos.<\/p>\n\n\n\n<p>Aunque el conocimiento que se genera en las universidades p\u00fablicas no reconoce fronteras, tiene sus ra\u00edces en la tradici\u00f3n cient\u00edfica, art\u00edstica, tecnol\u00f3gica y human\u00edstica que han forjado con un fuerte compromiso social. Por este motivo, del <strong>10 al 15 de noviembre<\/strong> se present\u00f3 una agenda federal con m\u00faltiples actividades que reafirman <strong>la ciencia y la educaci\u00f3n superior como bienes p\u00fablicos y sociales, derechos humanos fundamentales y pilares de la soberan\u00eda y la integraci\u00f3n regional<\/strong>.<\/p>\n\n\n\n<p>Desde la <a href=\"https:\/\/www.arte.unicen.edu.ar\" target=\"_blank\" rel=\"noreferrer noopener\">Facultad de Arte<\/a>, el <strong>mi\u00e9rcoles 12 de noviembre<\/strong> se <a href=\"https:\/\/www.arte.unicen.edu.ar\/masterclass-con-mauricio-kartun\" target=\"_blank\" rel=\"noreferrer noopener\">llev\u00f3 a cabo en el Aula Magna de la UNICEN la <em>master class<\/em> &#8220;Una visita guiada a la cabeza de un dramaturgo&#8221;<\/a> a cargo de <strong>Mauricio Kartun<\/strong>. Esta actividad fue sostenida como parte de la lucha por la implementaci\u00f3n de la Ley de Financiamiento Universitario. Adem\u00e1s, la <a href=\"https:\/\/www.arte.unicen.edu.ar\/secretarias\/investigacion-posgrado\" target=\"_blank\" rel=\"noreferrer noopener\">Secretar\u00eda de Investigaci\u00f3n y Posgrado<\/a> present\u00f3 una pieza audiovisual -acompa\u00f1ada por c\u00e1psulas para redes sociales- en la que se difunden en primera persona las voces de <strong>quienes crean e investigan desde el campo de las artes<\/strong>. El registro plasma las l\u00edneas de trabajo, los enfoques y las derivas de los distintos <strong>proyectos y grupos de investigaci\u00f3n<\/strong> que integran los <strong>tres n\u00facleos<\/strong> de la Facultad.<\/p>\n\n\n\n<p>Luego de las palabras institucionales a cargo de la <strong>Lic. Daniela Ferrari<\/strong> (Decana &#8211; <a href=\"https:\/\/www.arte.unicen.edu.ar\" target=\"_blank\" rel=\"noreferrer noopener\">FA<\/a>, <a href=\"https:\/\/www.unicen.edu.ar\" target=\"_blank\" rel=\"noreferrer noopener\">UNICEN<\/a>), se presenta el <a href=\"https:\/\/www.arte.unicen.edu.ar\/secretarias\/investigacion-posgrado\/nucleos\/cid\" target=\"_blank\" rel=\"noreferrer noopener\">Centro de Investigaciones Dram\u00e1ticas (CID)<\/a> a trav\u00e9s de la <strong>Dra. Mar\u00eda Guadalupe Suasn\u00e1bar<\/strong> (Secretaria de Investigaci\u00f3n y Posgrado &#8211; <a href=\"https:\/\/www.arte.unicen.edu.ar\" target=\"_blank\" rel=\"noreferrer noopener\">FA<\/a>, <a href=\"https:\/\/www.unicen.edu.ar\" target=\"_blank\" rel=\"noreferrer noopener\">UNICEN<\/a>), la <strong>Dra. Julia Lavatelli<\/strong> (Secretaria Acad\u00e9mica &#8211; <a href=\"https:\/\/www.arte.unicen.edu.ar\" target=\"_blank\" rel=\"noreferrer noopener\">FA<\/a>, <a href=\"https:\/\/www.unicen.edu.ar\" target=\"_blank\" rel=\"noreferrer noopener\">UNICEN<\/a>), el <strong>Dr. Sebasti\u00e1n Huber<\/strong> (Director de la <a href=\"https:\/\/www.arte.unicen.edu.ar\/carreras\/posgrado\/maestria-en-teatro\/\" target=\"_blank\" rel=\"noreferrer noopener\">Maestr\u00eda en Teatro<\/a> &#8211; <a href=\"https:\/\/www.arte.unicen.edu.ar\" target=\"_blank\" rel=\"noreferrer noopener\">FA<\/a>, <a href=\"https:\/\/www.unicen.edu.ar\" target=\"_blank\" rel=\"noreferrer noopener\">UNICEN<\/a>), la <strong>Mg. Gabriela P\u00e9rez Cubas<\/strong>, la <strong>Lic. Cinthia Vazquez<\/strong>, el <strong>Mg. Mart\u00edn Rosso<\/strong>, el <strong>Dr. Juan Urraco<\/strong>, la <strong>Dra. Anabel Paoletta<\/strong> y la <strong>Mg. Lucrecia Etchecoin<\/strong>. El <a href=\"https:\/\/www.arte.unicen.edu.ar\/secretarias\/investigacion-posgrado\/nucleos\/giapa\" target=\"_blank\" rel=\"noreferrer noopener\">Grupo de Investigaci\u00f3n a trav\u00e9s de la Pr\u00e1ctica Art\u00edstica (GIAPA)<\/a> cuenta con la exposici\u00f3n de su directora <strong>Mg. Mar\u00eda Bel\u00e9n Errendasoro<\/strong>, la co-directora <strong>Mg. Paula Fern\u00e1ndez<\/strong> y la <strong>Mg. Gabriela Gonz\u00e1lez<\/strong>. Por \u00faltimo, el <a href=\"https:\/\/www.arte.unicen.edu.ar\/tecc\">Centro de Estudios de Teatro, Educaci\u00f3n y Consumos Culturales (TECC)<\/a> es representado por su co-directora <strong>Dra. Ana Silva<\/strong>, el <strong>Dr. Juan Manuel Padr\u00f3n<\/strong> (Director de la <a href=\"https:\/\/www.arte.unicen.edu.ar\/carreras\/posgrado\/maestria-en-arte-y-sociedad-en-latinoamerica\/\" target=\"_blank\" rel=\"noreferrer noopener\">Maestr\u00eda en Arte y Sociedad en Latinoam\u00e9rica<\/a> &#8211; <a href=\"https:\/\/www.arte.unicen.edu.ar\" target=\"_blank\" rel=\"noreferrer noopener\">FA<\/a>, <a href=\"https:\/\/www.unicen.edu.ar\" target=\"_blank\" rel=\"noreferrer noopener\">UNICEN<\/a>), la <strong>Dra. Gabriela Pi\u00f1ero<\/strong>, la <strong>Mg. Marcela Bertoldi<\/strong>, el <strong>Dr. Javier Campo<\/strong>, la <strong>Lic. Diana Barreyra<\/strong> y la <strong>Mg. Marisa Rodr\u00edguez<\/strong>.<\/p>\n\n\n\n<div style=\"margin: 30px auto 50px; width: 100%; text-align: center;\"><iframe loading=\"lazy\" width=\"720\" height=\"405\" src=\"https:\/\/www.youtube.com\/embed\/uIR_awBfJcQ\" title=\"YouTube video player\" frameborder=\"0\" allow=\"accelerometer; autoplay; clipboard-write; encrypted-media; gyroscope; picture-in-picture; web-share\" referrerpolicy=\"strict-origin-when-cross-origin\" allowfullscreen><\/iframe><\/div>\n\n\n\n<p>La realizaci\u00f3n audiovisual fue coordinada desde la <a href=\"https:\/\/www.arte.unicen.edu.ar\/secretarias\/investigacion-posgrado\" target=\"_blank\" rel=\"noreferrer noopener\">Secretar\u00eda de Investigaci\u00f3n y Posgrado<\/a> por la <strong>Dra. Mar\u00eda Guadalupe Suasn\u00e1bar<\/strong>. Los roles t\u00e9cnicos estuvieron a cargo de <strong>Mart\u00edn &#8220;Freddy&#8221; Krieger<\/strong>, <strong>Rosario Pereyra<\/strong>, <strong>Yanina Jensen<\/strong> y <strong>Mat\u00edas Petrini<\/strong>.<\/p>\n","protected":false},"excerpt":{"rendered":"<p>La Semana Internacional de la Ciencia, las Artes y la Producci\u00f3n de Conocimientos impulsa la proyecci\u00f3n internacional del sistema cient\u00edfico y universitario argentino, fomentando el di\u00e1logo entre las instituciones de educaci\u00f3n superior y la comunidad local, regional y global. Esta iniciativa del Consejo Interuniversitario Nacional (CIN) pone en valor el conocimiento y su aporte a los desaf\u00edos contempor\u00e1neos: la paz, [&hellip;]<\/p>\n","protected":false},"author":1,"featured_media":35213,"comment_status":"closed","ping_status":"closed","sticky":false,"template":"","format":"standard","meta":{"_acf_changed":false,"footnotes":""},"categories":[1],"tags":[1017,2600,215,2624,288,294],"class_list":["post-35201","post","type-post","status-publish","format-standard","has-post-thumbnail","hentry","category-novedades","tag-tecc","tag-centro-de-investigaciones-dramaticas-cid","tag-facultad-de-arte","tag-grupo-de-investigacion-a-traves-de-la-practica-artistica-giapa","tag-secretaria-de-investigacion-y-posgrado","tag-unicen"],"acf":[],"_links":{"self":[{"href":"https:\/\/www.arte.unicen.edu.ar\/cdab\/wp-json\/wp\/v2\/posts\/35201","targetHints":{"allow":["GET"]}}],"collection":[{"href":"https:\/\/www.arte.unicen.edu.ar\/cdab\/wp-json\/wp\/v2\/posts"}],"about":[{"href":"https:\/\/www.arte.unicen.edu.ar\/cdab\/wp-json\/wp\/v2\/types\/post"}],"author":[{"embeddable":true,"href":"https:\/\/www.arte.unicen.edu.ar\/cdab\/wp-json\/wp\/v2\/users\/1"}],"replies":[{"embeddable":true,"href":"https:\/\/www.arte.unicen.edu.ar\/cdab\/wp-json\/wp\/v2\/comments?post=35201"}],"version-history":[{"count":2,"href":"https:\/\/www.arte.unicen.edu.ar\/cdab\/wp-json\/wp\/v2\/posts\/35201\/revisions"}],"predecessor-version":[{"id":35385,"href":"https:\/\/www.arte.unicen.edu.ar\/cdab\/wp-json\/wp\/v2\/posts\/35201\/revisions\/35385"}],"wp:featuredmedia":[{"embeddable":true,"href":"https:\/\/www.arte.unicen.edu.ar\/cdab\/wp-json\/wp\/v2\/media\/35213"}],"wp:attachment":[{"href":"https:\/\/www.arte.unicen.edu.ar\/cdab\/wp-json\/wp\/v2\/media?parent=35201"}],"wp:term":[{"taxonomy":"category","embeddable":true,"href":"https:\/\/www.arte.unicen.edu.ar\/cdab\/wp-json\/wp\/v2\/categories?post=35201"},{"taxonomy":"post_tag","embeddable":true,"href":"https:\/\/www.arte.unicen.edu.ar\/cdab\/wp-json\/wp\/v2\/tags?post=35201"}],"curies":[{"name":"wp","href":"https:\/\/api.w.org\/{rel}","templated":true}]}}