{"id":35199,"date":"2025-11-07T09:48:00","date_gmt":"2025-11-07T12:48:00","guid":{"rendered":"https:\/\/www.arte.unicen.edu.ar\/cdab\/?p=35199"},"modified":"2025-12-04T09:52:09","modified_gmt":"2025-12-04T12:52:09","slug":"cdab-en-xxi-jornadas-del-caia","status":"publish","type":"post","link":"https:\/\/www.arte.unicen.edu.ar\/cdab\/cdab-en-xxi-jornadas-del-caia\/","title":{"rendered":"Integrantes del CDAB participaron del XIII Congreso Internacional de Teor\u00eda e Historia de las Artes y las XXI Jornadas del CAIA"},"content":{"rendered":"\n<p>El <a href=\"https:\/\/www.caia.org.ar\" target=\"_blank\" rel=\"noreferrer noopener\">Centro Argentino de Investigadores de Arte (CAIA)<\/a> es una asociaci\u00f3n creada en 1989 que nuclea a profesionales de la historia y la teor\u00eda del arte. Est\u00e1 conformado por investigadorxs, docentes y becarixs que tienen sus sedes de trabajo en institutos, universidades, centros de investigaci\u00f3n y museos de todo el pa\u00eds, como as\u00ed tambi\u00e9n por profesionales independientes. Desde sus or\u00edgenes desarrolla las <strong>Jornadas de Teor\u00eda e Historia del Arte<\/strong>, encuentros de discusi\u00f3n e intercambio para la renovaci\u00f3n del panorama disciplinar en la Argentina, y a partir de 2001 se realiza el <strong>Congreso Internacional de Teor\u00eda e Historia de las Artes<\/strong>, \u00e1mbito de referencia para la construcci\u00f3n sostenida y colectiva de la historia de las artes.<\/p>\n\n\n\n<p>El pasado <strong>jueves 6 de noviembre<\/strong>, <strong>Yanina Jensen<\/strong> (Coordinadora del <strong>CDAB<\/strong> y docente &#8211; <a href=\"https:\/\/www.arte.unicen.edu.ar\" target=\"_blank\" rel=\"noreferrer noopener\">FA<\/a>, <a href=\"https:\/\/www.unicen.edu.ar\" target=\"_blank\" rel=\"noreferrer noopener\">UNICEN<\/a>) y <strong>Mat\u00edas Petrini<\/strong> (no docente en <strong>CDAB<\/strong> y docente &#8211; <a href=\"https:\/\/www.arte.unicen.edu.ar\" target=\"_blank\" rel=\"noreferrer noopener\">FA<\/a>, <a href=\"https:\/\/www.unicen.edu.ar\" target=\"_blank\" rel=\"noreferrer noopener\">UNICEN<\/a>) participaron en la sesi\u00f3n <em>Pol\u00edticas de lo com\u00fan en la imaginaci\u00f3n, construcci\u00f3n e investigaci\u00f3n de archivos en artes esc\u00e9nicas<\/em> con un trabajo titulado <em><strong>Entre la preservaci\u00f3n, la conservaci\u00f3n y la difusi\u00f3n. Desaf\u00edos en relaci\u00f3n a la valoraci\u00f3n del acervo institucional<\/strong><\/em>. Durante el encuentro disertaron sobre la misi\u00f3n del <strong>Centro de Documentaci\u00f3n Audiovisual y Biblioteca (CDAB)<\/strong> que comprende el registro, la preservaci\u00f3n y la difusi\u00f3n de las actividades art\u00edstico-acad\u00e9micas que conforman la memoria institucional. Esta tarea demanda desaf\u00edos m\u00e1s all\u00e1 de los soportes y los procedimientos de conservaci\u00f3n, y proyecta al archivo como una fuente hist\u00f3rica de informaci\u00f3n, investigaci\u00f3n y creaci\u00f3n.<\/p>\n\n\n\n<p>Para dar cuenta de ello, reflexionaron sobre la salvaguarda de materiales de la pieza teatral <a href=\"https:\/\/www.youtube.com\/watch?v=SzqYvuYP28I\" target=\"_blank\" rel=\"noreferrer noopener\">\u00a1Qu\u00e9 cruz la del sauce tumbado!<\/a> (1985) escrita por Julio Varela y dirigida por Juan Carlos Catalano. El encuentro propuso reflexiones en torno a los siguientes interrogantes: <em>\u00bfC\u00f3mo influye la mediaci\u00f3n del lenguaje audiovisual en el car\u00e1cter ef\u00edmero del acontecimiento teatral? \u00bfQu\u00e9 tipo de registro es m\u00e1s fiel a la pieza original? \u00bfCu\u00e1les son los criterios que hacen a una obra art\u00edstica sea archivable o no? \u00bfQu\u00e9 implica la construcci\u00f3n de un archivo audiovisual de pr\u00e1cticas art\u00edsticas esc\u00e9nicas? \u00bfC\u00f3mo se reescribe la historia del hecho art\u00edstico y se reinventan sus enfoques?<\/em><\/p>\n\n\n\n<p>De este modo se propicia y fortalece el <strong>intercambio con investigadorxs de otras instituciones del pa\u00eds<\/strong>, realizando aportes significativos sobre la <strong>activaci\u00f3n de los archivos art\u00edsticos y acad\u00e9micos<\/strong>.<\/p>\n\n\n\n<div style=\"margin: 35px auto;\"><a href=\"https:\/\/www.arte.unicen.edu.ar\/cdab\/wp-content\/uploads\/2025\/11\/caia-2025-cdab-expo.jpg\" data-fancybox=\"gallery\" data-caption=\"Integrantes del CDAB participaron del XIII Congreso Internacional de Teor\u00eda e Historia de las Artes y las XXI Jornadas del CAIA\"><img decoding=\"async\" class=\"aligncenter size-medium wp-image-2866\" src=\"https:\/\/www.arte.unicen.edu.ar\/cdab\/wp-content\/uploads\/2025\/11\/caia-2025-cdab-expo-450x600.jpg\" alt=\"Integrantes del CDAB participaron del CAIA\" title=\"Integrantes del CDAB participaron del CAIA\"\/><\/a><div style=\"font-size: 12.5px; margin-top: 15px; text-align: center;\"><em>Yanina Jensen y Mat\u00edas Petrini participaron del CAIA.<\/em><\/div><\/div>\n<div style=\"margin: 35px auto;\"><a href=\"https:\/\/www.arte.unicen.edu.ar\/cdab\/wp-content\/uploads\/2025\/11\/caia-diapositiva-1.jpg\" data-fancybox=\"gallery\" data-caption=\"Integrantes del CDAB participaron del XIII Congreso Internacional de Teor\u00eda e Historia de las Artes y las XXI Jornadas del CAIA\"><img decoding=\"async\" class=\"aligncenter size-medium wp-image-2866\" src=\"https:\/\/www.arte.unicen.edu.ar\/cdab\/wp-content\/uploads\/2025\/11\/caia-diapositiva-1-768x432.jpg\" alt=\"Materiales que se resguardan de \u00a1Qu\u00e9 cruz la de Sauce Tumbado! (1985)\" title=\"Materiales que se resguardan de \u00a1Qu\u00e9 cruz la de Sauce Tumbado! (1985)\"\/><\/a><div style=\"font-size: 12.5px; margin-top: 15px; text-align: center;\"><em>Diapositiva sobre los materiales que se resguardan de &#8220;\u00a1Qu\u00e9 cruz la de Sauce Tumbado!&#8221; (1985).<\/em><\/div><\/div>\n","protected":false},"excerpt":{"rendered":"<p>El Centro Argentino de Investigadores de Arte (CAIA) es una asociaci\u00f3n creada en 1989 que nuclea a profesionales de la historia y la teor\u00eda del arte. Est\u00e1 conformado por investigadorxs, docentes y becarixs que tienen sus sedes de trabajo en institutos, universidades, centros de investigaci\u00f3n y museos de todo el pa\u00eds, como as\u00ed tambi\u00e9n por profesionales independientes. Desde sus or\u00edgenes [&hellip;]<\/p>\n","protected":false},"author":1,"featured_media":35249,"comment_status":"closed","ping_status":"closed","sticky":false,"template":"","format":"standard","meta":{"_acf_changed":false,"footnotes":""},"categories":[1],"tags":[214,215,288,294],"class_list":["post-35199","post","type-post","status-publish","format-standard","has-post-thumbnail","hentry","category-novedades","tag-cdab","tag-facultad-de-arte","tag-secretaria-de-investigacion-y-posgrado","tag-unicen"],"acf":[],"_links":{"self":[{"href":"https:\/\/www.arte.unicen.edu.ar\/cdab\/wp-json\/wp\/v2\/posts\/35199","targetHints":{"allow":["GET"]}}],"collection":[{"href":"https:\/\/www.arte.unicen.edu.ar\/cdab\/wp-json\/wp\/v2\/posts"}],"about":[{"href":"https:\/\/www.arte.unicen.edu.ar\/cdab\/wp-json\/wp\/v2\/types\/post"}],"author":[{"embeddable":true,"href":"https:\/\/www.arte.unicen.edu.ar\/cdab\/wp-json\/wp\/v2\/users\/1"}],"replies":[{"embeddable":true,"href":"https:\/\/www.arte.unicen.edu.ar\/cdab\/wp-json\/wp\/v2\/comments?post=35199"}],"version-history":[{"count":2,"href":"https:\/\/www.arte.unicen.edu.ar\/cdab\/wp-json\/wp\/v2\/posts\/35199\/revisions"}],"predecessor-version":[{"id":35394,"href":"https:\/\/www.arte.unicen.edu.ar\/cdab\/wp-json\/wp\/v2\/posts\/35199\/revisions\/35394"}],"wp:featuredmedia":[{"embeddable":true,"href":"https:\/\/www.arte.unicen.edu.ar\/cdab\/wp-json\/wp\/v2\/media\/35249"}],"wp:attachment":[{"href":"https:\/\/www.arte.unicen.edu.ar\/cdab\/wp-json\/wp\/v2\/media?parent=35199"}],"wp:term":[{"taxonomy":"category","embeddable":true,"href":"https:\/\/www.arte.unicen.edu.ar\/cdab\/wp-json\/wp\/v2\/categories?post=35199"},{"taxonomy":"post_tag","embeddable":true,"href":"https:\/\/www.arte.unicen.edu.ar\/cdab\/wp-json\/wp\/v2\/tags?post=35199"}],"curies":[{"name":"wp","href":"https:\/\/api.w.org\/{rel}","templated":true}]}}