{"id":35161,"date":"2025-11-03T09:21:00","date_gmt":"2025-11-03T12:21:00","guid":{"rendered":"https:\/\/www.arte.unicen.edu.ar\/cdab\/?p=35161"},"modified":"2025-12-03T13:12:41","modified_gmt":"2025-12-03T16:12:41","slug":"archivo-de-puertas-abiertas-el-cdab-se-sumo-a-la-jornada-arte-en-casa","status":"publish","type":"post","link":"https:\/\/www.arte.unicen.edu.ar\/cdab\/archivo-de-puertas-abiertas-el-cdab-se-sumo-a-la-jornada-arte-en-casa\/","title":{"rendered":"Archivo de puertas abiertas: el CDAB se sum\u00f3 a la jornada &#8220;Arte en casa&#8221;"},"content":{"rendered":"\n<p>Con el objetivo de promover las propuestas formativas de la <a href=\"https:\/\/www.arte.unicen.edu.ar\" target=\"_blank\" rel=\"noreferrer noopener\">Facultad de Arte<\/a> y difundir las producciones art\u00edsticas de sus estudiantes, el <strong>viernes 31 de octubre<\/strong> de <strong>9 a 16 hs.<\/strong> se realiz\u00f3 la <strong>Jornada &#8220;Arte en casa&#8221;<\/strong> destinada especialmente a <strong>5\u00ba y 6\u00ba a\u00f1o de escuelas secundarias<\/strong> y abierta a toda la comunidad. La propuesta, coordinada por la <a href=\"https:\/\/www.arte.unicen.edu.ar\/secretarias\/extension\" target=\"_blank\" rel=\"noreferrer noopener\">Secretar\u00eda de Extensi\u00f3n<\/a> de la Facultad, forma parte de la <a href=\"https:\/\/semanadelaciencia.cin.edu.ar\" target=\"_blank\" rel=\"noreferrer noopener\">Semana Internacional de la Ciencia, las Artes y la Producci\u00f3n de Conocimientos<\/a> promovida por el <a href=\"https:\/\/www.cin.edu.ar\" target=\"_blank\" rel=\"noreferrer noopener\">Consejo Interuniversitario Nacional (CIN)<\/a> y la <a href=\"https:\/\/secat.unicen.edu.ar\" target=\"_blank\" rel=\"noreferrer noopener\">Secretar\u00eda de Ciencia, Arte y Tecnolog\u00eda (SECAT)<\/a> de la <a href=\"https:\/\/www.unicen.edu.ar\" target=\"_blank\" rel=\"noreferrer noopener\">Universidad Nacional del Centro de la Provincia de Buenos Aires (UNICEN)<\/a>.<\/p>\n\n\n\n<p>La programaci\u00f3n incluy\u00f3 <strong>tres turnos de dos horas de duraci\u00f3n<\/strong> en los que se desarrollaron diversas actividades art\u00edstico-acad\u00e9micas, se habilitaron espacios de consulta sobre becas y pol\u00edticas de bienestar universitario y se introdujeron los perfiles profesionales de las carreras de <a href=\"https:\/\/www.arte.unicen.edu.ar\/carreras\/grado\/profesorado-de-teatro\/perfil-del-egresado_\" target=\"_blank\" rel=\"noreferrer noopener\">Profesorado<\/a>, <a href=\"https:\/\/www.arte.unicen.edu.ar\/carreras\/grado\/licenciado-en-teatro\/perfil-del-egresado_\" target=\"_blank\" rel=\"noreferrer noopener\">Licenciado en Teatro<\/a> y <a href=\"https:\/\/www.arte.unicen.edu.ar\/carreras\/grado\/riaa\/perfil-del-egresado_\" target=\"_blank\" rel=\"noreferrer noopener\">Realizaci\u00f3n Integral en Artes Audiovisuales<\/a>. Adem\u00e1s, en el Hall Abierto pudo visitarse la <a href=\"https:\/\/www.arte.unicen.edu.ar\/muestra-proceso-creativo-pedro-y-los-pibes-perdidos\" target=\"_blank\" rel=\"noreferrer noopener\">muestra &#8220;Proceso creativo: Pedro y los pibes perdidos&#8221;<\/a>, que reuni\u00f3 bocetos, dise\u00f1os, la realizaci\u00f3n escenogr\u00e1fica y de vestuario de la obra teatral hom\u00f3nima.<\/p>\n\n\n\n<p>Desde el <strong>Centro de Documentaci\u00f3n Audiovisual y Biblioteca<\/strong> se invit\u00f3 a participar de <strong><em>Se\u00f1aladores con historia(s): creaciones sobre material f\u00edlmico<\/em><\/strong>, propuesta que consiste en la intervenci\u00f3n de se\u00f1aladores de acetato con distintos materiales de archivo; <strong><em>Descubriendo rincones del CDAB<\/em><\/strong>, actividad destinada a la manipulaci\u00f3n y visionado de algunas diapositivas de las colecciones que se resguardan en nuestro acervo y una <strong>proyecci\u00f3n continua<\/strong> de las <strong>ediciones 2022, 2023 y 2024 de &#8220;La noche m\u00e1s corta&#8221;<\/strong> en el <a href=\"https:\/\/www.arte.unicen.edu.ar\/cdab\/facultad-de-arte-computadoras-programa-espacio-progresar-en-el-cdab\" target=\"_blank\" rel=\"noreferrer noopener\">sector Espacios Progresar<\/a>.<\/p>\n\n\n\n<p>Adem\u00e1s, gracias a la gentileza del <a href=\"https:\/\/www.arte.unicen.edu.ar\/indees\" target=\"_blank\" rel=\"noreferrer noopener\">Instituto de Estudios Escenogr\u00e1ficos en Artes Esc\u00e9nicas y Audiovisuales (INDEES)<\/a> en el hall de ingreso se expusieron las maquetas y bocetos de las obras teatrales <em>Carmen<\/em> (2015, Dir. Tulio Gagliardo Varas) y <em>El jard\u00edn de los cerezos<\/em> (2013, Dir. Nicol\u00e1s P\u00e9rez Costa) junto a marionetas correspondientes al archivo personal del escen\u00f3grafo <strong>Guillermo De la Torre<\/strong>.<\/p>\n\n\n\n<div style=\"margin: 30px auto; width: 100%; text-align: center;\"><iframe loading=\"lazy\" src=\"https:\/\/www.youtube.com\/embed\/ahV45DOCc5w\" allow=\"accelerometer; autoplay; clipboard-write; encrypted-media; gyroscope; picture-in-picture\" allowfullscreen=\"\" width=\"365\" height=\"650\" frameborder=\"0\"><\/iframe><\/div>\n","protected":false},"excerpt":{"rendered":"<p>Con el objetivo de promover las propuestas formativas de la Facultad de Arte y difundir las producciones art\u00edsticas de sus estudiantes, el viernes 31 de octubre de 9 a 16 hs. se realiz\u00f3 la Jornada &#8220;Arte en casa&#8221; destinada especialmente a 5\u00ba y 6\u00ba a\u00f1o de escuelas secundarias y abierta a toda la comunidad. La propuesta, coordinada por la Secretar\u00eda [&hellip;]<\/p>\n","protected":false},"author":1,"featured_media":35163,"comment_status":"closed","ping_status":"closed","sticky":false,"template":"","format":"standard","meta":{"_acf_changed":false,"footnotes":""},"categories":[1],"tags":[214,215,307,300,299,294],"class_list":["post-35161","post","type-post","status-publish","format-standard","has-post-thumbnail","hentry","category-novedades","tag-cdab","tag-facultad-de-arte","tag-indees","tag-profesorado-y-licenciado-en-teatro","tag-realizacion-integral-en-artes-audiovisuales","tag-unicen"],"acf":[],"_links":{"self":[{"href":"https:\/\/www.arte.unicen.edu.ar\/cdab\/wp-json\/wp\/v2\/posts\/35161","targetHints":{"allow":["GET"]}}],"collection":[{"href":"https:\/\/www.arte.unicen.edu.ar\/cdab\/wp-json\/wp\/v2\/posts"}],"about":[{"href":"https:\/\/www.arte.unicen.edu.ar\/cdab\/wp-json\/wp\/v2\/types\/post"}],"author":[{"embeddable":true,"href":"https:\/\/www.arte.unicen.edu.ar\/cdab\/wp-json\/wp\/v2\/users\/1"}],"replies":[{"embeddable":true,"href":"https:\/\/www.arte.unicen.edu.ar\/cdab\/wp-json\/wp\/v2\/comments?post=35161"}],"version-history":[{"count":1,"href":"https:\/\/www.arte.unicen.edu.ar\/cdab\/wp-json\/wp\/v2\/posts\/35161\/revisions"}],"predecessor-version":[{"id":35383,"href":"https:\/\/www.arte.unicen.edu.ar\/cdab\/wp-json\/wp\/v2\/posts\/35161\/revisions\/35383"}],"wp:featuredmedia":[{"embeddable":true,"href":"https:\/\/www.arte.unicen.edu.ar\/cdab\/wp-json\/wp\/v2\/media\/35163"}],"wp:attachment":[{"href":"https:\/\/www.arte.unicen.edu.ar\/cdab\/wp-json\/wp\/v2\/media?parent=35161"}],"wp:term":[{"taxonomy":"category","embeddable":true,"href":"https:\/\/www.arte.unicen.edu.ar\/cdab\/wp-json\/wp\/v2\/categories?post=35161"},{"taxonomy":"post_tag","embeddable":true,"href":"https:\/\/www.arte.unicen.edu.ar\/cdab\/wp-json\/wp\/v2\/tags?post=35161"}],"curies":[{"name":"wp","href":"https:\/\/api.w.org\/{rel}","templated":true}]}}