{"id":34799,"date":"2025-09-05T13:30:48","date_gmt":"2025-09-05T16:30:48","guid":{"rendered":"https:\/\/www.arte.unicen.edu.ar\/cdab\/?p=34799"},"modified":"2025-11-19T20:50:41","modified_gmt":"2025-11-19T23:50:41","slug":"continuamos-incorporando-obras-teatrales-biblioteca-dramaturgos-de-provincias","status":"publish","type":"post","link":"https:\/\/www.arte.unicen.edu.ar\/cdab\/continuamos-incorporando-obras-teatrales-biblioteca-dramaturgos-de-provincias\/","title":{"rendered":"Continuamos incorporando obras teatrales en la Biblioteca Dramaturgos de Provincias"},"content":{"rendered":"\n<p>Desde el <strong>Centro de Documentaci\u00f3n Audiovisual y Biblioteca (CDAB)<\/strong> de la <a href=\"https:\/\/www.arte.unicen.edu.ar\" target=\"_blank\" rel=\"noreferrer noopener\">Facultad de Arte<\/a> nos complace anunciar la incorporaci\u00f3n de <strong>catorce nuevos libros<\/strong> al fondo bibliogr\u00e1fico de la <strong>Biblioteca Dramaturgos de Provincias<\/strong>, un \u00e1rea especializada que promueve el conocimiento, la circulaci\u00f3n y la recepci\u00f3n productiva de obras teatrales escritas por autores de diversas regiones de nuestro pa\u00eds. Estos t\u00edtulos se suman a los <a href=\"https:\/\/www.arte.unicen.edu.ar\/cdab\/nuevas-obras-teatrales-en-la-biblioteca-de-dramaturgos-de-provincias\" target=\"_blank\" rel=\"noreferrer noopener\">ingresados durante el mes de junio del corriente a\u00f1o<\/a>.<\/p>\n\n\n\n<p>El proyecto, dirigido por la <strong>Dra. Julia Lavatelli<\/strong>, est\u00e1 integrado por un grupo de docentes-investigadores del <a href=\"https:\/\/www.arte.unicen.edu.ar\/secretarias\/investigacion-posgrado\/nucleos\/cid\" target=\"_blank\" rel=\"noreferrer noopener\">Centro de Investigaciones Dram\u00e1ticas (CID)<\/a> y cuenta con un apartado espec\u00edfico de catalogaci\u00f3n al que se puede acceder desde: <a href=\"https:\/\/www.arte.unicen.edu.ar\/cdab\/clibros\/dramaturgos-provincias\/\" target=\"_blank\" rel=\"noreferrer noopener\"><strong>www.arte.unicen.edu.ar\/cdab\/clibros\/dramaturgos-provincias<\/strong><\/a><\/p>\n\n\n\n<p>Los t\u00edtulos fueron entregados por la <strong>Mg. Agustina G\u00f3mez Hoffmann<\/strong> y estar\u00e1n disponibles para pr\u00e9stamo y consulta una vez que finalice el proceso de catalogaci\u00f3n por parte de <a href=\"https:\/\/www.biblio.unicen.edu.ar\" target=\"_blank\" rel=\"noreferrer noopener\">Biblioteca Central UNICEN<\/a>. El listado completo est\u00e1 compuesto por:<\/p>\n\n\n\n<ul style=\"margin: 35px 0px 35px 55px;\">\n<li><a href=\"https:\/\/www.arte.unicen.edu.ar\/cdab\/libros\/los-huespedes-noche-de-perros-reconstruccion-frente-al-mar-perdidos-por-amor\" target=\"_blank\" rel=\"noreferrer noopener\">Los hu\u00e9spedes. Noche de perros. Reconstrucci\u00f3n frente al mar. Perdidos por amor<\/a> (2008) de Adriana Tursi. La Plata: Editorial de la Universidad Nacional de La Plata (EDULP).<\/li>\n<li><a href=\"https:\/\/www.arte.unicen.edu.ar\/cdab\/libros\/sinfonia-chaco-chopin\" target=\"_blank\" rel=\"noreferrer noopener\">Sinfon\u00eda (Chaco Chopin)<\/a> (2009) de AA.VV. Chaco: Instituto de Cultura del Chaco.<\/li>\n<li><a href=\"https:\/\/www.arte.unicen.edu.ar\/cdab\/libros\/dramaburdos-4-mujer-mirando-el-mar-o-paisaje-de-un-hombre-que-se-ahoga-fedra-prozac\" target=\"_blank\" rel=\"noreferrer noopener\">Dramaburdos #4: Mujer mirando el mar o paisaje de un hombre que se ahoga. Fedra Prozac<\/a> (2010) de AA.VV. Mendoza: Ediciones del Carajo.<\/li>\n<li><a href=\"https:\/\/www.arte.unicen.edu.ar\/cdab\/libros\/encadenados-bella-tarde\" target=\"_blank\" rel=\"noreferrer noopener\">Encadenados. Bella tarde<\/a> (2010) de Alejandro Manzano, Pablo Longo. Mendoza: Ediciones Culturales de Mendoza.<\/li>\n<li><a href=\"https:\/\/www.arte.unicen.edu.ar\/cdab\/libros\/historias-en-una-lata\" target=\"_blank\" rel=\"noreferrer noopener\">Historias en una lata<\/a> (2014) de Alejandro Manzano. Mendoza: Ediciones Culturales de Mendoza.<\/li>\n<li><a href=\"https:\/\/www.arte.unicen.edu.ar\/cdab\/libros\/paisaje\" target=\"_blank\" rel=\"noreferrer noopener\">Paisaje<\/a> (2014) de Pablo Longo. Mendoza: Ediciones Culturales de Mendoza.<\/li>\n<li><a href=\"https:\/\/www.arte.unicen.edu.ar\/cdab\/libros\/la-cautela\" target=\"_blank\" rel=\"noreferrer noopener\">La cautela<\/a> (2015) de Fernando Dom\u00ednguez. Mendoza: Ediciones Culturales de Mendoza.<\/li>\n<li><a href=\"https:\/\/www.arte.unicen.edu.ar\/cdab\/libros\/microteatro-piezas-teatrales-breves-seleccionadas-en-la-convocatoria-expreso-literario-2015\" target=\"_blank\" rel=\"noreferrer noopener\">Microteatro: piezas teatrales breves seleccionadas en la convocatoria Expreso Literario 2015<\/a> (2015) de Gisella Narv\u00e1ez, Natalia Fern\u00e1ndez, Luciana R\u00edos y Marcos Mart\u00ednez. Mendoza: Ediciones Culturales de Mendoza.<\/li>\n<li><a href=\"https:\/\/www.arte.unicen.edu.ar\/cdab\/libros\/tardebuena-3\" target=\"_blank\" rel=\"noreferrer noopener\">Tardebuena. El penitente. Autores tandilenses: edici\u00f3n 2015\/2016<\/a> (2016) de Juan Pablo Paz, Carlos Bernab\u00e9 Miguens. Tandil: Subsecretar\u00eda de Cultura y Educaci\u00f3n, Municipio de Tandil.<\/li>\n<li><a href=\"https:\/\/www.arte.unicen.edu.ar\/cdab\/libros\/cuando-crezcas-y-tengas-tus-hijos-te-vas-a-dar-cuenta-lo-que-digo\" target=\"_blank\" rel=\"noreferrer noopener\">Cuando crezcas y tengas tus hijos te vas a dar cuenta lo que digo<\/a> (2017) de Mau Funes, Andr\u00e9s Guerci. Mendoza: Ediciones Culturales de Mendoza.<\/li>\n<li><a href=\"https:\/\/www.arte.unicen.edu.ar\/cdab\/libros\/gaslighting\" target=\"_blank\" rel=\"noreferrer noopener\">Gaslighting<\/a> (2018) de Marcos Mart\u00ednez. Mendoza: Ediciones Culturales de Mendoza.<\/li>\n<li><a href=\"https:\/\/www.arte.unicen.edu.ar\/cdab\/libros\/teatro-del-mar\" target=\"_blank\" rel=\"noreferrer noopener\">Teatro del mar: Nunca m\u00e1s se supo. Andr\u00f3maka. Ayres de amor y muerte<\/a> (2018) de Marcela Melfi. Buenos Aires: Editorial Imaginante.<\/li>\n<li><a href=\"https:\/\/www.arte.unicen.edu.ar\/cdab\/libros\/adentro-esta-lloviendo-y-seguira-toda-la-noche\" target=\"_blank\" rel=\"noreferrer noopener\">Adentro est\u00e1 lloviendo y seguir\u00e1 toda la noche<\/a> (2019) de Pablo Longo. Mendoza: Ediciones Culturales de Mendoza.<\/li>\n<li><a href=\"https:\/\/www.arte.unicen.edu.ar\/cdab\/libros\/el-rio-posible\" target=\"_blank\" rel=\"noreferrer noopener\">El r\u00edo posible<\/a> (2020) de \u00d3sjar Navarro Correa. Mendoza: Ediciones Culturales de Mendoza.<\/li>\n<\/ul>\n\n\n\n<p>Nuestro <strong>horario de atenci\u00f3n al p\u00fablico<\/strong> es de <strong>lunes a viernes<\/strong> de <strong>9 a 19 hs.<\/strong> Por consultas pod\u00e9s comunicarte con nosotros a <strong>cdab@arte.unicen.edu.ar<\/strong><\/p>\n","protected":false},"excerpt":{"rendered":"<p>Desde el Centro de Documentaci\u00f3n Audiovisual y Biblioteca (CDAB) de la Facultad de Arte nos complace anunciar la incorporaci\u00f3n de catorce nuevos libros al fondo bibliogr\u00e1fico de la Biblioteca Dramaturgos de Provincias, un \u00e1rea especializada que promueve el conocimiento, la circulaci\u00f3n y la recepci\u00f3n productiva de obras teatrales escritas por autores de diversas regiones de nuestro pa\u00eds. Estos t\u00edtulos se [&hellip;]<\/p>\n","protected":false},"author":1,"featured_media":34233,"comment_status":"closed","ping_status":"","sticky":false,"template":"","format":"standard","meta":{"_acf_changed":false,"footnotes":""},"categories":[1],"tags":[214,2600,3413,2453,215,294],"class_list":["post-34799","post","type-post","status-publish","format-standard","has-post-thumbnail","hentry","category-novedades","tag-cdab","tag-centro-de-investigaciones-dramaticas-cid","tag-documenta-dramaticas","tag-dramaturgos-de-provincias","tag-facultad-de-arte","tag-unicen"],"acf":[],"_links":{"self":[{"href":"https:\/\/www.arte.unicen.edu.ar\/cdab\/wp-json\/wp\/v2\/posts\/34799","targetHints":{"allow":["GET"]}}],"collection":[{"href":"https:\/\/www.arte.unicen.edu.ar\/cdab\/wp-json\/wp\/v2\/posts"}],"about":[{"href":"https:\/\/www.arte.unicen.edu.ar\/cdab\/wp-json\/wp\/v2\/types\/post"}],"author":[{"embeddable":true,"href":"https:\/\/www.arte.unicen.edu.ar\/cdab\/wp-json\/wp\/v2\/users\/1"}],"replies":[{"embeddable":true,"href":"https:\/\/www.arte.unicen.edu.ar\/cdab\/wp-json\/wp\/v2\/comments?post=34799"}],"version-history":[{"count":2,"href":"https:\/\/www.arte.unicen.edu.ar\/cdab\/wp-json\/wp\/v2\/posts\/34799\/revisions"}],"predecessor-version":[{"id":35273,"href":"https:\/\/www.arte.unicen.edu.ar\/cdab\/wp-json\/wp\/v2\/posts\/34799\/revisions\/35273"}],"wp:featuredmedia":[{"embeddable":true,"href":"https:\/\/www.arte.unicen.edu.ar\/cdab\/wp-json\/wp\/v2\/media\/34233"}],"wp:attachment":[{"href":"https:\/\/www.arte.unicen.edu.ar\/cdab\/wp-json\/wp\/v2\/media?parent=34799"}],"wp:term":[{"taxonomy":"category","embeddable":true,"href":"https:\/\/www.arte.unicen.edu.ar\/cdab\/wp-json\/wp\/v2\/categories?post=34799"},{"taxonomy":"post_tag","embeddable":true,"href":"https:\/\/www.arte.unicen.edu.ar\/cdab\/wp-json\/wp\/v2\/tags?post=34799"}],"curies":[{"name":"wp","href":"https:\/\/api.w.org\/{rel}","templated":true}]}}