{"id":34280,"date":"2025-06-24T10:34:36","date_gmt":"2025-06-24T13:34:36","guid":{"rendered":"https:\/\/www.arte.unicen.edu.ar\/cdab\/?p=34280"},"modified":"2025-06-24T11:19:34","modified_gmt":"2025-06-24T14:19:34","slug":"ciclo-fuera-de-eje-memoria-y-archivos-domesticos-con-toia-bonino","status":"publish","type":"post","link":"https:\/\/www.arte.unicen.edu.ar\/cdab\/ciclo-fuera-de-eje-memoria-y-archivos-domesticos-con-toia-bonino\/","title":{"rendered":"Ciclo Fuera de Eje: &#8220;Memoria y archivos dom\u00e9sticos&#8221; con Toia Bonino"},"content":{"rendered":"\n<p>Este <strong>s\u00e1bado 28 de junio<\/strong> de <strong>10 a 13 hs.<\/strong> en la <a href=\"https:\/\/www.arte.unicen.edu.ar\" target=\"_blank\" rel=\"noreferrer noopener\">Facultad de Arte<\/a> se llevar\u00e1 a cabo un nuevo encuentro del <strong>ciclo &#8220;Fuera de eje&#8221;<\/strong> que propone una instancia de reflexi\u00f3n y creaci\u00f3n en torno a las <strong>memorias personales y los archivos dom\u00e9sticos<\/strong> desde <strong>perspectivas creativas, feministas y est\u00e9ticas<\/strong>, apostando a su resignificaci\u00f3n a trav\u00e9s de din\u00e1micas participativas.<\/p>\n\n\n\n<p>La jornada, denominada <strong>&#8220;Memoria y Archivos dom\u00e9sticos&#8221;<\/strong>, explorar\u00e1 la potencia est\u00e9tica, pol\u00edtica y colectiva a trav\u00e9s del intercambio de objetos, relatos y pr\u00e1cticas \u00edntimas, visibilizando aquellas huellas muchas veces invisibles que habitan lo cotidiano. La cineasta <strong>Toia Bonino<\/strong> acompa\u00f1ar\u00e1 la proyecci\u00f3n de su obra <em><strong>L&#8217;addio<\/strong><\/em> en el <a href=\"https:\/\/www.facebook.com\/espacioincaa.unicen\" target=\"_blank\" rel=\"noreferrer noopener\">Espacio INCAA UNICEN<\/a> y, posteriormente, el trabajo grupal compartiendo fragmentos de la pel\u00edcula e impulsando nuevas miradas desde su experiencia art\u00edstica y pol\u00edtica.<\/p>\n\n\n\n<p>Se invita a <strong>artistas, activistas culturales, investigadorxs y estudiantes con formaci\u00f3n art\u00edstica y perspectiva de g\u00e9nero<\/strong> a participar trayendo una fotograf\u00eda, carta o postal, dibujo, audio y todo documento que sea portador de memoria. <strong>El encuentro contar\u00e1 con certificaci\u00f3n del Consejo Acad\u00e9mico de la <a href=\"https:\/\/www.arte.unicen.edu.ar\" target=\"_blank\" rel=\"noreferrer noopener\">Facultad de Arte<\/a>.<\/strong><\/p>\n\n\n\n<p>El <strong>ciclo &#8220;Fuera de eje&#8221;<\/strong> es organizado por el <a href=\"https:\/\/www.arte.unicen.edu.ar\/arteyderechos\" target=\"_blank\" rel=\"noreferrer noopener\">Programa Institucional Arte y Derechos<\/a>, el <strong>Centro de Documentaci\u00f3n Audiovisual y Biblioteca (CDAB)<\/strong>, la <a href=\"https:\/\/www.arte.unicen.edu.ar\" target=\"_blank\" rel=\"noreferrer noopener\">Facultad de Arte<\/a>, <a href=\"https:\/\/www.genero.unicen.edu.ar\" target=\"_blank\" rel=\"noreferrer noopener\">G\u00e9nero UNICEN<\/a>, <a href=\"https:\/\/www.unicen.edu.ar\/content\/cultura-unicen\" target=\"_blank\" rel=\"noreferrer noopener\">Cultura UNICEN<\/a> y el <a href=\"https:\/\/www.facebook.com\/espacioincaa.unicen\" target=\"_blank\" rel=\"noreferrer noopener\">Espacio INCAA UNICEN<\/a>.<\/p>\n\n\n\n<div style=\"margin: 35px auto 55px;\"><a href=\"https:\/\/www.arte.unicen.edu.ar\/cdab\/wp-content\/uploads\/2025\/06\/ciclo-fuera-eje-junio2025-flyer.jpg\" data-fancybox=\"gallery\" data-caption=\"Ciclo Fuera de Eje: &#8220;Memoria y archivos dom\u00e9sticos&#8221; con Toia Bonino\"><img decoding=\"async\" class=\"aligncenter size-medium wp-image-2866\" src=\"https:\/\/www.arte.unicen.edu.ar\/cdab\/wp-content\/uploads\/2025\/06\/ciclo-fuera-eje-junio2025-flyer-473x600.jpg\" alt=\"Ciclo Fuera de Eje: 'Memoria y archivos dom\u00e9sticos' con Toia Bonino\" title=\"Ciclo Fuera de Eje: 'Memoria y archivos dom\u00e9sticos' con Toia Bonino\"\/><\/a><\/div>\n\n\n\n<p>M\u00e1s informaci\u00f3n en: <a href=\"https:\/\/www.arte.unicen.edu.ar\/ciclo-fuera-de-eje-encuentro-con-toia-bonino\/\">www.arte.unicen.edu.ar\/ciclo-fuera-de-eje-encuentro-con-toia-bonino<\/a><\/p>\n","protected":false},"excerpt":{"rendered":"<p>Este s\u00e1bado 28 de junio de 10 a 13 hs. en la Facultad de Arte se llevar\u00e1 a cabo un nuevo encuentro del ciclo &#8220;Fuera de eje&#8221; que propone una instancia de reflexi\u00f3n y creaci\u00f3n en torno a las memorias personales y los archivos dom\u00e9sticos desde perspectivas creativas, feministas y est\u00e9ticas, apostando a su resignificaci\u00f3n a trav\u00e9s de din\u00e1micas participativas. [&hellip;]<\/p>\n","protected":false},"author":1,"featured_media":34283,"comment_status":"closed","ping_status":"","sticky":false,"template":"","format":"standard","meta":{"_acf_changed":false,"footnotes":""},"categories":[1],"tags":[214,4233,1040,215,2661,294],"class_list":["post-34280","post","type-post","status-publish","format-standard","has-post-thumbnail","hentry","category-novedades","tag-cdab","tag-cultura-unicen","tag-espacio-incaa-unicen","tag-facultad-de-arte","tag-programa-institucional-arte-y-derechos","tag-unicen"],"acf":[],"_links":{"self":[{"href":"https:\/\/www.arte.unicen.edu.ar\/cdab\/wp-json\/wp\/v2\/posts\/34280","targetHints":{"allow":["GET"]}}],"collection":[{"href":"https:\/\/www.arte.unicen.edu.ar\/cdab\/wp-json\/wp\/v2\/posts"}],"about":[{"href":"https:\/\/www.arte.unicen.edu.ar\/cdab\/wp-json\/wp\/v2\/types\/post"}],"author":[{"embeddable":true,"href":"https:\/\/www.arte.unicen.edu.ar\/cdab\/wp-json\/wp\/v2\/users\/1"}],"replies":[{"embeddable":true,"href":"https:\/\/www.arte.unicen.edu.ar\/cdab\/wp-json\/wp\/v2\/comments?post=34280"}],"version-history":[{"count":2,"href":"https:\/\/www.arte.unicen.edu.ar\/cdab\/wp-json\/wp\/v2\/posts\/34280\/revisions"}],"predecessor-version":[{"id":34291,"href":"https:\/\/www.arte.unicen.edu.ar\/cdab\/wp-json\/wp\/v2\/posts\/34280\/revisions\/34291"}],"wp:featuredmedia":[{"embeddable":true,"href":"https:\/\/www.arte.unicen.edu.ar\/cdab\/wp-json\/wp\/v2\/media\/34283"}],"wp:attachment":[{"href":"https:\/\/www.arte.unicen.edu.ar\/cdab\/wp-json\/wp\/v2\/media?parent=34280"}],"wp:term":[{"taxonomy":"category","embeddable":true,"href":"https:\/\/www.arte.unicen.edu.ar\/cdab\/wp-json\/wp\/v2\/categories?post=34280"},{"taxonomy":"post_tag","embeddable":true,"href":"https:\/\/www.arte.unicen.edu.ar\/cdab\/wp-json\/wp\/v2\/tags?post=34280"}],"curies":[{"name":"wp","href":"https:\/\/api.w.org\/{rel}","templated":true}]}}