{"id":33840,"date":"2025-05-30T15:32:24","date_gmt":"2025-05-30T18:32:24","guid":{"rendered":"https:\/\/www.arte.unicen.edu.ar\/cdab\/?p=33840"},"modified":"2025-06-18T10:31:12","modified_gmt":"2025-06-18T13:31:12","slug":"homenajes-clasicos-restaurados-segunda-edicion-en-primer-plano","status":"publish","type":"post","link":"https:\/\/www.arte.unicen.edu.ar\/cdab\/homenajes-clasicos-restaurados-segunda-edicion-en-primer-plano\/","title":{"rendered":"Con homenajes, cl\u00e1sicos restaurados y nuevas miradas sobre el archivo, llega la segunda edici\u00f3n del ciclo &#8220;En primer plano&#8221;"},"content":{"rendered":"\n<p>Con el objetivo de poner en valor el <strong>patrimonio audiovisual argentino<\/strong> y la labor de los centros de documentaci\u00f3n en la preservaci\u00f3n de aquellas im\u00e1genes que construyen memoria, identidades, imaginarios, historias y trayectorias, del <span style=\"color: #2e86e8;\"><strong>s\u00e1bado 7 al martes 10 de junio<\/strong><\/span> se llevar\u00e1 a cabo la <span style=\"color: #2e86e8;\"><strong>segunda edici\u00f3n del ciclo &#8220;En primer plano&#8221;<\/strong><\/span> en el <strong><a href=\"https:\/\/www.facebook.com\/espacioincaa.unicen\" target=\"_blank\" rel=\"noreferrer noopener\">Espacio INCAA UNICEN<\/a> (Hip\u00f3lito Yrigoyen 662)<\/strong>. Tras una auspiciosa primera edici\u00f3n realizada en 2024, renovamos nuestra invitaci\u00f3n a <strong>recuperar, revisionar, revalorizar<\/strong> y <strong>reflexionar<\/strong> sobre nuestra memoria hist\u00f3rica y cultural.<\/p>\n\n\n\n<p>Organizado por el <strong>Centro de Documentaci\u00f3n Audiovisual y Biblioteca (CDAB)<\/strong> y la <a href=\"https:\/\/www.arte.unicen.edu.ar\/secretarias\/investigacion-posgrado\" target=\"_blank\" rel=\"noreferrer noopener\">Secretar\u00eda de Investigaci\u00f3n y Posgrado<\/a> de la <a href=\"https:\/\/www.arte.unicen.edu.ar\" target=\"_blank\" rel=\"noreferrer noopener\">Facultad de Arte<\/a> de la <a href=\"https:\/\/www.unicen.edu.ar\" target=\"_blank\" rel=\"noreferrer noopener\">Universidad Nacional del Centro de la Provincia de Buenos Aires<\/a> en articulaci\u00f3n con el <a href=\"https:\/\/www.facebook.com\/espacioincaa.unicen\" target=\"_blank\" rel=\"noreferrer noopener\">Espacio INCAA UNICEN<\/a> y el \u00e1rea de <a href=\"https:\/\/www.unicen.edu.ar\/content\/cultura-unicen\" target=\"_blank\" rel=\"noreferrer noopener\">Cultura UNICEN<\/a>, el ciclo se enmarca dentro de las propuestas con motivo del <a href=\"https:\/\/www.ica.org\/es\/descubra-los-archivos\/que-son-los-archivos\" target=\"_blank\" rel=\"noreferrer noopener\">D\u00eda Internacional de los Archivos<\/a>. En esta oportunidad se proyectar\u00e1n: <span style=\"color: #2e86e8;\"><strong>Amateur<\/strong><\/span> (2011, Dir. N\u00e9stor Frenkel), <span style=\"color: #2e86e8;\"><strong>La pel\u00edcula infinita<\/strong><\/span> (2018, Dir. Leandro Listorti) y las copias <em>remasterizadas<\/em> de <span style=\"color: #2e86e8;\"><strong>Esperando la carroza<\/strong><\/span> (1985, Dir. Alejandro Doria) y <span style=\"color: #2e86e8;\"><strong>La historia oficial<\/strong><\/span> (1985, Dir. Luis Puenzo), estas \u00faltimas a <strong>40 a\u00f1os de su estreno en cines<\/strong>. En el cruce entre la ficci\u00f3n y el documental los t\u00edtulos propiciar\u00e1n nuevos acercamientos a la construcci\u00f3n de sentido a trav\u00e9s de las im\u00e1genes y, sobre todo, a nuestra idiosincracia.<\/p>\n\n\n\n<p>Ante una coyuntura signada por el desfinanciamiento de las instituciones y pol\u00edticas de fomento al cine, el teatro y otras manifestaciones art\u00edsticas, este tipo de iniciativas constituyen acciones fundamentales en pos de la defensa del desarrollo cultural nacional. <strong>La entrada a todas las proyecciones ser\u00e1<\/strong> <span style=\"color: #2e86e8;\"><strong>libre y gratuita<\/strong><\/span> y se invita a colaborar con la donaci\u00f3n de <strong>un alimento no perecedero<\/strong> que se entregar\u00e1 a una instituci\u00f3n ben\u00e9fica a definir.<\/p>\n\n\n\n<p>Este a\u00f1o contaremos con una <strong>funci\u00f3n especial<\/strong> para <strong>instituciones de educaci\u00f3n superior, secundaria de adultos y carreras de Formaci\u00f3n Docente de la <a href=\"https:\/\/www.unicen.edu.ar\" target=\"_blank\" rel=\"noreferrer noopener\">UNICEN<\/a><\/strong>, como as\u00ed tambi\u00e9n una destinada a escuelas el d\u00eda <strong>mi\u00e9rcoles 25 de junio<\/strong> por la ma\u00f1ana.<\/p>\n\n\n\n<div style=\"margin: 35px auto 55px;\"><a href=\"https:\/\/www.arte.unicen.edu.ar\/cdab\/wp-content\/uploads\/2025\/06\/en-primer-plano-2025-flyer.jpg\" data-fancybox=\"gallery\" data-caption=\"Con homenajes, cl\u00e1sicos restaurados y nuevas miradas sobre el archivo, llega la segunda edici\u00f3n del ciclo &#8220;En primer plano&#8221;\"><img decoding=\"async\" class=\"aligncenter size-medium wp-image-2866\" src=\"https:\/\/www.arte.unicen.edu.ar\/cdab\/wp-content\/uploads\/2025\/06\/en-primer-plano-2025-flyer-768x541.jpg\" alt=\"Con homenajes y cl\u00e1sicos restaurados llega una nueva edici\u00f3n de 'En primer plano'\" title=\"Con homenajes y cl\u00e1sicos restaurados llega una nueva edici\u00f3n de 'En primer plano'\"\/><\/a><\/div>\n\n\n\n<p>Compartimos los <em>trailers<\/em> y m\u00e1s informaci\u00f3n acerca de cada pel\u00edcula:<\/p>\n\n\n\n<div style=\"margin: 30px auto 50px; width: 100%; text-align: center;\"><iframe loading=\"lazy\" width=\"720\" height=\"405\" src=\"https:\/\/www.youtube.com\/embed\/-k8PJmHlF6E\" title=\"YouTube video player\" frameborder=\"0\" allow=\"accelerometer; autoplay; clipboard-write; encrypted-media; gyroscope; picture-in-picture; web-share\" referrerpolicy=\"strict-origin-when-cross-origin\" allowfullscreen><\/iframe><\/div>\n\n\n\n<h2 class=\"wp-block-heading\">Amateur (2011)<\/h2>\n\n\n\n<p><strong>Documental. Argentina. Dir. N\u00e9stor Frenkel. Vamosviendo Cine<\/strong>. <strong>76 minutos.<\/strong><br \/><strong><span style=\"color: #2e86e8;\">S\u00e1bado 7 de junio, 20 hs. | Espacio INCAA UNICEN (H. Yrigoyen 662)<\/span><\/strong><br \/>La difusi\u00f3n del formato Super 8, hace ya varias d\u00e9cadas, multiplic\u00f3 a los cineastas a trav\u00e9s de &#8220;g\u00e9neros&#8221;: la pel\u00edcula del casamiento, la de los chicos cantando y saltando, la de las vacaciones en la playa. Cine familiar, cine de recuerdos, cine <em>amateur<\/em>. Para algunos, fue solamente la posibilidad de obtener fotograf\u00edas en movimiento. Para otros, la posibilidad de hacer cine. \u00c9se es el caso del entrerriano Jorge Mario, odont\u00f3logo de profesi\u00f3n y con diversas pasiones: cineasta, cin\u00e9filo dedicado, conductor de un programa de radio, fundador de un grupo de boy scouts, practicante de tiro, filatelista y mucho m\u00e1s\u2026 Hoy, a los 70, y 40 a\u00f1os despu\u00e9s de &#8220;Winchester Martin&#8221;, su <em>western<\/em> en Super 8, Mario quiere filmar su propia <em>remake<\/em>.<\/p>\n<hr style=\"margin-bottom: 30px;\" \/>\n\n\n\n<h2 class=\"wp-block-heading\">Esperando la carroza (1985) \u2022 40 a\u00f1os de su estreno \/ Homenaje a Antonio Gasalla<\/h2>\n\n\n\n<p><strong>Ficci\u00f3n. Argentina. Dir. Alejandro Doria. Rosafrey<\/strong>. <strong>87 minutos.<\/strong><br \/><strong><span style=\"color: #2e86e8;\">Domingo 8 de junio, 20 hs. | Espacio INCAA UNICEN (H. Yrigoyen 662)<\/span><\/strong><br \/><strong><span style=\"color: #2e86e8;\">Mi\u00e9rcoles 25 de junio, 9 hs. | Espacio INCAA UNICEN (H. Yrigoyen 662) \u2022 [ FUNCI\u00d3N ESPECIAL PARA ESCUELAS ]<\/span><\/strong><br \/>Mam\u00e1 Cora (Antonio Gasalla), muy cerca ya de los ochenta a\u00f1os, tiene tres hijos y una hija. Vive con uno de ellos, que pasa serios apuros econ\u00f3micos. Un d\u00eda la familia se re\u00fane para celebrar una comida de aniversario y en ese momento se plantea el gran dilema: \u00bfQui\u00e9n se har\u00e1 cargo de ella llev\u00e1ndosela a su casa? El peliagudo asunto se complica cuando reciben la noticia de que la anciana se ha tirado a las v\u00edas del tren.<\/p>\n<hr style=\"margin-bottom: 30px;\" \/>\n\n\n\n<h2 class=\"wp-block-heading\">La pel\u00edcula infinita (2018)<\/h2>\n\n\n\n<p><strong>Documental. Argentina. Dir. Leandro Listorti. MaravillaCine. 54 minutos.<\/strong><br \/><strong><span style=\"color: #2e86e8;\">Lunes 9 de junio, 18 hs. | Espacio INCAA UNICEN (H. Yrigoyen 662)<\/span><\/strong><br \/>A partir de restos de pel\u00edculas argentinas que nunca fueron terminadas, <em><strong>La pel\u00edcula infinita<\/strong><\/em> construye una historia paralela del cine. Un viaje en negativo a trav\u00e9s de la creaci\u00f3n y la soledad. Una historia sobre lo que no fue. Un film construido en base a fragmentos de otros filmes que nunca existieron. Como un <em>Frankenstein<\/em> cinematogr\u00e1fico que vuelve a la vida frente a nuestros ojos.<\/p>\n<hr style=\"margin-bottom: 30px;\" \/>\n\n\n\n<h2 class=\"wp-block-heading\">La historia oficial (1985) \u2022 40 a\u00f1os de su estreno \/ Ganadora del Oscar a Mejor Pel\u00edcula en Lengua Extranjera<\/h2>\n\n\n\n<p><strong>Ficci\u00f3n. Argentina. Dir. Luis Puenzo. Historias Cinematogr\u00e1ficas. 110 minutos.<\/strong><br \/><strong><span style=\"color: #2e86e8;\">Martes 10 de junio, 18 hs. | Espacio INCAA UNICEN (H. Yrigoyen 662)<\/span><\/strong><br \/>Buenos Aires, 1983. En los \u00faltimos a\u00f1os de la dictadura c\u00edvico-militar argentina, una acomodada profesora de historia (Norma Aleandro) comienza a tomar conciencia de lo ocurrido en ese per\u00edodo. Sus sospechas sobre los oscuros asuntos de su marido y una Abuela de Plaza de Mayo que busca a su nieta son los motivos que la llevan a replantearse &#8220;la historia oficial&#8221;.<\/p>\n","protected":false},"excerpt":{"rendered":"<p>Con el objetivo de poner en valor el patrimonio audiovisual argentino y la labor de los centros de documentaci\u00f3n en la preservaci\u00f3n de aquellas im\u00e1genes que construyen memoria, identidades, imaginarios, historias y trayectorias, del s\u00e1bado 7 al martes 10 de junio se llevar\u00e1 a cabo la segunda edici\u00f3n del ciclo &#8220;En primer plano&#8221; en el Espacio INCAA UNICEN (Hip\u00f3lito Yrigoyen [&hellip;]<\/p>\n","protected":false},"author":1,"featured_media":33906,"comment_status":"closed","ping_status":"","sticky":false,"template":"","format":"standard","meta":{"_acf_changed":false,"footnotes":""},"categories":[1],"tags":[214,4234,4233,1040,215,288,294],"class_list":["post-33840","post","type-post","status-publish","format-standard","has-post-thumbnail","hentry","category-novedades","tag-cdab","tag-ciclo-en-primer-plano","tag-cultura-unicen","tag-espacio-incaa-unicen","tag-facultad-de-arte","tag-secretaria-de-investigacion-y-posgrado","tag-unicen"],"acf":[],"_links":{"self":[{"href":"https:\/\/www.arte.unicen.edu.ar\/cdab\/wp-json\/wp\/v2\/posts\/33840","targetHints":{"allow":["GET"]}}],"collection":[{"href":"https:\/\/www.arte.unicen.edu.ar\/cdab\/wp-json\/wp\/v2\/posts"}],"about":[{"href":"https:\/\/www.arte.unicen.edu.ar\/cdab\/wp-json\/wp\/v2\/types\/post"}],"author":[{"embeddable":true,"href":"https:\/\/www.arte.unicen.edu.ar\/cdab\/wp-json\/wp\/v2\/users\/1"}],"replies":[{"embeddable":true,"href":"https:\/\/www.arte.unicen.edu.ar\/cdab\/wp-json\/wp\/v2\/comments?post=33840"}],"version-history":[{"count":2,"href":"https:\/\/www.arte.unicen.edu.ar\/cdab\/wp-json\/wp\/v2\/posts\/33840\/revisions"}],"predecessor-version":[{"id":34207,"href":"https:\/\/www.arte.unicen.edu.ar\/cdab\/wp-json\/wp\/v2\/posts\/33840\/revisions\/34207"}],"wp:featuredmedia":[{"embeddable":true,"href":"https:\/\/www.arte.unicen.edu.ar\/cdab\/wp-json\/wp\/v2\/media\/33906"}],"wp:attachment":[{"href":"https:\/\/www.arte.unicen.edu.ar\/cdab\/wp-json\/wp\/v2\/media?parent=33840"}],"wp:term":[{"taxonomy":"category","embeddable":true,"href":"https:\/\/www.arte.unicen.edu.ar\/cdab\/wp-json\/wp\/v2\/categories?post=33840"},{"taxonomy":"post_tag","embeddable":true,"href":"https:\/\/www.arte.unicen.edu.ar\/cdab\/wp-json\/wp\/v2\/tags?post=33840"}],"curies":[{"name":"wp","href":"https:\/\/api.w.org\/{rel}","templated":true}]}}