{"id":32909,"date":"2024-12-23T09:30:12","date_gmt":"2024-12-23T12:30:12","guid":{"rendered":"https:\/\/www.arte.unicen.edu.ar\/cdab\/?p=32909"},"modified":"2025-04-03T14:50:30","modified_gmt":"2025-04-03T17:50:30","slug":"agradecemos-las-donaciones-efectuadas-por-santiago-loza-y-rectorado-unicen","status":"publish","type":"post","link":"https:\/\/www.arte.unicen.edu.ar\/cdab\/agradecemos-las-donaciones-efectuadas-por-santiago-loza-y-rectorado-unicen\/","title":{"rendered":"Agradecemos las donaciones efectuadas por Santiago Loza y Rectorado UNICEN"},"content":{"rendered":"\n<p>En el marco del <a href=\"https:\/\/www.tandilcine.com.ar\" target=\"_blank\" rel=\"noreferrer noopener\">21\u00ba Tandil Cine<\/a> y con motivo de las celebraciones por los <strong>20 a\u00f1os de creaci\u00f3n de la carrera <a href=\"https:\/\/www.arte.unicen.edu.ar\/carreras\/grado\/riaa\/perfil-del-egresado_\" target=\"_blank\" rel=\"noreferrer noopener\">Realizaci\u00f3n Integral en Artes Audiovisuales<\/a><\/strong>, el <a href=\"https:\/\/www.arte.unicen.edu.ar\/secretarias\/academica\/educacion-continua\" target=\"_blank\" rel=\"noreferrer noopener\">Programa de Educaci\u00f3n Continua<\/a> y las c\u00e1tedras <strong>Realizaci\u00f3n 1<\/strong> y <strong>Direcci\u00f3n de Actores<\/strong> invitaron a participar de la charla <em>&#8220;Tambi\u00e9n pido una ventana&#8221;<\/em> a cargo del director, guionista de cine y televisi\u00f3n y dramaturgo <strong>Santiago Loza<\/strong>. Durante el encuentro el autor comparti\u00f3 su experiencia en el cine, la escritura y el arte contempor\u00e1neo, abordando su visi\u00f3n de la creaci\u00f3n, los procesos que atraviesa como artista y las reflexiones sobre su obra.<\/p>\n\n\n\n<p>Al t\u00e9rmino del encuentro, Loza don\u00f3 tres publicaciones de su autor\u00eda al <strong>Centro de Documentaci\u00f3n Audiovisual y Biblioteca (CDAB)<\/strong> de la <a href=\"https:\/\/www.arte.unicen.edu.ar\" target=\"_blank\" rel=\"noreferrer noopener\">Facultad de Arte<\/a>:<\/p>\n\n\n\n<ul style=\"margin: 30px 0px 30px 60px;\"><li><a href=\"https:\/\/www.arte.unicen.edu.ar\/cdab\/libros\/el-hombre-que-duerme-a-mi-lado\" target=\"_blank\" rel=\"noreferrer noopener\">El hombre que duerme a mi lado<\/a> (2017) de Santiago Loza. Tusquets Editores.<\/li>\n<li><a href=\"https:\/\/www.arte.unicen.edu.ar\/cdab\/libros\/la-primera-casa\" target=\"_blank\" rel=\"noreferrer noopener\">La primera casa<\/a> (2019) de Santiago Loza. Tusquets Editores.<\/li>\n<li><a href=\"https:\/\/www.arte.unicen.edu.ar\/cdab\/libros\/noventa-y-nueve-naturalezas-muertas\" target=\"_blank\" rel=\"noreferrer noopener\">Noventa y nueve naturalezas muertas<\/a> (2023) de Santiago Loza. Gog &amp; Magog Ediciones.<\/li><\/ul>\n\n\n\n<p>Por otra parte, el pasado lunes 9 de diciembre durante la <strong>ceremonia con motivo de cumplirse 50 a\u00f1os desde la nacionalizaci\u00f3n de la <a href=\"http:\/\/www.unicen.edu.ar\" target=\"_blank\" rel=\"noreferrer noopener\">Universidad Nacional del Centro de la Provincia de Buenos Aires<\/a><\/strong>, se present\u00f3 el libro <a href=\"https:\/\/www.arte.unicen.edu.ar\/cdab\/libros\/unicen-cincuenta-anos-en-imagenes-1974-2024\" target=\"_blank\" rel=\"noreferrer noopener\">UNICEN: cincuenta a\u00f1os en im\u00e1genes (1974-2024)<\/a> (2024) compilado por Luciano di Salvo, Remiro Tom\u00e9, Florencia Ram\u00f3n y Silvana A. G\u00f3mez. El acto institucional estuvo encabezado por el <strong>Dr. Marcelo Aba<\/strong> y la <strong>Prof. Alicia Spinello<\/strong> -Rector y Vicerrectora-, quienes reconocieron el acompa\u00f1amiento permanente de las comunidades de Olavarr\u00eda, Azul, Necochea (Quequ\u00e9n) y Tandil. La decana de la <a href=\"https:\/\/www.arte.unicen.edu.ar\" target=\"_blank\" rel=\"noreferrer noopener\">Facultad de Arte<\/a>, <strong>Lic. Daniela Ferrari,<\/strong> recibi\u00f3 un ejemplar de dicha publicaci\u00f3n y lo cedi\u00f3 al <strong>CDAB<\/strong> para consulta de estudiantes, graduadxs, docentes y no docentes.<\/p>\n\n\n\n<p>Quienes deseen acceder a la versi\u00f3n digital de <a href=\"https:\/\/www.arte.unicen.edu.ar\/cdab\/libros\/unicen-cincuenta-anos-en-imagenes-1974-2024\" target=\"_blank\" rel=\"noreferrer noopener\">UNICEN: cincuenta a\u00f1os en im\u00e1genes (1974-2024)<\/a>, pueden hacerlo mediante <a href=\"https:\/\/igehcs.conicet.gov.ar\/libros-2\" target=\"_blank\" rel=\"noreferrer noopener\">el sitio web del Instituto de Geograf\u00eda, Historia y Ciencias Sociales (IGEHCS &#8211; CONICET)<\/a>.<\/p>\n\n\n\n<p>Una vez m\u00e1s <strong>reiteramos nuestro agradecimiento<\/strong> hacia quienes con estos gestos nos permiten ampliar el fondo bibliogr\u00e1fico y continuar posicionando al <strong>CDAB<\/strong> como un \u00e1mbito de estudio, reflexi\u00f3n e investigaci\u00f3n sobre la pr\u00e1ctica art\u00edstica y los procesos creativos.<\/p>\n\n\n\n<h3 style=\"margin-top: 50px;\">Acerca de Santiago Loza<\/h3>\n<p><img loading=\"lazy\" decoding=\"async\" class=\"alignleft size-full wp-image-4077\" style=\"border: 0px; border-radius: 200px; margin-bottom: 30px;\" src=\"http:\/\/www.arte.unicen.edu.ar\/cdab\/wp-content\/uploads\/2024\/12\/santiago-loza.jpg\" alt=\"Santiago Loza\" title=\"Santiago Loza\" width=\"200\" height=\"200\"\/><strong>Santiago Loza<\/strong> estudi\u00f3 en la <a href=\"https:\/\/www.enerc.gob.ar\" target=\"_blank\">ENERC<\/a> y en la Escuela Municipal de Arte Dram\u00e1tico. Es uno de los cineastas m\u00e1s importantes de la cinematograf\u00eda argentina actual, con una trayectoria internacional que incluye premios en festivales como Cannes, Berl\u00edn, R\u00f3terdam y BAFICI, entre otros.<\/p><p>Entre sus pel\u00edculas m\u00e1s recientes se encuentran: <em>La paz<\/em>, <em>Si estoy perdido no es grave<\/em>, <em>Malambo, el hombre bueno<\/em> y <em>Breve historia del planeta verde<\/em>. Adem\u00e1s de su carrera en el cine, Loza ha sido galardonado con el Premio Konex y el Premio Nacional de Cultura 2021. Su obra literaria abarca novelas, textos teatrales y cr\u00f3nicas, con t\u00edtulos como <em>Yo te vi caer<\/em>, <em>La primera casa<\/em> y <em>Diario inconsciente<\/em>.<br \/><br \/><\/p>\n","protected":false},"excerpt":{"rendered":"<p>En el marco del 21\u00ba Tandil Cine y con motivo de las celebraciones por los 20 a\u00f1os de creaci\u00f3n de la carrera Realizaci\u00f3n Integral en Artes Audiovisuales, el Programa de Educaci\u00f3n Continua y las c\u00e1tedras Realizaci\u00f3n 1 y Direcci\u00f3n de Actores invitaron a participar de la charla &#8220;Tambi\u00e9n pido una ventana&#8221; a cargo del director, guionista de cine y televisi\u00f3n [&hellip;]<\/p>\n","protected":false},"author":1,"featured_media":33106,"comment_status":"closed","ping_status":"","sticky":false,"template":"","format":"standard","meta":{"_acf_changed":false,"footnotes":""},"categories":[1],"tags":[214,290,215,288,294],"class_list":["post-32909","post","type-post","status-publish","format-standard","has-post-thumbnail","hentry","category-novedades","tag-cdab","tag-donacion","tag-facultad-de-arte","tag-secretaria-de-investigacion-y-posgrado","tag-unicen"],"acf":[],"_links":{"self":[{"href":"https:\/\/www.arte.unicen.edu.ar\/cdab\/wp-json\/wp\/v2\/posts\/32909","targetHints":{"allow":["GET"]}}],"collection":[{"href":"https:\/\/www.arte.unicen.edu.ar\/cdab\/wp-json\/wp\/v2\/posts"}],"about":[{"href":"https:\/\/www.arte.unicen.edu.ar\/cdab\/wp-json\/wp\/v2\/types\/post"}],"author":[{"embeddable":true,"href":"https:\/\/www.arte.unicen.edu.ar\/cdab\/wp-json\/wp\/v2\/users\/1"}],"replies":[{"embeddable":true,"href":"https:\/\/www.arte.unicen.edu.ar\/cdab\/wp-json\/wp\/v2\/comments?post=32909"}],"version-history":[{"count":2,"href":"https:\/\/www.arte.unicen.edu.ar\/cdab\/wp-json\/wp\/v2\/posts\/32909\/revisions"}],"predecessor-version":[{"id":33566,"href":"https:\/\/www.arte.unicen.edu.ar\/cdab\/wp-json\/wp\/v2\/posts\/32909\/revisions\/33566"}],"wp:featuredmedia":[{"embeddable":true,"href":"https:\/\/www.arte.unicen.edu.ar\/cdab\/wp-json\/wp\/v2\/media\/33106"}],"wp:attachment":[{"href":"https:\/\/www.arte.unicen.edu.ar\/cdab\/wp-json\/wp\/v2\/media?parent=32909"}],"wp:term":[{"taxonomy":"category","embeddable":true,"href":"https:\/\/www.arte.unicen.edu.ar\/cdab\/wp-json\/wp\/v2\/categories?post=32909"},{"taxonomy":"post_tag","embeddable":true,"href":"https:\/\/www.arte.unicen.edu.ar\/cdab\/wp-json\/wp\/v2\/tags?post=32909"}],"curies":[{"name":"wp","href":"https:\/\/api.w.org\/{rel}","templated":true}]}}