{"id":32592,"date":"2024-11-22T09:12:39","date_gmt":"2024-11-22T12:12:39","guid":{"rendered":"https:\/\/www.arte.unicen.edu.ar\/cdab\/?p=32592"},"modified":"2024-12-23T09:31:05","modified_gmt":"2024-12-23T12:31:05","slug":"muestra-20-anios-riaa-21-tandil-cine","status":"publish","type":"post","link":"https:\/\/www.arte.unicen.edu.ar\/cdab\/muestra-20-anios-riaa-21-tandil-cine\/","title":{"rendered":"Celebramos los 20 a\u00f1os de Realizaci\u00f3n Integral en Artes Audiovisuales con una muestra retrospectiva en el 21\u00ba Tandil Cine"},"content":{"rendered":"\n<p>En el marco del <a href=\"https:\/\/www.tandilcine.com.ar\" target=\"_blank\" rel=\"noreferrer noopener\">21\u00ba Tandil Cine<\/a> y con motivo de celebrarse <strong style=\"color: #855691;\">20 a\u00f1os desde la creaci\u00f3n de la carrera <a href=\"https:\/\/www.arte.unicen.edu.ar\/carreras\/grado\/riaa\/perfil-del-egresado_\" target=\"_blank\" rel=\"noreferrer noopener\">Realizaci\u00f3n Integral en Artes Audiovisuales<\/a><\/strong>, el <strong style=\"color: #855691;\">jueves 28 de noviembre<\/strong> a las <strong style=\"color: #855691;\">21 hs.<\/strong> en el espacio <strong>Multicultural (Chacabuco 515)<\/strong> se efectuar\u00e1 una <strong>retrospectiva de producciones audiovisuales realizadas entre 2004 y 2024<\/strong>.<\/p>\n\n\n\n<p>Esta muestra especial recorrer\u00e1 una selecci\u00f3n de cortometrajes de ficci\u00f3n, documental, animaci\u00f3n y videoclips que reflejan la producci\u00f3n de estudiantes y graduadxs de la carrera, y su contribuci\u00f3n a la producci\u00f3n audiovisual local. En su compromiso constante por garantizar el resguardo, la preservaci\u00f3n y accesibilidad de todos aquellos registros que conforman la memoria institucional de la <a rel=\"noreferrer noopener\" href=\"http:\/\/www.arte.unicen.edu.ar\" target=\"_blank\">Facultad de Arte<\/a>, el <strong>Centro de Documentaci\u00f3n Audiovisual y Biblioteca (CDAB)<\/strong> puso a disposici\u00f3n su acervo para la curadur\u00eda de la muestra que fue realizada por <strong>Carolina Cesario<\/strong>, <strong>Yanina Jensen<\/strong> y <strong>Mat\u00edas Petrini<\/strong>.<\/p>\n\n\n\n<p>La <strong>programaci\u00f3n<\/strong> incluye los siguientes t\u00edtulos:<\/p>\n\n\n\n<div style=\"width: 100%; display: inline-block; margin: 20px auto 10px; padding: 0px 0px 20px 0px; border-bottom: 1px dotted rgba(0, 0, 0, 0.4);\"><div style=\"float: left; margin-right: 20px; height: 100%;\"><img decoding=\"async\" src=\"https:\/\/www.arte.unicen.edu.ar\/cdab\/wp-content\/uploads\/2024\/11\/20aniosriaa-volarbajito.png\" border=\"0\" \/><\/div><div style=\"float: left;\"><h3 class=\"sub-alt\">Volar bajito (2006) \/ 5:17 min.<\/h3><p>Realizaci\u00f3n integral: <strong>Facundo Arg\u00fcelles<\/strong><\/p><\/div><\/div>\n\n<div style=\"width: 100%; display: inline-block; margin: 10px auto; padding: 0px 0px 20px 0px; border-bottom: 1px dotted rgba(0, 0, 0, 0.4);\"><div style=\"float: left; margin-right: 20px; height: 100%;\"><img decoding=\"async\" src=\"https:\/\/www.arte.unicen.edu.ar\/cdab\/wp-content\/uploads\/2024\/11\/20aniosriaa-404notfound.png\" border=\"0\" \/><\/div><div style=\"float: left;\"><h3 class=\"sub-alt\">404 not found (2017) \/ 3:23 min.<\/h3><p>Elenco: <strong>Victoria Vidal Castrovilla, Augusto Arriagada, Nahuel Villarreal, Gonzalo Marin<\/strong><br \/>Direcci\u00f3n, Fotograf\u00eda y Edici\u00f3n: <strong>Mariana Guagnini<\/strong><br \/>FX: <strong>Esteban Fern\u00e1ndez San Juan<\/strong><\/p><\/div><\/div>\n\n<div style=\"width: 100%; display: inline-block; margin: 10px auto; padding: 0px 0px 20px 0px; border-bottom: 1px dotted rgba(0, 0, 0, 0.4);\"><div style=\"float: left; margin-right: 20px; height: 100%;\"><img decoding=\"async\" src=\"https:\/\/www.arte.unicen.edu.ar\/cdab\/wp-content\/uploads\/2024\/11\/20aniosriaa-lacaldera.png\" border=\"0\" \/><\/div><div style=\"float: left;\"><h3 class=\"sub-alt\">La caldera (2005) \/ 12:10 min.<\/h3><p>Elenco: <strong>Mario Valiente, Mar\u00eda Molina, Victoria Rodr\u00edguez<\/strong><br \/>Gui\u00f3n y Direcci\u00f3n: <strong>Marcelo Schiavon<\/strong><br \/>Asist. de Direcci\u00f3n: <strong>Milagros Bustos<\/strong><br \/>Producci\u00f3n: <strong>Susana Chatelet, Jos\u00e9 Mar\u00eda Iarussi, Andrea Salom\u00f3n<\/strong><br \/>Direcci\u00f3n de Fotograf\u00eda: <strong>Cristian Blazina, Jos\u00e9 Mar\u00eda Iarussi<\/strong><br \/>Direcci\u00f3n de Arte: <strong>Milagros Bustos, Susana Chatelet, Andrea Salom\u00f3n<\/strong><br \/>Vestuario: <strong>Susana Chatelet, Andrea Salom\u00f3n<\/strong><br \/>Direcci\u00f3n de Actores: <strong>Milagros Bustos, Andrea Salom\u00f3n<\/strong><br \/>C\u00e1maras: <strong>Cristian Blazina, Jos\u00e9 Mar\u00eda Iarussi, Marcelo Schiavon<\/strong><br \/>Edici\u00f3n: <strong>Marcelo Schiavon<\/strong><br \/>Asist. de Edici\u00f3n: <strong>Cristian Blazina<\/strong><br \/>M\u00fasica original: <strong>Marcelo Schiavon<\/strong><br \/>Efectos de sonido: <strong>Cristian Blazina<\/strong><\/p><\/div><\/div>\n\n<div style=\"width: 100%; display: inline-block; margin: 10px auto; padding: 0px 0px 20px 0px; border-bottom: 1px dotted rgba(0, 0, 0, 0.4);\"><div style=\"float: left; margin-right: 20px; height: 100%;\"><img decoding=\"async\" src=\"https:\/\/www.arte.unicen.edu.ar\/cdab\/wp-content\/uploads\/2024\/11\/20aniosriaa-luzestrellas.png\" border=\"0\" \/><\/div><div style=\"float: left;\"><h3 class=\"sub-alt\">La luz de las estrellas (2020) \/ 3:32 min.<\/h3><p>Realizaci\u00f3n integral: <strong>Federico Clemente, Francisco Sprovieri<\/strong><\/p><\/div><\/div>\n\n<div style=\"width: 100%; display: inline-block; margin: 10px auto; padding: 0px 0px 20px 0px; border-bottom: 1px dotted rgba(0, 0, 0, 0.4);\"><div style=\"float: left; margin-right: 20px; height: 100%;\"><img decoding=\"async\" src=\"https:\/\/www.arte.unicen.edu.ar\/cdab\/wp-content\/uploads\/2024\/11\/20aniosriaa-ravilob.png\" border=\"0\" \/><\/div><div style=\"float: left;\"><h3 class=\"sub-alt\">Ravilob (2022) \/ 9:30 min.<\/h3><p>Realizaci\u00f3n integral: <strong>Marco Lanzoni Larra<\/strong><\/p><\/div><\/div>\n\n<div style=\"width: 100%; display: inline-block; margin: 10px auto; padding: 0px 0px 20px 0px; border-bottom: 1px dotted rgba(0, 0, 0, 0.4);\"><div style=\"float: left; margin-right: 20px; height: 100%;\"><img decoding=\"async\" src=\"https:\/\/www.arte.unicen.edu.ar\/cdab\/wp-content\/uploads\/2024\/11\/20aniosriaa-ilumina.png\" border=\"0\" \/><\/div><div style=\"float: left;\"><h3 class=\"sub-alt\">Ilumina (2018) \/ 7 min.<\/h3><p>Elenco: <strong>Antonella Marino, Romina Szmyr, Thiago Szmyr<\/strong><br \/>Direcci\u00f3n: <strong>Brenda Sales Forese<\/strong><br \/>Producci\u00f3n: <strong>Paula Rui<\/strong><br \/>Asist. de Direcci\u00f3n: <strong>Ingrid Petersen<\/strong><br \/>Direcci\u00f3n de Fotograf\u00eda: <strong>Nahuel Hern\u00e1ndez<\/strong><br \/>C\u00e1mara: <strong>Mar\u00eda Sol Rosales Sarmiento<\/strong><br \/>Direcci\u00f3n de Arte: <strong>Lourdes Agulla<\/strong><br \/>Sonido y M\u00fasica original: <strong>Joaqu\u00edn Dillon<\/strong><br \/>Montaje: <strong>Joaqu\u00edn Fern\u00e1ndez Ihigo<\/strong><\/p><\/div><\/div>\n\n<div style=\"width: 100%; display: inline-block; margin: 10px auto; padding: 0px 0px 20px 0px; border-bottom: 1px dotted rgba(0, 0, 0, 0.4);\"><div style=\"float: left; margin-right: 20px; height: 100%;\"><img decoding=\"async\" src=\"https:\/\/www.arte.unicen.edu.ar\/cdab\/wp-content\/uploads\/2024\/11\/20aniosriaa-cabezaradio.png\" border=\"0\" \/><\/div><div style=\"float: left;\"><h3 class=\"sub-alt\">Cabeza de radio (2009) \/ 9 min.<\/h3><p>Elenco: <strong>Manuel Gallo, Mariano Delaude, Mart\u00edn Petersen, Roc\u00edo Ferreyro, Pehu\u00e9n Guti\u00e9rrez, Claudia Fava<\/strong><br \/>Gui\u00f3n, Direcci\u00f3n y Montaje: <strong>Diego Petersen<\/strong><br \/>Producci\u00f3n general: <strong>Javier Creparula, Nicol\u00e1s Loustau<\/strong><br \/>Asist. de Direcci\u00f3n: <strong>Alejandra D\u00edaz<\/strong><br \/>Direcci\u00f3n de Fotograf\u00eda: <strong>Nicol\u00e1s Loustau, Sebasti\u00e1n Nieto Far\u00edas, Alejandro Ram\u00edrez Llorens<\/strong><br \/>Direcci\u00f3n de Arte: <strong>Agustina Cores<\/strong><br \/>Asist. de Arte: <strong>Araceli Ni\u00ebmela, Alejandra D\u00edaz<\/strong><br \/>C\u00e1mara: <strong>Pablo M\u00e1rquez<\/strong><br \/>Sonido: <strong>Mercedes Eugenia Paz<\/strong><br \/>Ayudante de Producci\u00f3n: <strong>Paula Yanovsky, Jos\u00e9 Luis &#8220;Pipo&#8221; Inda<\/strong><\/p><\/div><\/div>\n\n<div style=\"width: 100%; display: inline-block; margin: 10px auto; padding: 0px 0px 20px 0px; border-bottom: 1px dotted rgba(0, 0, 0, 0.4);\"><div style=\"float: left; margin-right: 20px; height: 100%;\"><img decoding=\"async\" src=\"https:\/\/www.arte.unicen.edu.ar\/cdab\/wp-content\/uploads\/2024\/11\/20aniosriaa-colorincolorado.png\" border=\"0\" \/><\/div><div style=\"float: left;\"><h3 class=\"sub-alt\">Colorin colorado (2017) \/ 3:58 min.<\/h3><p>Elenco: <strong>Franco Di Menna, Agustina Fidalgo, Gonzalo Beain Fern\u00e1ndez, Kevin Garc\u00eda, Vera Gonzalez<\/strong><br \/>Direcci\u00f3n: <strong>Francisco Mendes Moas<\/strong><br \/>Producci\u00f3n: <strong>Ferm\u00edn Sica<\/strong><br \/>Asist. de Direcci\u00f3n: <strong>Bel\u00e9n Alonso<\/strong><br \/>Asist. de Producci\u00f3n: <strong>Luciana Castro<\/strong><br \/>Direcci\u00f3n de Fotograf\u00eda: <strong>Mariana Guagnini<\/strong><br \/>C\u00e1mara: <strong>Tom\u00e1s Torres<\/strong><br \/>Foquista: <strong>Francisco Aquaro<\/strong><br \/>DIT: <strong>Eugenia De Gregorio<\/strong><br \/>Gaffer y el\u00e9ctricos: <strong>Gonzalo Beain Fern\u00e1ndez, Lara Giarrocco<\/strong><br \/>Direcci\u00f3n de Arte: <strong>Julia Echeverr\u00eda<\/strong><br \/>Asist. de Arte: <strong>Micaela Fasanelli<\/strong><br \/>Gui\u00f3n: <strong>Edi Walger, Maite Arias, Zo\u00e9 Vejling, Melina Berterreche<\/strong><br \/>Sonido directo: <strong>Sof\u00eda Zamora<\/strong><br \/>Asist. De Sonido: <strong>Julia Echeverr\u00eda, Maite Arias<\/strong><br \/>Montaje: <strong>Luc\u00eda Olaz\u00e1bal<\/strong><br \/>Coordinaci\u00f3n de postproducci\u00f3n: <strong>Ferm\u00edn Sica, Francisco Mendes Moas<\/strong><br \/>Mezcla de sonido: <strong>Sof\u00eda Zamora<\/strong><br \/>Musicalizaci\u00f3n: <strong>Ailen Morosi, Gonzalo Beain Fern\u00e1ndez<\/strong><\/p><\/div><\/div>\n\n<div style=\"width: 100%; display: inline-block; margin: 10px auto; padding: 0px 0px 20px 0px; border-bottom: 1px dotted rgba(0, 0, 0, 0.4);\"><div style=\"float: left; margin-right: 20px; height: 100%;\"><img decoding=\"async\" src=\"https:\/\/www.arte.unicen.edu.ar\/cdab\/wp-content\/uploads\/2024\/11\/20aniosriaa-toboganesmarte.png\" border=\"0\" \/><\/div><div style=\"float: left;\"><h3 class=\"sub-alt\">Toboganes a Marte (2015) \/ 4 min.<\/h3><p>Elenco: <strong>Rodrigo Rojo, Bel\u00e9n Tocino<\/strong><br \/>Direcci\u00f3n: <strong>Guillermo P\u00e9rez Olivera<\/strong><br \/>Producci\u00f3n: <strong>Francisco Baldoni<\/strong><br \/>Asist. de Direcci\u00f3n: <strong>Ram\u00f3n Miquelot<\/strong><br \/>Direcci\u00f3n de Fotograf\u00eda: <strong>Juli\u00e1n Siple<\/strong><br \/>Direcci\u00f3n de Arte: <strong>Lucas Ledesma Odstrcil<\/strong><br \/>C\u00e1mara: <strong>Ivo Santiago Carrera<\/strong><br \/>Montaje: <strong>Manuela Ceriani<\/strong><\/p><\/div><\/div>\n\n<div style=\"width: 100%; display: inline-block; margin: 10px auto; padding: 0px 0px 20px 0px; border-bottom: 1px dotted rgba(0, 0, 0, 0.4);\"><div style=\"float: left; margin-right: 20px; height: 100%;\"><img decoding=\"async\" src=\"https:\/\/www.arte.unicen.edu.ar\/cdab\/wp-content\/uploads\/2024\/11\/20aniosriaa-willy.png\" border=\"0\" \/><\/div><div style=\"float: left;\"><h3 class=\"sub-alt\">Willy (2005) \/ 8:49 min.<\/h3><p>Direcci\u00f3n: <strong>Agustina Vieira<\/strong><br \/>Producci\u00f3n: <strong>Rosario Legarra, Marcela Czernes<\/strong><br \/>C\u00e1mara: <strong>Marcela Czernes<\/strong><br \/>Asist. de C\u00e1mara: <strong>Rosario Legarra<\/strong><br \/>Sonido y Edici\u00f3n: <strong>Agustina Vieira, Marcela Czernes, Rosario Legarra<\/strong><\/p><\/div><\/div>\n\n<div style=\"width: 100%; display: inline-block; margin: 10px auto; padding: 0px 0px 20px 0px; border-bottom: 1px dotted rgba(0, 0, 0, 0.4);\"><div style=\"float: left; margin-right: 20px; height: 100%;\"><img decoding=\"async\" src=\"https:\/\/www.arte.unicen.edu.ar\/cdab\/wp-content\/uploads\/2024\/11\/20aniosriaa-nativasinvasoras.png\" border=\"0\" \/><\/div><div style=\"float: left;\"><h3 class=\"sub-alt\">Nativas invasoras (2023) \/ 1:16 min.<\/h3><p>Realizaci\u00f3n integral: <strong>Miguel A. Guevara Novillo, Brenda Sales Forese, Joaqu\u00edn Fern\u00e1ndez Ihigo, Iv\u00e1n P\u00e1ez Santi<\/strong><\/p><\/div><\/div>\n\n<div style=\"width: 100%; display: inline-block; margin: 10px auto; padding: 0px 0px 20px 0px; border-bottom: 1px dotted rgba(0, 0, 0, 0.4);\"><div style=\"float: left; margin-right: 20px; height: 100%;\"><img decoding=\"async\" src=\"https:\/\/www.arte.unicen.edu.ar\/cdab\/wp-content\/uploads\/2024\/11\/20aniosriaa-amoranimal.png\" border=\"0\" \/><\/div><div style=\"float: left;\"><h3 class=\"sub-alt\">Amor animal (2018) \/ 9 min.<\/h3><p>Realizaci\u00f3n integral: <strong>Nicol\u00e1s Ezequiel Jacob<\/strong><\/p><\/div><\/div>\n\n<div style=\"width: 100%; display: inline-block; margin: 10px auto; padding: 0px 0px 20px 0px; border-bottom: 1px dotted rgba(0, 0, 0, 0.4);\"><div style=\"float: left; margin-right: 20px; height: 100%;\"><img decoding=\"async\" src=\"https:\/\/www.arte.unicen.edu.ar\/cdab\/wp-content\/uploads\/2024\/11\/20aniosriaa-fisionomiaurbana.png\" border=\"0\" \/><\/div><div style=\"float: left;\"><h3 class=\"sub-alt\">Fisionom\u00eda urbana (2019) \/ 5:20 min.<\/h3><p>Realizaci\u00f3n integral: <strong>Maian Dalffaro<\/strong><\/p><\/div><\/div>\n\n<div style=\"width: 100%; display: inline-block; margin: 10px auto; padding: 0px 0px 10px 0px; border-bottom: 1px dotted rgba(0, 0, 0, 0.4);\"><div style=\"float: left; margin-right: 20px; height: 100%;\"><img decoding=\"async\" src=\"https:\/\/www.arte.unicen.edu.ar\/cdab\/wp-content\/uploads\/2024\/11\/20aniosriaa-nochepaz.png\" border=\"0\" \/><\/div><div style=\"float: left;\"><h3 class=\"sub-alt\">Noche de paz (2017) \/ 15:15 min.<\/h3><p>Elenco: <strong>Hern\u00e1n Hillkirk, Nahuel Hillkirk, Jos\u00e9 Mart\u00edn Delgado, Gonzalo Beain Fern\u00e1ndez, Juli\u00e1n Velazco, Facundo Landulco<\/strong><br \/>Gui\u00f3n, Direcci\u00f3n y Producci\u00f3n: <strong>Tom\u00e1s Torres<\/strong><br \/>Directora de Producci\u00f3n: <strong>Zo\u00e9 Vejling<\/strong><br \/>Ayudantes de Producci\u00f3n: <strong>Lucas Odstrcil, Denisse D\u2019Annunzio Nanni, Ferm\u00edn Sica<\/strong><br \/>Asist. de Direcci\u00f3n: <strong>Lara Giarrocco<\/strong><br \/>Direcci\u00f3n de Fotograf\u00eda: <strong>Nicol\u00e1s Jacob<\/strong><br \/>Asist. Direcci\u00f3n de Fotograf\u00eda: <strong>Victoria Drago<\/strong><br \/>C\u00e1mara: <strong>Esteban Fern\u00e1ndez San Juan, Mariana Guagnini<\/strong><br \/>Foto fija: <strong>Gusty G. Guti\u00e9rrez, Luciana Castro<\/strong><br \/>Direcci\u00f3n de Arte, Vestuario: <strong>Denisse D\u2019Annunzio Nanni, Mar\u00eda Teresa Arias<\/strong><br \/>Maquillaje: <strong>Julia Echeverr\u00eda<\/strong><br \/>Montaje: <strong>Gusty G. Guti\u00e9rrez<\/strong><br \/>Supervisi\u00f3n de montaje: <strong>Tom\u00e1s Torres<\/strong><br \/>Colorista: <strong>Gusty G. Guti\u00e9rrez<\/strong><br \/>Director de sonido: <strong>Gusty G. Guti\u00e9rrez<\/strong><br \/>Sonido directo: <strong>Emiliano Silva<\/strong><br \/>Microfonista: <strong>Facundo Carrera<\/strong><br \/>Claqueta: <strong>Lara Giarrocco<\/strong><br \/>Postproducci\u00f3n de sonido: <strong>Gonzalo Beain Fern\u00e1ndez<\/strong><br \/>Dise\u00f1o de t\u00edtulos y gr\u00e1fica: <strong>Tom\u00e1s Torres, Franco Pomponio<\/strong><br \/>Subt\u00edtulos: <strong>Marcela Tapia<\/strong><\/p><\/div><\/div>\n\n\n\n<div style=\"margin: 35px auto;\"><a href=\"https:\/\/www.arte.unicen.edu.ar\/cdab\/wp-content\/uploads\/2024\/11\/flyer-20anios-riaa.jpg\" data-fancybox=\"gallery\" data-caption=\"Celebramos los 20 a\u00f1os de Realizaci\u00f3n Integral en Artes Audiovisuales con una muestra retrospectiva en el 21\u00ba Tandil Cine\"><img decoding=\"async\" class=\"aligncenter size-medium wp-image-2866\" src=\"https:\/\/www.arte.unicen.edu.ar\/cdab\/wp-content\/uploads\/2024\/11\/flyer-20anios-riaa-600x600.jpg\" alt=\"20 a\u00f1os de RIAA en el 21\u00ba Tandil Cine\" title=\"20 a\u00f1os de RIAA en el 21\u00ba Tandil Cine\"\/><\/a><\/div>\n\n\n\n<h3 style=\"margin-top: 40px;\">Acerca de Tandil Cine<\/h3>\n<p><img loading=\"lazy\" decoding=\"async\" class=\"alignleft size-full wp-image-4077\" style=\"border: 0px; border-radius: 200px; margin-bottom: 20px;\" src=\"http:\/\/www.arte.unicen.edu.ar\/cdab\/wp-content\/uploads\/2024\/11\/tandil-cine.jpg\" alt=\"Tandil Cine\" title=\"Tandil Cine\" width=\"200\" height=\"200\" \/>El <a href=\"https:\/\/www.tandilcine.com.ar\" target=\"_blank\" rel=\"noreferrer noopener\">Festival Argentino Competitivo Tandil Cine<\/a> es una iniciativa conjunta de la <a href=\"https:\/\/www.unicen.edu.ar\" target=\"_blank\" rel=\"noreferrer noopener\">Universidad Nacional del Centro de la Provincia de Buenos Aires<\/a>, la <a href=\"https:\/\/www.tandil.gov.ar\" target=\"_blank\" rel=\"noreferrer noopener\">Municipalidad de Tandil<\/a> y la <a href=\"https:\/\/www.facebook.com\/BibliotecaRivadaviaDeTandil\" target=\"_blank\" rel=\"noreferrer noopener\">Biblioteca Popular Bernardino Rivadavia<\/a>, con el apoyo y aval del <a href=\"https:\/\/www.gba.gob.ar\" target=\"_blank\" rel=\"noreferrer noopener\">Gobierno de la Provincia de Buenos Aires<\/a>. En sus inicios las proyecciones se realizaban en una sala comercial, pero hoy cuenta con el <a href=\"https:\/\/www.facebook.com\/espacioincaa.unicen\" target=\"_blank\" rel=\"noreferrer noopener\">Espacio INCAA UNICEN<\/a> como sede principal que funciona en el auditorio del Centro Cultural Universitario.<\/p>\n\n\n\n<p>Reconocido por su diversidad de propuestas, presenta una mezcla de estrenos, pre-estrenos, films consagrados y retrospectivas de grandes realizadores, actores y figuras de la industria audiovisual. Este a\u00f1o el evento se desarrollar\u00e1 <strong>del 22 al 29 de noviembre<\/strong>, con <strong>m\u00e1s de 25 pel\u00edculas en competencia y diversas secciones paralelas<\/strong>, que competir\u00e1n por el codiciado premio Centinela al Cine Nacional, entre otros premios.<\/p>\n","protected":false},"excerpt":{"rendered":"<p>En el marco del 21\u00ba Tandil Cine y con motivo de celebrarse 20 a\u00f1os desde la creaci\u00f3n de la carrera Realizaci\u00f3n Integral en Artes Audiovisuales, el jueves 28 de noviembre a las 21 hs. en el espacio Multicultural (Chacabuco 515) se efectuar\u00e1 una retrospectiva de producciones audiovisuales realizadas entre 2004 y 2024. Esta muestra especial recorrer\u00e1 una selecci\u00f3n de cortometrajes [&hellip;]<\/p>\n","protected":false},"author":1,"featured_media":32599,"comment_status":"closed","ping_status":"closed","sticky":false,"template":"","format":"standard","meta":{"_acf_changed":false,"footnotes":""},"categories":[1],"tags":[214,215,299,390,294],"class_list":["post-32592","post","type-post","status-publish","format-standard","has-post-thumbnail","hentry","category-novedades","tag-cdab","tag-facultad-de-arte","tag-realizacion-integral-en-artes-audiovisuales","tag-tandil-cine","tag-unicen"],"acf":[],"_links":{"self":[{"href":"https:\/\/www.arte.unicen.edu.ar\/cdab\/wp-json\/wp\/v2\/posts\/32592","targetHints":{"allow":["GET"]}}],"collection":[{"href":"https:\/\/www.arte.unicen.edu.ar\/cdab\/wp-json\/wp\/v2\/posts"}],"about":[{"href":"https:\/\/www.arte.unicen.edu.ar\/cdab\/wp-json\/wp\/v2\/types\/post"}],"author":[{"embeddable":true,"href":"https:\/\/www.arte.unicen.edu.ar\/cdab\/wp-json\/wp\/v2\/users\/1"}],"replies":[{"embeddable":true,"href":"https:\/\/www.arte.unicen.edu.ar\/cdab\/wp-json\/wp\/v2\/comments?post=32592"}],"version-history":[{"count":2,"href":"https:\/\/www.arte.unicen.edu.ar\/cdab\/wp-json\/wp\/v2\/posts\/32592\/revisions"}],"predecessor-version":[{"id":33097,"href":"https:\/\/www.arte.unicen.edu.ar\/cdab\/wp-json\/wp\/v2\/posts\/32592\/revisions\/33097"}],"wp:featuredmedia":[{"embeddable":true,"href":"https:\/\/www.arte.unicen.edu.ar\/cdab\/wp-json\/wp\/v2\/media\/32599"}],"wp:attachment":[{"href":"https:\/\/www.arte.unicen.edu.ar\/cdab\/wp-json\/wp\/v2\/media?parent=32592"}],"wp:term":[{"taxonomy":"category","embeddable":true,"href":"https:\/\/www.arte.unicen.edu.ar\/cdab\/wp-json\/wp\/v2\/categories?post=32592"},{"taxonomy":"post_tag","embeddable":true,"href":"https:\/\/www.arte.unicen.edu.ar\/cdab\/wp-json\/wp\/v2\/tags?post=32592"}],"curies":[{"name":"wp","href":"https:\/\/api.w.org\/{rel}","templated":true}]}}