{"id":32190,"date":"2024-09-11T13:00:00","date_gmt":"2024-09-11T16:00:00","guid":{"rendered":"https:\/\/www.arte.unicen.edu.ar\/cdab\/?p=32190"},"modified":"2024-10-09T09:43:21","modified_gmt":"2024-10-09T12:43:21","slug":"cdab-capacitacion-restauracion-encuadernacion-bibliografica-en-biblioteca-central-unicen","status":"publish","type":"post","link":"https:\/\/www.arte.unicen.edu.ar\/cdab\/cdab-capacitacion-restauracion-encuadernacion-bibliografica-en-biblioteca-central-unicen\/","title":{"rendered":"El equipo del CDAB inici\u00f3 una capacitaci\u00f3n en restauraci\u00f3n y encuadernaci\u00f3n bibliogr\u00e1fica dictada en Biblioteca Central UNICEN"},"content":{"rendered":"\n<p>A partir de una articulaci\u00f3n impulsada por la <strong>Prof. Yanina Jensen<\/strong>, Coordinadora del <strong>Centro de Documentaci\u00f3n Audiovisual y Biblioteca<\/strong> de la <a href=\"https:\/\/www.arte.unicen.edu.ar\" target=\"_blank\" rel=\"noreferrer noopener\">Facultad de Arte<\/a>, el pasado <strong>martes 10 de septiembre<\/strong> de <strong>9 a 11 hs.<\/strong> el equipo del <strong>CDAB<\/strong> particip\u00f3 de una capacitaci\u00f3n sobre <strong>restauraci\u00f3n y encuadernaci\u00f3n bibliogr\u00e1fica<\/strong> dictada por la <strong>TGU Mar\u00eda Luj\u00e1n Sirgo<\/strong> en <a rel=\"noreferrer noopener\" href=\"https:\/\/www.biblio.unicen.edu.ar\" target=\"_blank\">Biblioteca Central UNICEN<\/a>.<\/p>\n\n\n\n<p>Durante el encuentro, Luj\u00e1n -a cargo del \u00e1rea de encuadernaci\u00f3n junto a la <strong>TGU Jorgelina Siri<\/strong>&#8211; propuso un abordaje te\u00f3rico y pr\u00e1ctico a la tarea de restauraci\u00f3n de libros con criterios que permitan su posterior puesta en circulaci\u00f3n y accesibilidad por parte de lxs usuarixs. De esta manera refiri\u00f3 al desmontado de los ejemplares, la limpieza de sus hojas, la restauraci\u00f3n de tapas y cubiertas, los tipos de adhesivos y la restauraci\u00f3n integral del papel a partir del arreglo de bisagras, suturas y faltantes con cosido en el lomo.<\/p>\n\n\n\n<p>La propuesta permitir\u00e1 que el <strong>CDAB<\/strong> colabore en la reparaci\u00f3n de los ejemplares que requieran dicho trabajo para su correcta conservaci\u00f3n y puesta a disponibilidad del p\u00fablico. Compartimos algunas im\u00e1genes:<\/p>\n\n\n\n<table style=\"margin: 35px auto 35px; text-align: center; border-collapse: collapse; border-spacing: 0;\">\n<tbody>\n<tr>\n<td style=\"padding: 0px 20px 10px 20px;\"><a href=\"https:\/\/www.arte.unicen.edu.ar\/cdab\/wp-content\/uploads\/2024\/09\/cdab-encuadernacion-01.jpg\" data-fancybox=\"gallery\" data-caption=\"El equipo del CDAB inici\u00f3 una capacitaci\u00f3n en restauraci\u00f3n y encuadernaci\u00f3n bibliogr\u00e1fica dictada en Biblioteca Central UNICEN\"><img decoding=\"async\" class=\"aligncenter size-medium wp-image-5627\" src=\"https:\/\/www.arte.unicen.edu.ar\/cdab\/wp-content\/uploads\/2024\/09\/cdab-encuadernacion-01-300x300.jpg\" alt=\"\" \/><\/a><\/td>\n<td style=\"padding: 0px 20px 10px 20px;\"><a href=\"https:\/\/www.arte.unicen.edu.ar\/cdab\/wp-content\/uploads\/2024\/09\/cdab-encuadernacion-02.jpg\" data-fancybox=\"gallery\" data-caption=\"El equipo del CDAB inici\u00f3 una capacitaci\u00f3n en restauraci\u00f3n y encuadernaci\u00f3n bibliogr\u00e1fica dictada en Biblioteca Central UNICEN\"><img decoding=\"async\" class=\"aligncenter size-medium wp-image-5627\" src=\"https:\/\/www.arte.unicen.edu.ar\/cdab\/wp-content\/uploads\/2024\/09\/cdab-encuadernacion-02-300x300.jpg\" alt=\"\" \/><\/a><\/td>\n<td style=\"padding: 0px 20px 10px 20px;\"><a href=\"https:\/\/www.arte.unicen.edu.ar\/cdab\/wp-content\/uploads\/2024\/09\/cdab-encuadernacion-03.jpg\" data-fancybox=\"gallery\" data-caption=\"El equipo del CDAB inici\u00f3 una capacitaci\u00f3n en restauraci\u00f3n y encuadernaci\u00f3n bibliogr\u00e1fica dictada en Biblioteca Central UNICEN\"><img decoding=\"async\" class=\"aligncenter size-medium wp-image-5627\" src=\"https:\/\/www.arte.unicen.edu.ar\/cdab\/wp-content\/uploads\/2024\/09\/cdab-encuadernacion-03-300x300.jpg\" alt=\"\" \/><\/a><\/td>\n<\/tr>\n<tr>\n<td style=\"padding: 0px 20px 10px 20px;\"><a href=\"https:\/\/www.arte.unicen.edu.ar\/cdab\/wp-content\/uploads\/2024\/09\/cdab-encuadernacion-04.jpg\" data-fancybox=\"gallery\" data-caption=\"El equipo del CDAB inici\u00f3 una capacitaci\u00f3n en restauraci\u00f3n y encuadernaci\u00f3n bibliogr\u00e1fica dictada en Biblioteca Central UNICEN\"><img decoding=\"async\" class=\"aligncenter size-medium wp-image-5627\" src=\"https:\/\/www.arte.unicen.edu.ar\/cdab\/wp-content\/uploads\/2024\/09\/cdab-encuadernacion-04-300x300.jpg\" alt=\"\" \/><\/a><\/td>\n<td style=\"padding: 0px 20px 10px 20px;\"><a href=\"https:\/\/www.arte.unicen.edu.ar\/cdab\/wp-content\/uploads\/2024\/09\/cdab-encuadernacion-05.jpg\" data-fancybox=\"gallery\" data-caption=\"El equipo del CDAB inici\u00f3 una capacitaci\u00f3n en restauraci\u00f3n y encuadernaci\u00f3n bibliogr\u00e1fica dictada en Biblioteca Central UNICEN\"><img decoding=\"async\" class=\"aligncenter size-medium wp-image-5627\" src=\"https:\/\/www.arte.unicen.edu.ar\/cdab\/wp-content\/uploads\/2024\/09\/cdab-encuadernacion-05-300x300.jpg\" alt=\"\" \/><\/a><\/td>\n<td style=\"padding: 0px 20px 10px 20px;\"><a href=\"https:\/\/www.arte.unicen.edu.ar\/cdab\/wp-content\/uploads\/2024\/09\/cdab-encuadernacion-06.jpg\" data-fancybox=\"gallery\" data-caption=\"El equipo del CDAB inici\u00f3 una capacitaci\u00f3n en restauraci\u00f3n y encuadernaci\u00f3n bibliogr\u00e1fica dictada en Biblioteca Central UNICEN\"><img decoding=\"async\" class=\"aligncenter size-medium wp-image-5627\" src=\"https:\/\/www.arte.unicen.edu.ar\/cdab\/wp-content\/uploads\/2024\/09\/cdab-encuadernacion-06-300x300.jpg\" alt=\"\" \/><\/a><\/td>\n<\/tr>\n<\/tbody>\n<\/table>\n\n\n\n<p><strong style=\"color: #855691;\">Desde el CDAB agradecemos al equipo de <a rel=\"noreferrer noopener\" href=\"https:\/\/www.biblio.unicen.edu.ar\" target=\"_blank\">Biblioteca Central UNICEN<\/a> por el tiempo y la predisposici\u00f3n para la realizaci\u00f3n de este taller.<\/strong><\/p>\n","protected":false},"excerpt":{"rendered":"<p>A partir de una articulaci\u00f3n impulsada por la Prof. Yanina Jensen, Coordinadora del Centro de Documentaci\u00f3n Audiovisual y Biblioteca de la Facultad de Arte, el pasado martes 10 de septiembre de 9 a 11 hs. el equipo del CDAB particip\u00f3 de una capacitaci\u00f3n sobre restauraci\u00f3n y encuadernaci\u00f3n bibliogr\u00e1fica dictada por la TGU Mar\u00eda Luj\u00e1n Sirgo en Biblioteca Central UNICEN. Durante [&hellip;]<\/p>\n","protected":false},"author":1,"featured_media":32331,"comment_status":"closed","ping_status":"closed","sticky":false,"template":"","format":"standard","meta":{"_acf_changed":false,"footnotes":""},"categories":[1],"tags":[2526,214,215,288,294],"class_list":["post-32190","post","type-post","status-publish","format-standard","has-post-thumbnail","hentry","category-novedades","tag-biblioteca-central-unicen","tag-cdab","tag-facultad-de-arte","tag-secretaria-de-investigacion-y-posgrado","tag-unicen"],"acf":[],"_links":{"self":[{"href":"https:\/\/www.arte.unicen.edu.ar\/cdab\/wp-json\/wp\/v2\/posts\/32190","targetHints":{"allow":["GET"]}}],"collection":[{"href":"https:\/\/www.arte.unicen.edu.ar\/cdab\/wp-json\/wp\/v2\/posts"}],"about":[{"href":"https:\/\/www.arte.unicen.edu.ar\/cdab\/wp-json\/wp\/v2\/types\/post"}],"author":[{"embeddable":true,"href":"https:\/\/www.arte.unicen.edu.ar\/cdab\/wp-json\/wp\/v2\/users\/1"}],"replies":[{"embeddable":true,"href":"https:\/\/www.arte.unicen.edu.ar\/cdab\/wp-json\/wp\/v2\/comments?post=32190"}],"version-history":[{"count":2,"href":"https:\/\/www.arte.unicen.edu.ar\/cdab\/wp-json\/wp\/v2\/posts\/32190\/revisions"}],"predecessor-version":[{"id":32378,"href":"https:\/\/www.arte.unicen.edu.ar\/cdab\/wp-json\/wp\/v2\/posts\/32190\/revisions\/32378"}],"wp:featuredmedia":[{"embeddable":true,"href":"https:\/\/www.arte.unicen.edu.ar\/cdab\/wp-json\/wp\/v2\/media\/32331"}],"wp:attachment":[{"href":"https:\/\/www.arte.unicen.edu.ar\/cdab\/wp-json\/wp\/v2\/media?parent=32190"}],"wp:term":[{"taxonomy":"category","embeddable":true,"href":"https:\/\/www.arte.unicen.edu.ar\/cdab\/wp-json\/wp\/v2\/categories?post=32190"},{"taxonomy":"post_tag","embeddable":true,"href":"https:\/\/www.arte.unicen.edu.ar\/cdab\/wp-json\/wp\/v2\/tags?post=32190"}],"curies":[{"name":"wp","href":"https:\/\/api.w.org\/{rel}","templated":true}]}}