{"id":31734,"date":"2024-07-10T14:50:33","date_gmt":"2024-07-10T17:50:33","guid":{"rendered":"https:\/\/www.arte.unicen.edu.ar\/cdab\/?p=31734"},"modified":"2024-07-10T15:03:02","modified_gmt":"2024-07-10T18:03:02","slug":"con-profundo-pesar-despedimos-a-carlos-fos","status":"publish","type":"post","link":"https:\/\/www.arte.unicen.edu.ar\/cdab\/con-profundo-pesar-despedimos-a-carlos-fos\/","title":{"rendered":"Con profundo pesar despedimos al historiador, antrop\u00f3logo e investigador teatral Carlos Fos"},"content":{"rendered":"\n<p>Desde el <strong>Centro de Documentaci\u00f3n Audiovisual y Biblioteca (CDAB)<\/strong> de la <a href=\"https:\/\/www.arte.unicen.edu.ar\" target=\"_blank\" rel=\"noreferrer noopener\">Facultad de Arte<\/a> despedimos con profunda tristeza al <strong>Dr. Carlos Fos<\/strong>, historiador, antrop\u00f3logo, investigador y docente que a trav\u00e9s de su obra invita a repensar y revalorizar la <strong>escena teatral argentina<\/strong>.<\/p>\n\n\n\n<p><strong>Fos<\/strong> fue socio fundador y presidente de la <a rel=\"noreferrer noopener\" href=\"https:\/\/www.aincrit.org\" target=\"_blank\">Asociaci\u00f3n de Investigaci\u00f3n y Cr\u00edtica Teatral en Argentina (AINCRIT)<\/a> en el per\u00edodo 2008-2014, fundador del <a rel=\"noreferrer noopener\" href=\"https:\/\/www.complejoteatral.gob.ar\" target=\"_blank\">Archivo Hist\u00f3rico del Teatro Municipal San Mart\u00edn<\/a>, fundador y co-director del <a rel=\"noreferrer noopener\" href=\"https:\/\/cedoc.complejoteatral.gob.ar\" target=\"_blank\">Centro de Documentaci\u00f3n de Teatro y Danza del Complejo Teatral de Buenos Aires<\/a>, coordinador del Programa de Pesquisa de la Memoria del Teatro San Mart\u00edn (1984-1986 y 1990-1998), fundador de la <a rel=\"noreferrer noopener\" href=\"https:\/\/www.facebook.com\/p\/RED-Latinoamericana-de-Centros-de-Documentaci%C3%B3n-de-Artes-Esc%C3%A9nicas-100064832975355\" target=\"_blank\">Red Latinoamericana de Centros de Documentaci\u00f3n Esc\u00e9nica<\/a>, director investigador del Centro de Investigaciones de Historia Aplicada y docente en numerosas universidades y centros educativos. Es autor de m\u00e1s de 36 libros, entre los que se encuentran: <em>Del teatro anarquista al teatro comunitario<\/em>, <em>En las tablas libertarias. Buenos Aires<\/em>, <em>Teatro obrero, una mirada militante<\/em>, <em>El Viejo Municipal<\/em>, <em>Los titiriteros obreros: poes\u00eda militante sobre ruedas. Un teatro de obreros para obreros<\/em>, <em>Entre caminos, pueblos y escenarios<\/em>, <em>Un teatro rebelde, el camino del teatro obrero al teatro independiente<\/em>.<\/p>\n\n\n\n<p>En octubre de 2020 particip\u00f3 de la segunda edici\u00f3n de <a rel=\"noreferrer noopener\" href=\"https:\/\/www.arte.unicen.edu.ar\/cdab\/enmovimiento\/2020\" target=\"_blank\">CDAB en movimiento<\/a> que, debido al aislamiento social, preventivo y obligatorio decretado por la pandemia COVID-19, se desarroll\u00f3 de forma virtual. Junto a la <strong>Mg. Teresita Mar\u00eda Victoria Fuentes<\/strong> -docente, investigadora y coordinadora de la <strong>Colecci\u00f3n Dramaturgias<\/strong> editada por <a rel=\"noreferrer noopener\" href=\"https:\/\/www.arte.unicen.edu.ar\/artepublicaciones\" target=\"_blank\">Arte Publicaciones<\/a>&#8211; en dicha oportunidad dialogaron sobre <em>El desaf\u00edo de redefinir el patrimonio teatral<\/em>.<\/p>\n\n\n\n<p>Compartimos el registro del encuentro:<\/p>\n\n\n\n<div style=\"margin: 30px auto; width: 100%; text-align: center;\"><iframe loading=\"lazy\" src=\"https:\/\/www.youtube.com\/embed\/Havda0BaFCU\" allow=\"accelerometer; autoplay; clipboard-write; encrypted-media; gyroscope; picture-in-picture\" allowfullscreen=\"\" width=\"720\" height=\"405\" frameborder=\"0\"><\/iframe><\/div>\n","protected":false},"excerpt":{"rendered":"<p>Desde el Centro de Documentaci\u00f3n Audiovisual y Biblioteca (CDAB) de la Facultad de Arte despedimos con profunda tristeza al Dr. Carlos Fos, historiador, antrop\u00f3logo, investigador y docente que a trav\u00e9s de su obra invita a repensar y revalorizar la escena teatral argentina. Fos fue socio fundador y presidente de la Asociaci\u00f3n de Investigaci\u00f3n y Cr\u00edtica Teatral en Argentina (AINCRIT) en [&hellip;]<\/p>\n","protected":false},"author":1,"featured_media":31737,"comment_status":"closed","ping_status":"closed","sticky":false,"template":"","format":"standard","meta":{"_acf_changed":false,"footnotes":""},"categories":[1],"tags":[214,1867,215],"class_list":["post-31734","post","type-post","status-publish","format-standard","has-post-thumbnail","hentry","category-novedades","tag-cdab","tag-cdab-en-movimiento","tag-facultad-de-arte"],"acf":[],"_links":{"self":[{"href":"https:\/\/www.arte.unicen.edu.ar\/cdab\/wp-json\/wp\/v2\/posts\/31734","targetHints":{"allow":["GET"]}}],"collection":[{"href":"https:\/\/www.arte.unicen.edu.ar\/cdab\/wp-json\/wp\/v2\/posts"}],"about":[{"href":"https:\/\/www.arte.unicen.edu.ar\/cdab\/wp-json\/wp\/v2\/types\/post"}],"author":[{"embeddable":true,"href":"https:\/\/www.arte.unicen.edu.ar\/cdab\/wp-json\/wp\/v2\/users\/1"}],"replies":[{"embeddable":true,"href":"https:\/\/www.arte.unicen.edu.ar\/cdab\/wp-json\/wp\/v2\/comments?post=31734"}],"version-history":[{"count":2,"href":"https:\/\/www.arte.unicen.edu.ar\/cdab\/wp-json\/wp\/v2\/posts\/31734\/revisions"}],"predecessor-version":[{"id":31782,"href":"https:\/\/www.arte.unicen.edu.ar\/cdab\/wp-json\/wp\/v2\/posts\/31734\/revisions\/31782"}],"wp:featuredmedia":[{"embeddable":true,"href":"https:\/\/www.arte.unicen.edu.ar\/cdab\/wp-json\/wp\/v2\/media\/31737"}],"wp:attachment":[{"href":"https:\/\/www.arte.unicen.edu.ar\/cdab\/wp-json\/wp\/v2\/media?parent=31734"}],"wp:term":[{"taxonomy":"category","embeddable":true,"href":"https:\/\/www.arte.unicen.edu.ar\/cdab\/wp-json\/wp\/v2\/categories?post=31734"},{"taxonomy":"post_tag","embeddable":true,"href":"https:\/\/www.arte.unicen.edu.ar\/cdab\/wp-json\/wp\/v2\/tags?post=31734"}],"curies":[{"name":"wp","href":"https:\/\/api.w.org\/{rel}","templated":true}]}}