{"id":31340,"date":"2024-06-03T10:30:00","date_gmt":"2024-06-03T13:30:00","guid":{"rendered":"https:\/\/www.arte.unicen.edu.ar\/cdab\/?p=31340"},"modified":"2024-06-09T18:12:16","modified_gmt":"2024-06-09T21:12:16","slug":"recuperar-revisionar-revalorizar-reflexionar-un-ciclo-en-primer-plano","status":"publish","type":"post","link":"https:\/\/www.arte.unicen.edu.ar\/cdab\/recuperar-revisionar-revalorizar-reflexionar-un-ciclo-en-primer-plano\/","title":{"rendered":"Recuperar. Revisionar. Revalorizar. Reflexionar. Un ciclo de cine &#8220;En primer plano&#8221;"},"content":{"rendered":"\n<p>Con el objetivo de fomentar la protecci\u00f3n y preservaci\u00f3n del patrimonio documental, promover su accesibilidad y valorar el resguardo de la memoria hist\u00f3rica y cultural, cada <strong>9 de junio<\/strong> se conmemora el <a rel=\"noreferrer noopener\" href=\"https:\/\/www.ica.org\/es\/descubra-los-archivos\/que-son-los-archivos\" target=\"_blank\">D\u00eda Internacional de los Archivos<\/a>. Desde el <strong>CDAB<\/strong> estamos convencidos que los archivos nos permiten reencontrarnos con <strong>huellas del pasado<\/strong> en las que hay rastros de lo que fuimos, lo que somos y lo que sentimos; se trata de <strong>espacios vivos<\/strong> que nos invitan a <strong>recuperar, revisionar, revalorizar, reflexionar<\/strong>. Y ese es nuestro compromiso.<\/p>\n\n\n\n<p>Para celebrar esta efem\u00e9ride presentamos el <span style=\"color: #e82e3b;\"><strong>ciclo de cine &#8220;En primer plano&#8221;<\/strong><\/span>, una iniciativa que se desarrollar\u00e1 del <span style=\"color: #e82e3b;\"><strong>s\u00e1bado 8 al lunes 10 de junio<\/strong><\/span> en el <a rel=\"noreferrer noopener\" href=\"https:\/\/www.facebook.com\/espacioincaa.unicen\" target=\"_blank\">Espacio INCAA UNICEN<\/a> <strong>(Hip\u00f3lito Yrigoyen 662)<\/strong>, mediante la que pondremos en valor el <strong>patrimonio audiovisual argentino<\/strong> y la labor de los centros de documentaci\u00f3n en la preservaci\u00f3n de aquellas im\u00e1genes que construyen memoria, identidades, imaginarios, historias y trayectorias. <strong><em>Los visionadores<\/em><\/strong>, <em><strong>La vida a oscuras<\/strong><\/em>, <em><strong>Herbaria<\/strong><\/em> y <strong><em>El censor<\/em><\/strong> -en una versi\u00f3n restaurada y remasterizada- son las cuatro propuestas que en el cruce entre ficci\u00f3n y documental propiciar\u00e1n nuevos acercamientos al archivo, a la construcci\u00f3n de sentido a trav\u00e9s de las im\u00e1genes y, sobre todo, la formulaci\u00f3n de interrogantes y respuestas.<\/p>\n\n\n\n<p>En una coyuntura signada por el desfinanciamiento de las instituciones y pol\u00edticas de fomento al cine, el teatro y otras manifestaciones art\u00edsticas, este tipo de iniciativas constituyen acciones fundamentales en pos de la defensa del desarrollo cultural nacional. La entrada a las proyecciones ser\u00e1 <strong>libre y gratuita<\/strong> y se invita a colaborar con <strong>un alimento no perecedero<\/strong> que se donar\u00e1 al <strong>Hogar Convivencial &#8220;Vientos de Libertad&#8221;<\/strong>.<\/p>\n\n\n\n<p>Organizado por el <strong>Centro de Documentaci\u00f3n Audiovisual y Biblioteca (CDAB)<\/strong> y la <a rel=\"noreferrer noopener\" href=\"https:\/\/www.arte.unicen.edu.ar\/secretarias\/investigacion-posgrado\" target=\"_blank\">Secretar\u00eda de Investigaci\u00f3n y Posgrado<\/a> de la <a rel=\"noreferrer noopener\" href=\"https:\/\/www.arte.unicen.edu.ar\" target=\"_blank\">Facultad de Arte<\/a> de la <a rel=\"noreferrer noopener\" href=\"https:\/\/www.unicen.edu.ar\" target=\"_blank\">Universidad Nacional del Centro de la Provincia de Buenos Aires<\/a> en articulaci\u00f3n con el <a rel=\"noreferrer noopener\" href=\"https:\/\/www.facebook.com\/espacioincaa.unicen\" target=\"_blank\">Espacio INCAA UNICEN<\/a> y el \u00e1rea de <a rel=\"noreferrer noopener\" href=\"https:\/\/www.unicen.edu.ar\/content\/cultura-unicen\" target=\"_blank\">Cultura UNICEN<\/a>, el ciclo <strong>&#8220;En primer plano&#8221;<\/strong> es posible gracias al apoyo de <a rel=\"noreferrer noopener\" href=\"https:\/\/www.dac.org.ar\" target=\"_blank\">DAC (Directores Argentinos Cinematogr\u00e1ficos)<\/a> por intermedio de su plan <a rel=\"noreferrer noopener\" href=\"https:\/\/www.recuperar.org\" target=\"_blank\">Recuperar<\/a> (Declarado de Inter\u00e9s Cultural por el Ministerio de Cultura del Gobierno de la Ciudad de Buenos Aires), <a rel=\"noreferrer noopener\" href=\"https:\/\/www.gotika.com\" target=\"_blank\">Gotika<\/a> y <a rel=\"noreferrer noopener\" href=\"https:\/\/www.gotika.com\/foundation\" target=\"_blank\">Fundaci\u00f3n Gotika<\/a>.<\/p>\n\n\n\n<div style=\"margin: 35px auto;\"><a href=\"https:\/\/www.arte.unicen.edu.ar\/cdab\/wp-content\/uploads\/2024\/06\/ciclo-en-primer-plano-flyer.jpg\" data-fancybox=\"gallery\" data-caption=\"Recuperar. Revisionar. Revalorizar. Reflexionar. Un ciclo de cine &#8220;En primer plano&#8221;\"><img decoding=\"async\" class=\"aligncenter size-medium wp-image-2866\" src=\"https:\/\/www.arte.unicen.edu.ar\/cdab\/wp-content\/uploads\/2024\/06\/ciclo-en-primer-plano-flyer-768x543.jpg\" alt=\"Recuperar. Revisionar. Revalorizar. Reflexionar. Un ciclo 'En primer plano'\" title=\"Recuperar. Revisionar. Revalorizar. Reflexionar. Un ciclo 'En primer plano'\"\/><\/a><\/div>\n\n\n\n<p>Compartimos los <em>trailers<\/em> y m\u00e1s informaci\u00f3n acerca de cada pel\u00edcula:<\/p>\n\n\n\n<div style=\"margin: 30px auto 50px; width: 100%; text-align: center;\"><iframe loading=\"lazy\" width=\"720\" height=\"405\" src=\"https:\/\/www.youtube.com\/embed\/HDcibZJaEtg\" title=\"YouTube video player\" frameborder=\"0\" allow=\"accelerometer; autoplay; clipboard-write; encrypted-media; gyroscope; picture-in-picture; web-share\" referrerpolicy=\"strict-origin-when-cross-origin\" allowfullscreen><\/iframe><\/div>\n\n\n\n<h2 class=\"wp-block-heading\">Los visionadores (2021)<\/h2>\n\n\n\n<p><strong>Documental. Argentina. Dir. N\u00e9stor Frenkel. Vamosviendo Cine<\/strong>. <strong>51 minutos.<\/strong><br \/><strong><span style=\"color: #e82e3b;\">S\u00e1bado 8 de junio &#8211; 20 hs. en Espacio INCAA UNICEN (Hip\u00f3lito Yrigoyen 662). Entrada libre y gratuita.<\/span><\/strong><br \/>Los venerables VHS pueden guardar sorpresas. Un extra\u00f1o embrujo captura a los amigos protagonistas y los sumerge sin miramientos en el mundo de los policiales argentinos m\u00e1s inveros\u00edmiles. Un flujo asombroso de im\u00e1genes perdidas, olvidadas y recuperadas cuyo consumo amenaza con volverse adictivo.<\/p>\n\n\n\n<h2 class=\"wp-block-heading\">La vida a oscuras (2023) &#8211; ESTRENO<\/h2>\n\n\n\n<p><strong>Documental. Argentina. Dir. Enrique Bellande. Alambrado Cine, Alina Films<\/strong>. <strong>73 minutos.<\/strong><br \/><strong><span style=\"color: #e82e3b;\">Domingo 9 de junio &#8211; 18 hs. en Espacio INCAA UNICEN (Hip\u00f3lito Yrigoyen 662). Entrada libre y gratuita.<\/span><\/strong><br \/>Fernando Mart\u00edn Pe\u00f1a, coleccionista voraz desde su infancia, personaje central de la cinefilia argentina, recolecta lo que otros tiran o abandonan y lo guarda en su casa, casi el \u00fanico refugio posible para ese material. Pese a d\u00e9cadas de luchas y reclamos, Argentina no posee instituci\u00f3n oficial que se encargue de la conservaci\u00f3n de su cine. <em>La vida a oscuras<\/em> es una aproximaci\u00f3n a su figura. Es tambi\u00e9n una pel\u00edcula sobre el cine, sobre un movimiento trascendental en su historia, sobre sus espacios y sus rituales, sobre la fascinaci\u00f3n que nos produce esa luz proyectada, sentados junto a un grupo de desconocidos en una sala a oscuras.<\/p>\n\n\n\n<h2 class=\"wp-block-heading\">Herbaria (2022) &#8211; ESTRENO<\/h2>\n\n\n\n<p><strong>Documental. Argentina. Dir. Leandro Listorti. MaravillaCine, Weltfilm<\/strong>. <strong>83 minutos.<\/strong><br \/><strong><span style=\"color: #e82e3b;\">Domingo 9 de junio &#8211; 20 hs. en Espacio INCAA UNICEN (Hip\u00f3lito Yrigoyen 662). Entrada general $400 \/ Estudiantes y jubilados $200.<\/span><\/strong><br \/>En un viaje a la preservaci\u00f3n bot\u00e1nica y cinematogr\u00e1fica, <em>Herbaria<\/em> explora, en sus procesos casi invisibles, las derivaciones art\u00edsticas y pol\u00edticas que conectan los dos mundos. A partir de una narrativa donde el tiempo y el espacio parecen fundirse, las im\u00e1genes nos invitan al fascinante universo de preservar la belleza y la memoria de un mundo que insiste en desaparecer.<\/p>\n\n\n\n<h2 class=\"wp-block-heading\">El censor (1995)<\/h2>\n\n\n\n<p><strong>Ficci\u00f3n. Argentina. Dir. Eduardo Calcagno. INCAA. 115 minutos.<\/strong><br \/><strong><span style=\"color: #e82e3b;\">Lunes 10 de junio &#8211; 20 hs. en Espacio INCAA UNICEN (Hip\u00f3lito Yrigoyen 662). Entrada libre y gratuita.<\/span><\/strong><br \/>Acercamiento a la figura de un censor cinematogr\u00e1fico de la \u00e9poca de la \u00faltima dictadura militar argentina (levemente inspirado en el tristemente c\u00e9lebre Miguel Paulino Tato). Ra\u00fal Veirab\u00e9 es el jefe de la oficina de censura cinematogr\u00e1fica. Es un hombre de mediana edad, franco, audaz y honesto a quien le gustan las buenas pel\u00edculas y que por otra parte las censura. Colecciona fotogramas de pel\u00edculas donde aparece una extra muy atractiva. Inesperadamente, desaparece de la butaca de un cine y se despierta ocho a\u00f1os m\u00e1s tarde en el medio de otra \u00e9poca: la democracia reina en el pa\u00eds. \u00c9l trata de replantear su vida y descubre lo que ha pasado durante todos esos a\u00f1os.<\/p>\n","protected":false},"excerpt":{"rendered":"<p>Con el objetivo de fomentar la protecci\u00f3n y preservaci\u00f3n del patrimonio documental, promover su accesibilidad y valorar el resguardo de la memoria hist\u00f3rica y cultural, cada 9 de junio se conmemora el D\u00eda Internacional de los Archivos. Desde el CDAB estamos convencidos que los archivos nos permiten reencontrarnos con huellas del pasado en las que hay rastros de lo que [&hellip;]<\/p>\n","protected":false},"author":1,"featured_media":31437,"comment_status":"closed","ping_status":"closed","sticky":false,"template":"","format":"standard","meta":{"_acf_changed":false,"footnotes":""},"categories":[1],"tags":[214,4234,4233,1040,215,288,294],"class_list":["post-31340","post","type-post","status-publish","format-standard","has-post-thumbnail","hentry","category-novedades","tag-cdab","tag-ciclo-en-primer-plano","tag-cultura-unicen","tag-espacio-incaa-unicen","tag-facultad-de-arte","tag-secretaria-de-investigacion-y-posgrado","tag-unicen"],"acf":[],"_links":{"self":[{"href":"https:\/\/www.arte.unicen.edu.ar\/cdab\/wp-json\/wp\/v2\/posts\/31340","targetHints":{"allow":["GET"]}}],"collection":[{"href":"https:\/\/www.arte.unicen.edu.ar\/cdab\/wp-json\/wp\/v2\/posts"}],"about":[{"href":"https:\/\/www.arte.unicen.edu.ar\/cdab\/wp-json\/wp\/v2\/types\/post"}],"author":[{"embeddable":true,"href":"https:\/\/www.arte.unicen.edu.ar\/cdab\/wp-json\/wp\/v2\/users\/1"}],"replies":[{"embeddable":true,"href":"https:\/\/www.arte.unicen.edu.ar\/cdab\/wp-json\/wp\/v2\/comments?post=31340"}],"version-history":[{"count":2,"href":"https:\/\/www.arte.unicen.edu.ar\/cdab\/wp-json\/wp\/v2\/posts\/31340\/revisions"}],"predecessor-version":[{"id":31470,"href":"https:\/\/www.arte.unicen.edu.ar\/cdab\/wp-json\/wp\/v2\/posts\/31340\/revisions\/31470"}],"wp:featuredmedia":[{"embeddable":true,"href":"https:\/\/www.arte.unicen.edu.ar\/cdab\/wp-json\/wp\/v2\/media\/31437"}],"wp:attachment":[{"href":"https:\/\/www.arte.unicen.edu.ar\/cdab\/wp-json\/wp\/v2\/media?parent=31340"}],"wp:term":[{"taxonomy":"category","embeddable":true,"href":"https:\/\/www.arte.unicen.edu.ar\/cdab\/wp-json\/wp\/v2\/categories?post=31340"},{"taxonomy":"post_tag","embeddable":true,"href":"https:\/\/www.arte.unicen.edu.ar\/cdab\/wp-json\/wp\/v2\/tags?post=31340"}],"curies":[{"name":"wp","href":"https:\/\/api.w.org\/{rel}","templated":true}]}}