{"id":31336,"date":"2024-05-22T10:01:46","date_gmt":"2024-05-22T13:01:46","guid":{"rendered":"https:\/\/www.arte.unicen.edu.ar\/cdab\/?p=31336"},"modified":"2024-06-18T12:03:09","modified_gmt":"2024-06-18T15:03:09","slug":"agradecemos-donaciones-maria-guadalupe-suasnabar-miguel-santagada-larisa-mantovani","status":"publish","type":"post","link":"https:\/\/www.arte.unicen.edu.ar\/cdab\/agradecemos-donaciones-maria-guadalupe-suasnabar-miguel-santagada-larisa-mantovani\/","title":{"rendered":"Agradecemos las donaciones efectuadas por la Dra. Mar\u00eda Guadalupe Suasn\u00e1bar, el Dr. Miguel Santagada y la Dra. Larisa Mantovani"},"content":{"rendered":"\n<p>Durante el mes de mayo continuamos incorporando materiales bibliogr\u00e1ficos gracias a m\u00faltiples <strong>donaciones efectuadas por docentes-investigadorxs de nuestra Unidad Acad\u00e9mica y otras universidades nacionales<\/strong>. Una vez m\u00e1s, reiteramos nuestro agradecimiento hacia estos gestos que ampl\u00edan sustantivamente el fondo bibliogr\u00e1fico y reflejan la confianza en las pol\u00edticas de preservaci\u00f3n, catalogaci\u00f3n y difusi\u00f3n que promovemos desde el <strong>Centro de Documentaci\u00f3n Audiovisual y Biblioteca (CDAB)<\/strong> de la <a rel=\"noreferrer noopener\" href=\"https:\/\/www.arte.unicen.edu.ar\" target=\"_blank\">Facultad de Arte<\/a>.<\/p>\n\n\n\n<p>En esta oportunidad, la <strong>Dra. Mar\u00eda Guadalupe Suasn\u00e1bar<\/strong> -docente de la carrera <a rel=\"noreferrer noopener\" href=\"https:\/\/www.arte.unicen.edu.ar\/carreras\/grado\/riaa\/perfil-del-egresado_\" target=\"_blank\">Realizaci\u00f3n Integral en Artes Audiovisuales<\/a> e investigadora en el <a rel=\"noreferrer noopener\" href=\"https:\/\/www.arte.unicen.edu.ar\/indees\" target=\"_blank\">Instituto de Estudios Escenogr\u00e1ficos en Artes Esc\u00e9nicas y Audiovisuales (INDEES)<\/a>&#8211; nos don\u00f3 los siguientes ejemplares:<\/p>\n\n\n\n<ul style=\"margin: 30px 0px 30px 60px;\">\n<li><a href=\"https:\/\/www.arte.unicen.edu.ar\/cdab\/libros\/arte-literatura-y-cultura-popular\" target=\"_blank\" rel=\"noreferrer noopener\">Arte, literatura y cultura popular<\/a> (2006) de Jaime Rest. Grupo Editorial Norma.<\/li>\n<li><a rel=\"noreferrer noopener\" href=\"https:\/\/www.arte.unicen.edu.ar\/cdab\/libros\/historia-de-la-belleza-el-cuerpo-y-el-arte-de-embellecer-desde-el-renacimiento-hasta-nuestros-dias\" target=\"_blank\">Historia de la belleza. El cuerpo y el arte de embellecer desde el Renacimiento hasta nuestros d\u00edas<\/a> (2005) de Georges Vigarello. Nueva Visi\u00f3n.<\/li>\n<li><a rel=\"noreferrer noopener\" href=\"https:\/\/www.arte.unicen.edu.ar\/cdab\/libros\/materialismo-filosofico-y-realismo-artistico\" target=\"_blank\">Materialismo filos\u00f3fico y realismo art\u00edstico<\/a> (2012) de Jean Paul Sartre, Roger Garaudy. Ediciones Godot.<\/li>\n<li><a href=\"https:\/\/www.arte.unicen.edu.ar\/cdab\/libros\/desde-nietzsche-tiempo-arte-politica\" target=\"_blank\" rel=\"noreferrer noopener\">Desde Nietzsche. Tiempo, arte, pol\u00edtica<\/a> (1994) de Massimo Cacciari. Editorial Biblos.<\/li>\n<li><a rel=\"noreferrer noopener\" href=\"https:\/\/www.arte.unicen.edu.ar\/cdab\/libros\/lucrecia-moyano-diseno-arte-e-industria-argentina\" target=\"_blank\">Lucrecia Moyano: dise\u00f1o, arte e industria argentina<\/a> (2023) editado por Marina Ca\u00f1ardo, Dalia Herskovits, Larisa Mantovani, Hugo Pontoriero. Secretar\u00eda de Patrimonio Cultural, Ministerio de Cultura de la Naci\u00f3n.<\/li>\n<li><a href=\"https:\/\/www.arte.unicen.edu.ar\/cdab\/libros\/arte-revolucion-y-decadencia-revistas-vanguardistas-en-america-latina-1924-1931\" target=\"_blank\" rel=\"noreferrer noopener\">Arte, revoluci\u00f3n y decadencia: revistas vanguardistas en Am\u00e9rica Latina (1924-1931)<\/a> (2009) de Susana Santos, Gabriela Garc\u00eda Cedro. Editorial de la Facultad de Filosof\u00eda y Letras &#8211; Universidad de Buenos Aires (UBA).<\/li>\n<li><a rel=\"noreferrer noopener\" href=\"https:\/\/www.arte.unicen.edu.ar\/cdab\/libros\/se-trata-de-nosotras-la-trata-de-mujeres-y-ninas-con-fines-de-explotacion-sexual\" target=\"_blank\">Se trata de nosotras: la trata de mujeres y ni\u00f1as con fines de explotaci\u00f3n sexual<\/a> (2009) de Laura Demarco, Mar\u00eda de las Mercedes de Isla. Las Juanas Editora.<\/li>\n<li><a rel=\"noreferrer noopener\" href=\"https:\/\/www.arte.unicen.edu.ar\/cdab\/libros\/las-aventuras-de-la-vanguardia-el-arte-moderno-contra-la-modernidad\" target=\"_blank\">Las aventuras de la vanguardia. El arte moderno contra la modernidad<\/a> (2000) de Juan Jos\u00e9 Sebreli. Editorial Sudamericana.<\/li>\n<li><a rel=\"noreferrer noopener\" href=\"https:\/\/www.arte.unicen.edu.ar\/cdab\/libros\/breve-historia-contemporanea-de-la-argentina\" target=\"_blank\">Breve historia contempor\u00e1nea de la Argentina 1916-1999<\/a> (2004) de Luis Alberto Romero. Fondo de Cultura Econ\u00f3mica.<\/li>\n<li><a rel=\"noreferrer noopener\" href=\"https:\/\/www.arte.unicen.edu.ar\/cdab\/libros\/literatura-y-anarquismo-en-argentina-1879-1919\" target=\"_blank\">Literatura y anarquismo en Argentina (1879-1919)<\/a> (2011) de Pablo Ansolabehere. Beatriz Viterbo Editora.<\/li>\n<\/ul>\n\n\n\n<p>Asimismo, en el marco de la <a rel=\"noreferrer noopener\" href=\"https:\/\/www.arte.unicen.edu.ar\/primera-jornada-de-celebracion-de-los-30-anos-del-tecc\" target=\"_blank\">primera jornada de celebraci\u00f3n con motivo de los 30 a\u00f1os del Centro de Estudios de Teatro, Educaci\u00f3n y Consumos Culturales (TECC)<\/a>, el <strong>Dr. Miguel Santagada<\/strong> nos entreg\u00f3 tres libros con cap\u00edtulos de su autor\u00eda. Los t\u00edtulos son:<\/p>\n\n\n\n<ul style=\"margin: 30px 0px 30px 60px;\">\n<li><a href=\"https:\/\/www.arte.unicen.edu.ar\/cdab\/libros\/espectros-de-la-filosofia-los-estados-generales-de-la-educacion-filosofica-y-su-intervencion-en-la-vida-democratica\" target=\"_blank\" rel=\"noreferrer noopener\">Espectros de la filosof\u00eda. Los estados generales de la educaci\u00f3n filos\u00f3fica y su intervenci\u00f3n en la vida democr\u00e1tica<\/a> (2016) compilado por Marcelo Lobosco. Editorial Biblos.<\/li>\n<li><a rel=\"noreferrer noopener\" href=\"https:\/\/www.arte.unicen.edu.ar\/cdab\/libros\/la-condicion-humana-en-la-era-de-la-posverdad\" target=\"_blank\">La condici\u00f3n humana en la era de la posverdad<\/a> (2018) compilado por Hern\u00e1n Murano, Rom\u00e1n March y Marcelo Lobosco. Editorial Biblos.<\/li>\n<li><a href=\"https:\/\/www.arte.unicen.edu.ar\/cdab\/libros\/la-antifilosofia-en-la-escuela-media-y-la-universidad\" target=\"_blank\" rel=\"noreferrer noopener\">La antifilosof\u00eda. En la escuela media y la universidad<\/a> (2015) compilado por Marcelo Lobosco. Editorial Biblos.<\/li>\n<\/ul>\n\n\n\n<p>Por \u00faltimo, la <strong>Dra. Larisa Mantovani<\/strong> nos envi\u00f3 un ejemplar de su libro titulado <a rel=\"noreferrer noopener\" href=\"https:\/\/www.arte.unicen.edu.ar\/cdab\/libros\/el-pueblo-tiene-derecho-a-la-belleza-artes-aplicadas-educacion-e-industria-en-buenos-aires-1910-1940\" target=\"_blank\">El pueblo tiene derecho a la belleza: artes aplicadas, educaci\u00f3n e industria en Buenos Aires (1910-1940)<\/a>. El mismo analiza y reflexiona sobre los grandes cambios que ocurrieron en Argentina entre 1910 y 1940 y dieron lugar a la creaci\u00f3n de establecimientos destinados a educar, exhibir y producir artes vinculadas a la industria. La autora destaca en la contratapa: <em>&#8220;Buenos Aires fue una ciudad privilegiada en este proceso, en donde surgieron numerosas escuelas t\u00e9cnicas para obreras y obreros, se crearon Salones Nacionales de Artes Decorativas, organizaron Exposiciones Comunales dedicadas a las Artes Aplicadas e Industriales y se fund\u00f3 el Museo Nacional de Arte Decorativo. Entre otros planes exitosos y tambi\u00e9n fallidos, estas instituciones formaron parte de los proyectos que diversas figuras del \u00e1mbito art\u00edstico e industrial buscaron impulsar. [&#8230;] Este libro muestra c\u00f3mo fomentar el v\u00ednculo entre arte e industria iba de la mano de un deseo de progreso, a la vez que atiende a figuras poco exploradas como el lugar de los estudiantes, artesanos y obreros en la producci\u00f3n art\u00edstica&#8221;<\/em>.<\/p>\n\n\n\n<p>Estos materiales estar\u00e1n&nbsp;<strong>disponibles para consulta pr\u00f3ximamente<\/strong>, cuando finalice el proceso de catalogaci\u00f3n por parte de&nbsp;<a rel=\"noreferrer noopener\" href=\"http:\/\/www.biblio.unicen.edu.ar\/\" target=\"_blank\">Biblioteca Central UNICEN<\/a>. Asimismo, recordamos a toda la comunidad que nuestro horario de atenci\u00f3n al p\u00fablico es de <strong>lunes a viernes<\/strong> de <strong>9 a 19 hs.<\/strong><\/p>\n","protected":false},"excerpt":{"rendered":"<p>Durante el mes de mayo continuamos incorporando materiales bibliogr\u00e1ficos gracias a m\u00faltiples donaciones efectuadas por docentes-investigadorxs de nuestra Unidad Acad\u00e9mica y otras universidades nacionales. Una vez m\u00e1s, reiteramos nuestro agradecimiento hacia estos gestos que ampl\u00edan sustantivamente el fondo bibliogr\u00e1fico y reflejan la confianza en las pol\u00edticas de preservaci\u00f3n, catalogaci\u00f3n y difusi\u00f3n que promovemos desde el Centro de Documentaci\u00f3n Audiovisual y [&hellip;]<\/p>\n","protected":false},"author":1,"featured_media":30663,"comment_status":"closed","ping_status":"closed","sticky":false,"template":"","format":"standard","meta":{"_acf_changed":false,"footnotes":""},"categories":[1],"tags":[214,290,215,294],"class_list":["post-31336","post","type-post","status-publish","format-standard","has-post-thumbnail","hentry","category-novedades","tag-cdab","tag-donacion","tag-facultad-de-arte","tag-unicen"],"acf":[],"_links":{"self":[{"href":"https:\/\/www.arte.unicen.edu.ar\/cdab\/wp-json\/wp\/v2\/posts\/31336","targetHints":{"allow":["GET"]}}],"collection":[{"href":"https:\/\/www.arte.unicen.edu.ar\/cdab\/wp-json\/wp\/v2\/posts"}],"about":[{"href":"https:\/\/www.arte.unicen.edu.ar\/cdab\/wp-json\/wp\/v2\/types\/post"}],"author":[{"embeddable":true,"href":"https:\/\/www.arte.unicen.edu.ar\/cdab\/wp-json\/wp\/v2\/users\/1"}],"replies":[{"embeddable":true,"href":"https:\/\/www.arte.unicen.edu.ar\/cdab\/wp-json\/wp\/v2\/comments?post=31336"}],"version-history":[{"count":2,"href":"https:\/\/www.arte.unicen.edu.ar\/cdab\/wp-json\/wp\/v2\/posts\/31336\/revisions"}],"predecessor-version":[{"id":31549,"href":"https:\/\/www.arte.unicen.edu.ar\/cdab\/wp-json\/wp\/v2\/posts\/31336\/revisions\/31549"}],"wp:featuredmedia":[{"embeddable":true,"href":"https:\/\/www.arte.unicen.edu.ar\/cdab\/wp-json\/wp\/v2\/media\/30663"}],"wp:attachment":[{"href":"https:\/\/www.arte.unicen.edu.ar\/cdab\/wp-json\/wp\/v2\/media?parent=31336"}],"wp:term":[{"taxonomy":"category","embeddable":true,"href":"https:\/\/www.arte.unicen.edu.ar\/cdab\/wp-json\/wp\/v2\/categories?post=31336"},{"taxonomy":"post_tag","embeddable":true,"href":"https:\/\/www.arte.unicen.edu.ar\/cdab\/wp-json\/wp\/v2\/tags?post=31336"}],"curies":[{"name":"wp","href":"https:\/\/api.w.org\/{rel}","templated":true}]}}