{"id":3035,"date":"2017-12-28T11:43:13","date_gmt":"2017-12-28T14:43:13","guid":{"rendered":"http:\/\/www.arte.unicen.edu.ar\/cdab\/?p=3035"},"modified":"2018-09-20T15:07:40","modified_gmt":"2018-09-20T18:07:40","slug":"edgardo-pinchentti-recibio-un-calido-reconocimiento-de-la-facultad-de-arte","status":"publish","type":"post","link":"https:\/\/www.arte.unicen.edu.ar\/cdab\/edgardo-pinchentti-recibio-un-calido-reconocimiento-de-la-facultad-de-arte\/","title":{"rendered":"Edgardo Pinchentti recibi\u00f3 un c\u00e1lido reconocimiento de la Facultad de Arte"},"content":{"rendered":"<p>En un emotivo acto llevado a cabo este mi\u00e9rcoles 27 de diciembre a las 11 hs. en las instalaciones del <strong>Centro de Documentaci\u00f3n Audiovisual y Biblioteca (CDAB)<\/strong> de la <a href=\"http:\/\/www.arte.unicen.edu.ar\" target=\"_blank\" rel=\"noopener noreferrer\">Facultad de Arte<\/a> se homenaje\u00f3 al reconocido artista tandilense <strong>Edgardo Pinchentti<\/strong> por su trayectoria y desempe\u00f1o actoral como personaje protag\u00f3nico de <em>Cerro de Leones<\/em>, \u00f3pera prima del director Alberto Gauna. Este reconocimiento cont\u00f3 con la presencia de la Secretaria de Investigaci\u00f3n y Posgrado <strong>Mg. Teresita Mar\u00eda Victoria Fuentes<\/strong>, el Secretario Acad\u00e9mico <strong>Dr. Juan Manuel Padr\u00f3n<\/strong> y el equipo de trabajo del <strong>CDAB<\/strong> encabezado por el <strong>Sr. Ra\u00fal Echegaray<\/strong>, adem\u00e1s de familiares y amigos de Pinchentti y p\u00fablico en general.<\/p>\n<h3>&#8220;Recuperar la memoria y sentarnos a charlar con quienes han hecho la cultura tandilense es m\u00e1s que importante&#8221;<\/h3>\n<p>El homenaje dio inicio con las palabras de la Mg. Teresita Mar\u00eda Victoria Fuentes quien introdujo: &#8220;Este es el <strong>Centro de Documentaci\u00f3n Audiovisual y Biblioteca<\/strong> de la <a href=\"http:\/\/www.arte.unicen.edu.ar\" target=\"_blank\" rel=\"noopener noreferrer\">Facultad de Arte<\/a>. Ra\u00fal empez\u00f3 a construirlo ni bien lleg\u00f3 a esta Casa y ha sido en realidad quien ha resguardado la memoria de muchos artistas tandilenses y quien nos ha acompa\u00f1ado a muchos de los investigadores que nos reunimos en la Universidad para poder conseguir materiales, para recuperar la historia. Los equipos del CDAB resguardan cientos y cientos de fotograf\u00edas, de fragmentos de pel\u00edculas y audiovisuales que tienen esa historia&#8221;. Y continu\u00f3: &#8220;En ese marco de mantener la cultura de la ciudad nos encontramos con gente que se ha ocupado del cine cuando se supon\u00eda que nadie hac\u00eda cine en Tandil, gente que se ha ocupado del teatro cuando se supon\u00eda que era un arte de aficionados. Para nosotros poder recuperar la memoria y sentarnos a charlar con quienes han hecho la cultura tandilense es m\u00e1s que importante&#8221;. En relaci\u00f3n al film, reconoci\u00f3 que &#8220;es para Tandil un documento hist\u00f3rico muy importante y que en realidad tuvo sus tiempos de trabajo ya que no se pudo exhibir enseguida, tuvo que estar resguardada un tiempo. Hoy por hoy, hay investigadores de la Casa como el Dr. Javier Campo que la han recuperado y forma parte del acervo documental nacional en libros de estudio de varias universidades nacionales. Esto no es un detalle menor, es poder posicionar el trabajo de artistas de los a\u00f1os 70\u2026 la verdad que para Tandil es un orgullo&#8221;. A modo de conclusi\u00f3n, agreg\u00f3 &#8220;es una alegr\u00eda para todos nosotros que ustedes est\u00e9n ac\u00e1 y continuamos insistiendo en el resguardo de la historia, la cultura y el arte tandilense&#8221;.<\/p>\n<p>Posteriormente, en representaci\u00f3n del <strong>Centro de Documentaci\u00f3n Audiovisual y Biblioteca (CDAB)<\/strong>, el Sr. Ra\u00fal Echegaray destac\u00f3 el crecimiento del acervo documental de la Facultad, la presencia de Delia Gauna -hermana del director de <em>Cerro de Leones<\/em>, a quien afectuosamente present\u00f3 como &#8220;una querida amiga de la adolescencia&#8221;-, y la intenci\u00f3n de &#8220;reivindicar, una vez m\u00e1s, a un artista que m\u00e1s all\u00e1 del afecto personal es un \u00edcono de la cultura popular de Tandil. A Edgardo Pinchentti se lo va a agasajar hoy fundamentalmente y puntualmente por ser el \u00fanico residente entre nosotros que hizo un papel protag\u00f3nico en la pel\u00edcula <em>Cerro de Leones<\/em>. Nosotros, adem\u00e1s de la carrera de Teatro tenemos una carrera de cine. Hace cuatro a\u00f1os le hicimos un homenaje a Alberto Gauna por ser el director de este primer mediometraje que se film\u00f3 en Tandil en 1975 y que remite a las famosas y terribles huelgas canteriles de 1911&#8243;. En ese sentido, Echegaray argument\u00f3: &#8220;Nos pareci\u00f3 propicio seguir una l\u00ednea que tiene instalada la Facultad y que ha seguido la Universidad en su conjunto en lo que se llama el avance sobre el territorio social, en la b\u00fasqueda del conocimiento colectivo y popular. Los saberes colectivos y populares, no acad\u00e9micos, tambi\u00e9n se tienen que sumar al saber acad\u00e9mico de la Universidad porque lo complementan y lo enriquecen&#8221;.<\/p>\n<p>Acto seguido se le cedi\u00f3 la palabra al Sr. Edgardo Pinchentti que relat\u00f3 algunas an\u00e9cdotas personales, record\u00f3 sus inicios en la actividad art\u00edstica y, emocionado, agradeci\u00f3 la presencia de familiares y amigos. En cuanto a <em>Cerro de Leones<\/em>\u00a0cont\u00f3 que &#8220;un 25 de mayo apareci\u00f3 Beto Gauna&#8230; \u00e9l sab\u00eda que yo ten\u00eda conocimientos, estaba muy bien informado. Le present\u00e9 a don Ambrosio Renis, estuvieron charlando, creo que luego lo ubic\u00f3 con (Hugo) Nario. As\u00ed surgi\u00f3 la pel\u00edcula y qued\u00f3 en la nada. Un tiempito despu\u00e9s vino a buscarme para que haga un papel. Entonces me pongo a pensar qu\u00e9 hago yo en el cine y entr\u00e9 a recordar pel\u00edculas\u2026 m\u00e1s o menos sab\u00eda mi rol protag\u00f3nico, sab\u00eda que iba a hacer. Entr\u00e9. Un poco de Juan Moreira con Beb\u00e1n&#8230; y creo que sali\u00f3 bastante bien la parte esa&#8221;.<\/p>\n<p>Por \u00faltimo, en nombre de la <a href=\"http:\/\/www.arte.unicen.edu.ar\" target=\"_blank\" rel=\"noopener noreferrer\">Facultad de Arte<\/a> y el <strong>Centro de Documentaci\u00f3n Audiovisual y Biblioteca (CDAB)<\/strong>, la Secretaria de Investigaci\u00f3n y Posgrado Mg. Teresita Mar\u00eda Victoria Fuentes hizo entrega de una copia remasterizada del film <em>Cerro de Leones<\/em> y Delia Gauna, en representaci\u00f3n de su hermano, obsequi\u00f3 cinco fotogramas in\u00e9ditos especialmente enviados para la ocasi\u00f3n.<\/p>\n<table style=\"margin: 15px auto 25px; text-align: center; border-collapse: collapse; border-spacing: 0;\">\n<tbody>\n<tr>\n<td style=\"padding: 0px 10px 0px 10px;\"><a href=\"http:\/\/www.arte.unicen.edu.ar\/cdab\/wp-content\/uploads\/2017\/12\/homenaje-pinchentti-1-big.jpg\" data-fancybox=\"gallery\" data-caption=\"Edgardo Pinchentti recibi\u00f3 un c\u00e1lido reconocimiento de la Facultad de Arte\"><img loading=\"lazy\" decoding=\"async\" class=\"aligncenter size-full wp-image-3040\" src=\"http:\/\/www.arte.unicen.edu.ar\/cdab\/wp-content\/uploads\/2017\/12\/homenaje-pinchentti-1.jpg\" alt=\"\" width=\"398\" height=\"265\" srcset=\"https:\/\/www.arte.unicen.edu.ar\/cdab\/wp-content\/uploads\/2017\/12\/homenaje-pinchentti-1.jpg 398w, https:\/\/www.arte.unicen.edu.ar\/cdab\/wp-content\/uploads\/2017\/12\/homenaje-pinchentti-1-300x200.jpg 300w\" sizes=\"auto, (max-width: 398px) 100vw, 398px\" \/><\/a><\/td>\n<td style=\"padding: 0px 10px 0px 10px;\"><a href=\"http:\/\/www.arte.unicen.edu.ar\/cdab\/wp-content\/uploads\/2017\/12\/homenaje-pinchentti-2-big.jpg\" data-fancybox=\"gallery\" data-caption=\"Edgardo Pinchentti recibi\u00f3 un c\u00e1lido reconocimiento de la Facultad de Arte\"><img loading=\"lazy\" decoding=\"async\" class=\"aligncenter size-full wp-image-3042\" src=\"http:\/\/www.arte.unicen.edu.ar\/cdab\/wp-content\/uploads\/2017\/12\/homenaje-pinchentti-2.jpg\" alt=\"\" width=\"398\" height=\"265\" srcset=\"https:\/\/www.arte.unicen.edu.ar\/cdab\/wp-content\/uploads\/2017\/12\/homenaje-pinchentti-2.jpg 398w, https:\/\/www.arte.unicen.edu.ar\/cdab\/wp-content\/uploads\/2017\/12\/homenaje-pinchentti-2-300x200.jpg 300w\" sizes=\"auto, (max-width: 398px) 100vw, 398px\" \/><\/a><\/td>\n<td style=\"padding: 0px 10px 0px 10px;\"><a href=\"http:\/\/www.arte.unicen.edu.ar\/cdab\/wp-content\/uploads\/2017\/12\/homenaje-pinchentti-3-big.jpg\" data-fancybox=\"gallery\" data-caption=\"Edgardo Pinchentti recibi\u00f3 un c\u00e1lido reconocimiento de la Facultad de Arte\"><img loading=\"lazy\" decoding=\"async\" class=\"aligncenter size-full wp-image-3044\" src=\"http:\/\/www.arte.unicen.edu.ar\/cdab\/wp-content\/uploads\/2017\/12\/homenaje-pinchentti-3.jpg\" alt=\"\" width=\"398\" height=\"265\" srcset=\"https:\/\/www.arte.unicen.edu.ar\/cdab\/wp-content\/uploads\/2017\/12\/homenaje-pinchentti-3.jpg 398w, https:\/\/www.arte.unicen.edu.ar\/cdab\/wp-content\/uploads\/2017\/12\/homenaje-pinchentti-3-300x200.jpg 300w\" sizes=\"auto, (max-width: 398px) 100vw, 398px\" \/><\/a><\/td>\n<\/tr>\n<tr>\n<td style=\"padding: 0px 0px 0px 0px; margin: 0; font-size: 12px;\" colspan=\"3\"><i><u>Fotograf\u00edas:<\/u> Sol Rodriguez (Secretar\u00eda de Extensi\u00f3n, Facultad de Arte).<\/i><\/td>\n<\/tr>\n<\/tbody>\n<\/table>\n","protected":false},"excerpt":{"rendered":"<p>En un emotivo acto llevado a cabo este mi\u00e9rcoles 27 de diciembre a las 11 hs. en las instalaciones del Centro de Documentaci\u00f3n Audiovisual y Biblioteca (CDAB) de la Facultad de Arte se homenaje\u00f3 al reconocido artista tandilense Edgardo Pinchentti por su trayectoria y desempe\u00f1o actoral como personaje protag\u00f3nico de Cerro de Leones, \u00f3pera prima del director Alberto Gauna. Este [&hellip;]<\/p>\n","protected":false},"author":1,"featured_media":3036,"comment_status":"open","ping_status":"open","sticky":false,"template":"","format":"standard","meta":{"_acf_changed":false,"footnotes":""},"categories":[1],"tags":[214,215,301],"class_list":["post-3035","post","type-post","status-publish","format-standard","has-post-thumbnail","hentry","category-novedades","tag-cdab","tag-facultad-de-arte","tag-homenaje"],"acf":[],"_links":{"self":[{"href":"https:\/\/www.arte.unicen.edu.ar\/cdab\/wp-json\/wp\/v2\/posts\/3035","targetHints":{"allow":["GET"]}}],"collection":[{"href":"https:\/\/www.arte.unicen.edu.ar\/cdab\/wp-json\/wp\/v2\/posts"}],"about":[{"href":"https:\/\/www.arte.unicen.edu.ar\/cdab\/wp-json\/wp\/v2\/types\/post"}],"author":[{"embeddable":true,"href":"https:\/\/www.arte.unicen.edu.ar\/cdab\/wp-json\/wp\/v2\/users\/1"}],"replies":[{"embeddable":true,"href":"https:\/\/www.arte.unicen.edu.ar\/cdab\/wp-json\/wp\/v2\/comments?post=3035"}],"version-history":[{"count":3,"href":"https:\/\/www.arte.unicen.edu.ar\/cdab\/wp-json\/wp\/v2\/posts\/3035\/revisions"}],"predecessor-version":[{"id":3055,"href":"https:\/\/www.arte.unicen.edu.ar\/cdab\/wp-json\/wp\/v2\/posts\/3035\/revisions\/3055"}],"wp:featuredmedia":[{"embeddable":true,"href":"https:\/\/www.arte.unicen.edu.ar\/cdab\/wp-json\/wp\/v2\/media\/3036"}],"wp:attachment":[{"href":"https:\/\/www.arte.unicen.edu.ar\/cdab\/wp-json\/wp\/v2\/media?parent=3035"}],"wp:term":[{"taxonomy":"category","embeddable":true,"href":"https:\/\/www.arte.unicen.edu.ar\/cdab\/wp-json\/wp\/v2\/categories?post=3035"},{"taxonomy":"post_tag","embeddable":true,"href":"https:\/\/www.arte.unicen.edu.ar\/cdab\/wp-json\/wp\/v2\/tags?post=3035"}],"curies":[{"name":"wp","href":"https:\/\/api.w.org\/{rel}","templated":true}]}}