{"id":2995,"date":"2017-12-22T09:14:01","date_gmt":"2017-12-22T12:14:01","guid":{"rendered":"http:\/\/www.arte.unicen.edu.ar\/cdab\/?p=2995"},"modified":"2018-10-18T13:52:35","modified_gmt":"2018-10-18T16:52:35","slug":"se-publico-un-nuevo-numero-de-la-escalera-el-anuario-de-la-facultad-de-arte","status":"publish","type":"post","link":"https:\/\/www.arte.unicen.edu.ar\/cdab\/se-publico-un-nuevo-numero-de-la-escalera-el-anuario-de-la-facultad-de-arte\/","title":{"rendered":"Se public\u00f3 un nuevo n\u00famero de &#8220;La Escalera&#8221;, el anuario de la Facultad de Arte"},"content":{"rendered":"<p>Con el objetivo de fomentar el intercambio y la investigaci\u00f3n acerca de la producci\u00f3n y el consumo cultural en el campo art\u00edstico, se ha publicado un nuevo n\u00famero de <a href=\"http:\/\/www.ojs.arte.unicen.edu.ar\/index.php\/laescalera\" target=\"_blank\" rel=\"noopener noreferrer\">La Escalera<\/a> el Anuario de la <a href=\"http:\/\/www.arte.unicen.edu.ar\" target=\"_blank\" rel=\"noopener noreferrer\">Facultad de Arte<\/a> que se encuentra indexado en <a href=\"http:\/\/www.latindex.org\/latindex\/ficha?folio=15908\" target=\"_blank\" rel=\"noopener noreferrer\">Latindex<\/a> (ISSN: 1515-8349). De esta manera, la Facultad contin\u00faa apostando a la promoci\u00f3n del trabajo y los estudios afines al teatro, la historia de la cultura, el desarrollo del audiovisual y la vinculaci\u00f3n de los artistas con su entorno y\/o territorio.<\/p>\n<p>En esta edici\u00f3n -la vig\u00e9simo sexta, correspondiente al a\u00f1o 2016- se presenta un corpus de art\u00edculos vinculados a la exploraci\u00f3n y el estudio del pasado de la actividad teatral como as\u00ed tambi\u00e9n al empleo de la tecnolog\u00eda y nuevos dispositivos en las obras y c\u00f3mo \u00e9stas determinan nuevas dramaturgias u otros modos de &#8220;hacer&#8221;. Los escritos son el resultado de diversas investigaciones llevadas adelante por profesionales comprometidos con la producci\u00f3n y divulgaci\u00f3n del conocimiento art\u00edstico.<\/p>\n<p>El n\u00famero inicia con indagaciones sobre la vanguardia art\u00edstica en el teatro, puntualizando en el concepto de la vanguardia en la modernidad, a cargo de Jorge Dubatti. Luego, la docente e investigadora Eleonora Garc\u00eda S\u00e1nchez analiza <em>V\u00edctor o los ni\u00f1os al poder<\/em> de Roger Vitrac y la puesta en escena de Antonin Artaud. El an\u00e1lisis del lenguaje, el espacio (o los espacios), lo novedoso, lo latente, lo metaf\u00f3rico y humor\u00edstico, entre otros aspectos componen este art\u00edculo, que presenta la vigencia de algunos procedimientos dramat\u00fargicos y la extinci\u00f3n de otros.<br \/>\nDar\u00edo Pajor, por su parte, propone problematizar acerca de la idea del &#8220;desierto&#8221; presente en los relatos de los genocidios del estado-naci\u00f3n argentino, contribuyendo a la reflexi\u00f3n acerca de la otredad, el indio, la mujer y lo fronterizo. Seguidamente, Agustina G\u00f3mez Hoffman brinda algunos aportes sobre la funci\u00f3n de la imagen fotogr\u00e1fica en lo teatral en la obra de Ariel Farace, introduciendo al lector en la noci\u00f3n de &#8220;obra paisaje&#8221;.<br \/>\nPor \u00faltimo, Silvana Villanueva y Luciano Barandiar\u00e1n abordan los rituales festivos en el entorno rural con eje en las celebraciones que organizaba el Tiro Federal de Tandil. Los autores hacen un recorte que considera el per\u00edodo 1930-1941 observando la imagen que se ten\u00eda del criollismo y c\u00f3mo se teatralizaba.<\/p>\n<p>Lo invitamos a leer este nuevo n\u00famero de <a href=\"http:\/\/www.ojs.arte.unicen.edu.ar\/index.php\/laescalera\" target=\"_blank\" rel=\"noopener noreferrer\">La Escalera<\/a> en el sitio web oficial de la publicaci\u00f3n: <a href=\"http:\/\/www.ojs.arte.unicen.edu.ar\/index.php\/laescalera\/issue\/view\/66\" target=\"_blank\" rel=\"noopener noreferrer\">www.ojs.arte.unicen.edu.ar\/index.php\/laescalera\/issue\/view\/66<\/a><\/p>\n","protected":false},"excerpt":{"rendered":"<p>Con el objetivo de fomentar el intercambio y la investigaci\u00f3n acerca de la producci\u00f3n y el consumo cultural en el campo art\u00edstico, se ha publicado un nuevo n\u00famero de La Escalera el Anuario de la Facultad de Arte que se encuentra indexado en Latindex (ISSN: 1515-8349). De esta manera, la Facultad contin\u00faa apostando a la promoci\u00f3n del trabajo y los [&hellip;]<\/p>\n","protected":false},"author":1,"featured_media":2996,"comment_status":"open","ping_status":"open","sticky":false,"template":"","format":"standard","meta":{"_acf_changed":false,"footnotes":""},"categories":[1],"tags":[292,215,296],"class_list":["post-2995","post","type-post","status-publish","format-standard","has-post-thumbnail","hentry","category-novedades","tag-arte-publicaciones","tag-facultad-de-arte","tag-la-escalera"],"acf":[],"_links":{"self":[{"href":"https:\/\/www.arte.unicen.edu.ar\/cdab\/wp-json\/wp\/v2\/posts\/2995","targetHints":{"allow":["GET"]}}],"collection":[{"href":"https:\/\/www.arte.unicen.edu.ar\/cdab\/wp-json\/wp\/v2\/posts"}],"about":[{"href":"https:\/\/www.arte.unicen.edu.ar\/cdab\/wp-json\/wp\/v2\/types\/post"}],"author":[{"embeddable":true,"href":"https:\/\/www.arte.unicen.edu.ar\/cdab\/wp-json\/wp\/v2\/users\/1"}],"replies":[{"embeddable":true,"href":"https:\/\/www.arte.unicen.edu.ar\/cdab\/wp-json\/wp\/v2\/comments?post=2995"}],"version-history":[{"count":2,"href":"https:\/\/www.arte.unicen.edu.ar\/cdab\/wp-json\/wp\/v2\/posts\/2995\/revisions"}],"predecessor-version":[{"id":5624,"href":"https:\/\/www.arte.unicen.edu.ar\/cdab\/wp-json\/wp\/v2\/posts\/2995\/revisions\/5624"}],"wp:featuredmedia":[{"embeddable":true,"href":"https:\/\/www.arte.unicen.edu.ar\/cdab\/wp-json\/wp\/v2\/media\/2996"}],"wp:attachment":[{"href":"https:\/\/www.arte.unicen.edu.ar\/cdab\/wp-json\/wp\/v2\/media?parent=2995"}],"wp:term":[{"taxonomy":"category","embeddable":true,"href":"https:\/\/www.arte.unicen.edu.ar\/cdab\/wp-json\/wp\/v2\/categories?post=2995"},{"taxonomy":"post_tag","embeddable":true,"href":"https:\/\/www.arte.unicen.edu.ar\/cdab\/wp-json\/wp\/v2\/tags?post=2995"}],"curies":[{"name":"wp","href":"https:\/\/api.w.org\/{rel}","templated":true}]}}