{"id":29677,"date":"2023-12-04T11:20:00","date_gmt":"2023-12-04T14:20:00","guid":{"rendered":"https:\/\/www.arte.unicen.edu.ar\/cdab\/?p=29677"},"modified":"2023-12-04T14:53:34","modified_gmt":"2023-12-04T17:53:34","slug":"gabriel-orqueda-mauricio-gutierrez-presentaron-libro-batallas-infinitas","status":"publish","type":"post","link":"https:\/\/www.arte.unicen.edu.ar\/cdab\/gabriel-orqueda-mauricio-gutierrez-presentaron-libro-batallas-infinitas\/","title":{"rendered":"Gabriel Orqueda y Mauricio Guti\u00e9rrez presentaron el libro &#8220;Las batallas infinitas (cine argentino 1929-1989)&#8221; editado por Hacerse la cr\u00edtica"},"content":{"rendered":"\n<p>El pasado <strong>viernes 1 de diciembre<\/strong>&nbsp;a las&nbsp;<strong>18 hs.<\/strong>&nbsp;en el Consejo Acad\u00e9mico de la <a rel=\"noreferrer noopener\" href=\"https:\/\/www.arte.unicen.edu.ar\" target=\"_blank\">Facultad de Arte<\/a> se llev\u00f3 a cabo la presentaci\u00f3n del&nbsp;libro <strong><em>Las batallas infinitas (cine argentino 1929-1989)<\/em><\/strong> con la presencia de <strong>Gabriel Orqueda<\/strong>, editor de la publicaci\u00f3n y del portal <a rel=\"noreferrer noopener\" href=\"https:\/\/hacerselacritica.com\" target=\"_blank\">Hacerse la cr\u00edtica<\/a>, y <strong>Mauricio Guti\u00e9rrez<\/strong>, docente de la c\u00e1tedra <em>Historia del cine<\/em> en la carrera de <a rel=\"noreferrer noopener\" href=\"https:\/\/www.arte.unicen.edu.ar\/carreras\/grado\/riaa\/perfil-del-egresado_\" target=\"_blank\">Realizaci\u00f3n Integral en Artes Audiovisuales<\/a>. La actividad fue organizada desde el <strong>Centro de Documentaci\u00f3n Audiovisual y Biblioteca (CDAB)<\/strong>, y se <a rel=\"noopener\" data-fancybox=\"\" href=\"https:\/\/www.youtube.com\/watch?v=XYY89jOR2Kc\" target=\"_blank\">transmiti\u00f3 en vivo<\/a> por el <a rel=\"noreferrer noopener\" href=\"https:\/\/www.youtube.com\/channel\/UCOBrOTwPT5GiKHYXACcgyLQ\" target=\"_blank\">canal de YouTube de la Facultad<\/a> y la plataforma de contenidos audiovisuales <a rel=\"noreferrer noopener\" href=\"https:\/\/www.artexver.tv\" target=\"_blank\">artexver<\/a>.<\/p>\n\n\n\n<p><strong>Yanina Jensen<\/strong>, Coordinadora del <strong>CDAB<\/strong>, agradeci\u00f3 la presencia de estudiantes, graduadxs, docentes y p\u00fablico en general y destac\u00f3 que <em>&#8220;a trav\u00e9s de cincuenta pel\u00edculas, <strong>Las batallas infinitas&#8230;<\/strong> propone recorrer y rescatar una memoria del cine argentino previo a los 90&#8243;<\/em>. En cada texto se realiza un abordaje cr\u00edtico combinado con una mirada personal, reponiendo cierta fascinaci\u00f3n primera y primaria que despeja toda reverencia a lo indiscutible. Conforme transcurren sus p\u00e1ginas, la publicaci\u00f3n da cuenta de una de las tantas batallas que ha librado el cine argentino para perdurar ante el deterioro y la desidia, para sortear los escollos econ\u00f3micos, los prejuicios culturales, los avatares de la censura en tiempos oscuros y el desinter\u00e9s ante lo pasado. En s\u00edntesis, aspira al sost\u00e9n de la memoria, lo \u00fanico que nos permite ser lo que somos, pensar lo que podemos llegar a ser y descubrir lo que fuimos.<\/p>\n\n\n\n<p>Luego de una breve presentaci\u00f3n, <strong>Gabriel Orqueda<\/strong> se\u00f1al\u00f3: <em>&#8220;Es el quinto libro que estamos sacando, nosotros estamos con el sitio hace ya unos 14 a\u00f1os y es el primero que le dedicamos \u00edntegramente al cine argentino. En los libros anteriores el cine argentino siempre hab\u00eda tenido un papel importante pero eran una suerte de compilaciones de todos los textos que nosotros venimos publicando en el online&#8221;<\/em>, y luego agreg\u00f3: <em>&#8220;Cuando uno se pregunta por qu\u00e9 hay tanto distanciamiento entre el p\u00fablico argentino y el cine argentino [\u2026] tal vez una de las claves est\u00e9 en el poco cuidado que se le ha dado al patrimonio audiovisual que tenemos, de hecho el 90% del cine argentino mudo est\u00e1 perdido y el 50% del cine sonoro argentino est\u00e1 perdido&#8221;<\/em>.<\/p>\n\n\n\n<div style=\"margin: 35px auto; width: 100%; text-align: center;\"><iframe loading=\"lazy\" src=\"https:\/\/www.youtube.com\/embed\/XYY89jOR2Kc\" allow=\"accelerometer; autoplay; clipboard-write; encrypted-media; gyroscope; picture-in-picture\" allowfullscreen=\"\" width=\"700\" height=\"394\" frameborder=\"0\"><\/iframe><\/div>\n\n\n\n<p>Al t\u00e9rmino de la charla se proyect\u00f3 el largometraje <strong><em>Los inundados<\/em><\/strong> (1962) de <strong>Fernando Birri<\/strong>. El film narra la historia de una familia de pocos recursos, habitantes del sur de la provincia de Santa F\u00e9, forzada a mudarse a un vag\u00f3n abandonado del ferrocarril hasta que bajen las aguas del R\u00edo Salado. As\u00ed, el agua y la naturaleza se politizan, no s\u00f3lo por la negligencia del gobierno que se demora en construir un dique para contener la corriente sino porque r\u00e1pidamente la inundaci\u00f3n es capitalizada por los partidos pol\u00edticos locales, que prometen mejoras en la calidad de vida de los santafesinos. <strong><em>Los inundados<\/em><\/strong> surge del inter\u00e9s de Birri por mostrar -en un trabajo que sintetiza la ficci\u00f3n con aspectos documentales- lo que nunca se hab\u00eda mostrado en el cine nacional: vidas reales, llenas de problemas y de problemas m\u00e1s colectivos que individuales, pero no sin encanto y chamam\u00e9. El gui\u00f3n fue escrito por Jorge A. Ferrando y Fernando Birri, y el elenco est\u00e1 integrado por Pirucho G\u00f3mez, Lola Palombo, Mar\u00eda Vera, H\u00e9ctor Palavecino, Julio Gonz\u00e1lez, Pedro Evaristo y Roberto P\u00e9rez.<\/p>\n\n\n\n<p>Compartimos el registro fotogr\u00e1fico del encuentro:<\/p>\n\n\n\n<table style=\"margin: 20px auto; text-align: center; border-collapse: collapse; border-spacing: 0;\">\n<tbody>\n<tr>\n<td style=\"padding: 0px 20px 10px 20px;\"><a href=\"https:\/\/www.arte.unicen.edu.ar\/cdab\/wp-content\/uploads\/2023\/12\/batallas-infinitas-01.jpg\" data-fancybox=\"gallery\" data-caption=\"Gabriel Orqueda y Mauricio Guti\u00e9rrez presentaron el libro &#8220;Las batallas infinitas (cine argentino 1929-1989)&#8221; editado por Hacerse la cr\u00edtica\"><img decoding=\"async\" class=\"aligncenter size-medium wp-image-5627\" src=\"https:\/\/www.arte.unicen.edu.ar\/cdab\/wp-content\/uploads\/2023\/12\/batallas-infinitas-01-300x300.jpg\" alt=\"\" \/><\/a><\/td>\n<td style=\"padding: 0px 20px 10px 20px;\"><a href=\"https:\/\/www.arte.unicen.edu.ar\/cdab\/wp-content\/uploads\/2023\/12\/batallas-infinitas-02.jpg\" data-fancybox=\"gallery\" data-caption=\"Gabriel Orqueda y Mauricio Guti\u00e9rrez presentaron el libro &#8220;Las batallas infinitas (cine argentino 1929-1989)&#8221; editado por Hacerse la cr\u00edtica\"><img decoding=\"async\" class=\"aligncenter size-medium wp-image-5628\" src=\"https:\/\/www.arte.unicen.edu.ar\/cdab\/wp-content\/uploads\/2023\/12\/batallas-infinitas-02-300x300.jpg\" alt=\"\" \/><\/a><\/td>\n<td style=\"padding: 0px 20px 10px 20px;\"><a href=\"https:\/\/www.arte.unicen.edu.ar\/cdab\/wp-content\/uploads\/2023\/12\/batallas-infinitas-03.jpg\" data-fancybox=\"gallery\" data-caption=\"Gabriel Orqueda y Mauricio Guti\u00e9rrez presentaron el libro &#8220;Las batallas infinitas (cine argentino 1929-1989)&#8221; editado por Hacerse la cr\u00edtica\"><img decoding=\"async\" class=\"aligncenter size-medium wp-image-5633\" src=\"https:\/\/www.arte.unicen.edu.ar\/cdab\/wp-content\/uploads\/2023\/12\/batallas-infinitas-03-300x300.jpg\" alt=\"\" \/><\/a><\/td>\n<\/tr>\n<tr>\n<td style=\"padding: 0px 20px 10px 20px;\"><a href=\"https:\/\/www.arte.unicen.edu.ar\/cdab\/wp-content\/uploads\/2023\/12\/batallas-infinitas-04.jpg\" data-fancybox=\"gallery\" data-caption=\"Gabriel Orqueda y Mauricio Guti\u00e9rrez presentaron el libro &#8220;Las batallas infinitas (cine argentino 1929-1989)&#8221; editado por Hacerse la cr\u00edtica\"><img decoding=\"async\" class=\"aligncenter size-medium wp-image-5627\" src=\"https:\/\/www.arte.unicen.edu.ar\/cdab\/wp-content\/uploads\/2023\/12\/batallas-infinitas-04-300x300.jpg\" alt=\"\" \/><\/a><\/td>\n<td style=\"padding: 0px 20px 10px 20px;\"><a href=\"https:\/\/www.arte.unicen.edu.ar\/cdab\/wp-content\/uploads\/2023\/12\/batallas-infinitas-05.jpg\" data-fancybox=\"gallery\" data-caption=\"Gabriel Orqueda y Mauricio Guti\u00e9rrez presentaron el libro &#8220;Las batallas infinitas (cine argentino 1929-1989)&#8221; editado por Hacerse la cr\u00edtica\"><img decoding=\"async\" class=\"aligncenter size-medium wp-image-5628\" src=\"https:\/\/www.arte.unicen.edu.ar\/cdab\/wp-content\/uploads\/2023\/12\/batallas-infinitas-05-300x300.jpg\" alt=\"\" \/><\/a><\/td>\n<td style=\"padding: 0px 20px 10px 20px;\"><a href=\"https:\/\/www.arte.unicen.edu.ar\/cdab\/wp-content\/uploads\/2023\/12\/batallas-infinitas-06.jpg\" data-fancybox=\"gallery\" data-caption=\"Gabriel Orqueda y Mauricio Guti\u00e9rrez presentaron el libro &#8220;Las batallas infinitas (cine argentino 1929-1989)&#8221; editado por Hacerse la cr\u00edtica\"><img decoding=\"async\" class=\"aligncenter size-medium wp-image-5633\" src=\"https:\/\/www.arte.unicen.edu.ar\/cdab\/wp-content\/uploads\/2023\/12\/batallas-infinitas-06-300x300.jpg\" alt=\"\" \/><\/a><\/td>\n<\/tr>\n<tr>\n<td style=\"padding: 10px 0px 20px; margin: 0px auto; font-size: 12px;\" colspan=\"3\"><em><u>Fotograf\u00edas:<\/u> Francisco Baldoni (Comunicaci\u00f3n &#8211; Facultad de Arte, UNICEN).<\/em><\/td>\n<\/tr>\n<\/tbody>\n<\/table>\n\n\n\n<hr style=\"margin: 25px auto;\"\/>\n<h3>Acerca de Gabriel Orqueda<\/h3>\n<p><img loading=\"lazy\" decoding=\"async\" class=\"alignleft size-full wp-image-4077\" style=\"border: 0px; border-radius: 200px; margin-bottom: 20px;\" src=\"http:\/\/www.arte.unicen.edu.ar\/cdab\/wp-content\/uploads\/2023\/12\/gabriel-orqueda.jpg\" alt=\"Gabriel Orqueda\" title=\"Gabriel Orqueda\" width=\"200\" height=\"200\"\/><br \/><strong>Gabriel Orqueda<\/strong> es cr\u00edtico de cine y redactor\/editor en la revista online <a href=\"https:\/\/www.hacerselacritica.com\" target=\"_blank\" rel=\"noopener\">Hacerse la cr\u00edtica<\/a>. Ha colaborado con textos en diversas publicaciones sobre cine.<\/p><p>Fue el fundador y programador del Cineclub Kane, ubicado en la zona sur de la provincia de Buenos Aires, entre los a\u00f1os 2011 y 2016. Ha dictado cursos de <em>Introducci\u00f3n a la cr\u00edtica de cine<\/em> y actualmente se encuentra trabajando en su primer libro.<br \/><br \/><\/p>\n<hr style=\"margin: 25px auto;\"\/>\n<h3>Acerca de Mauricio Guti\u00e9rrez<\/h3>\n<p><img loading=\"lazy\" decoding=\"async\" class=\"alignleft size-full wp-image-4077\" style=\"border: 0px; border-radius: 200px; margin-bottom: 20px;\" src=\"http:\/\/www.arte.unicen.edu.ar\/cdab\/wp-content\/uploads\/2023\/12\/mauricio-gutierrez.jpg\" alt=\"Mauricio Guti\u00e9rrez\" title=\"Mauricio Guti\u00e9rrez\" width=\"200\" height=\"200\"\/><strong>Mauricio Guti\u00e9rrez<\/strong> es Profesor y Licenciado en Historia por la <a href=\"https:\/\/www.fch.unicen.edu.ar\" target=\"_blank\" rel=\"noopener\">Facultad de Ciencias Humanas<\/a> de la <a href=\"http:\/\/www.unicen.edu.ar\" target=\"_blank\" rel=\"noopener\">Universidad Nacional del Centro de la Provincia de Buenos Aires<\/a>. Magister en Sociolog\u00eda Rural por la <a href=\"http:\/\/www.ufrrj.br\" target=\"_blank\" rel=\"noopener\">Universidad Federal Rural de R\u00edo de Janeiro (UFRJ)<\/a> y Doctor en Multimedios por la <a href=\"https:\/\/www.unicamp.br\/unicamp\" target=\"_blank\" rel=\"noopener\">Universidad Estadual de Campinas<\/a>, S\u00e3o Paulo.<\/p><p>Actualmente se desempe\u00f1a como Profesor de Historia del Cine I y II en la carrera de <a href=\"https:\/\/www.arte.unicen.edu.ar\/carreras\/grado\/riaa\/perfil-del-egresado_\" target=\"_blank\" rel=\"noopener\">Realizaci\u00f3n Integral de Artes Audiovisuales<\/a> de la <a href=\"https:\/\/www.arte.unicen.edu.ar\" target=\"_blank\" rel=\"noopener\">Facultad de Arte<\/a>, <a href=\"http:\/\/www.unicen.edu.ar\" target=\"_blank\" rel=\"noopener\">UNICEN<\/a>. Integra el equipo de artistas de los talleres del dispositivo terap\u00e9utico de la Asociaci\u00f3n Civil UNICORNIO.<br \/><br \/><\/p>\n","protected":false},"excerpt":{"rendered":"<p>El pasado viernes 1 de diciembre&nbsp;a las&nbsp;18 hs.&nbsp;en el Consejo Acad\u00e9mico de la Facultad de Arte se llev\u00f3 a cabo la presentaci\u00f3n del&nbsp;libro Las batallas infinitas (cine argentino 1929-1989) con la presencia de Gabriel Orqueda, editor de la publicaci\u00f3n y del portal Hacerse la cr\u00edtica, y Mauricio Guti\u00e9rrez, docente de la c\u00e1tedra Historia del cine en la carrera de Realizaci\u00f3n [&hellip;]<\/p>\n","protected":false},"author":1,"featured_media":29689,"comment_status":"closed","ping_status":"closed","sticky":false,"template":"","format":"standard","meta":{"_acf_changed":false,"footnotes":""},"categories":[1],"tags":[2534,214,215,288,294],"class_list":["post-29677","post","type-post","status-publish","format-standard","has-post-thumbnail","hentry","category-novedades","tag-artexver","tag-cdab","tag-facultad-de-arte","tag-secretaria-de-investigacion-y-posgrado","tag-unicen"],"acf":[],"_links":{"self":[{"href":"https:\/\/www.arte.unicen.edu.ar\/cdab\/wp-json\/wp\/v2\/posts\/29677","targetHints":{"allow":["GET"]}}],"collection":[{"href":"https:\/\/www.arte.unicen.edu.ar\/cdab\/wp-json\/wp\/v2\/posts"}],"about":[{"href":"https:\/\/www.arte.unicen.edu.ar\/cdab\/wp-json\/wp\/v2\/types\/post"}],"author":[{"embeddable":true,"href":"https:\/\/www.arte.unicen.edu.ar\/cdab\/wp-json\/wp\/v2\/users\/1"}],"replies":[{"embeddable":true,"href":"https:\/\/www.arte.unicen.edu.ar\/cdab\/wp-json\/wp\/v2\/comments?post=29677"}],"version-history":[{"count":2,"href":"https:\/\/www.arte.unicen.edu.ar\/cdab\/wp-json\/wp\/v2\/posts\/29677\/revisions"}],"predecessor-version":[{"id":29978,"href":"https:\/\/www.arte.unicen.edu.ar\/cdab\/wp-json\/wp\/v2\/posts\/29677\/revisions\/29978"}],"wp:featuredmedia":[{"embeddable":true,"href":"https:\/\/www.arte.unicen.edu.ar\/cdab\/wp-json\/wp\/v2\/media\/29689"}],"wp:attachment":[{"href":"https:\/\/www.arte.unicen.edu.ar\/cdab\/wp-json\/wp\/v2\/media?parent=29677"}],"wp:term":[{"taxonomy":"category","embeddable":true,"href":"https:\/\/www.arte.unicen.edu.ar\/cdab\/wp-json\/wp\/v2\/categories?post=29677"},{"taxonomy":"post_tag","embeddable":true,"href":"https:\/\/www.arte.unicen.edu.ar\/cdab\/wp-json\/wp\/v2\/tags?post=29677"}],"curies":[{"name":"wp","href":"https:\/\/api.w.org\/{rel}","templated":true}]}}