{"id":29338,"date":"2023-10-18T12:03:52","date_gmt":"2023-10-18T15:03:52","guid":{"rendered":"https:\/\/www.arte.unicen.edu.ar\/cdab\/?p=29338"},"modified":"2023-10-27T11:11:26","modified_gmt":"2023-10-27T14:11:26","slug":"se-inauguro-la-muestra-archivo-abierto-35-anios-de-arte","status":"publish","type":"post","link":"https:\/\/www.arte.unicen.edu.ar\/cdab\/se-inauguro-la-muestra-archivo-abierto-35-anios-de-arte\/","title":{"rendered":"En el marco de las celebraciones por el 35\u00ba aniversario de la Facultad de Arte se inaugur\u00f3 la muestra &#8220;Archivo Abierto: 35 a\u00f1os de Arte&#8221;"},"content":{"rendered":"\n<p><em>&#8220;\u2026im\u00e1genes, recortes, retazos, textos, premios, sonidos, guiones, fotograf\u00edas, objetos, documentos, vestuarios, programas, registros, postales, luces, afiches, palabras\u2026 <strong>35 a\u00f1os<\/strong> de instantes eternos que plasman un gran <strong>archivo abierto<\/strong> y din\u00e1mico formado por docentes, estudiantxs, graduadxs y trabajadorxs de la <a rel=\"noreferrer noopener\" href=\"https:\/\/www.arte.unicen.edu.ar\" target=\"_blank\">Facultad de Arte<\/a>&#8220;<\/em>. Con estas palabras se presenta la muestra <strong>Archivo Abierto: 35 a\u00f1os de Arte<\/strong>, inaugurada el pasado <strong>jueves 12 de octubre<\/strong> a las <strong>20 hs.<\/strong> en el <strong>Hall Abierto<\/strong> de la Facultad, que consiste en <em>&#8220;una invitaci\u00f3n a seguir formando vestigios para contar nuestra historia, [&#8230;] para contextualizar, decontextualizar, recontextualizar los recuerdos y las miradas&#8221;<\/em>. La curadur\u00eda estuvo a cargo de <strong>Yanina Jensen, Mat\u00edas Petrini, Mar\u00eda Guadalupe Suasn\u00e1bar<\/strong> y <strong>Lucrecia Etchecoin<\/strong>, en una labor conjunta entre el <strong>Centro de Documentaci\u00f3n Audiovisual y Biblioteca (CDAB)<\/strong> y el <a rel=\"noreferrer noopener\" href=\"http:\/\/www.indees.com.ar\" target=\"_blank\">Instituto de Estudios Escenogr\u00e1ficos en Artes Esc\u00e9nicas y Audiovisuales (INDEES)<\/a>, y colaboraron en el montaje <strong>Pilar Jaureguiberry<\/strong> y <strong>Ariel Carreras<\/strong>.<\/p>\n\n\n\n<p>Ante la presencia de autoridades de la <a rel=\"noreferrer noopener\" href=\"https:\/\/www.arte.unicen.edu.ar\" target=\"_blank\">Facultad de Arte<\/a>, docentes, graduadxs, estudiantes, no docentes y p\u00fablico en general, se introdujo esta propuesta que comprende un <strong>mapa hist\u00f3rico interactivo<\/strong> en base a fotograf\u00edas, recortes period\u00edsticos, fichas hist\u00f3ricas de obras teatrales, actas, resoluciones de Consejo Acad\u00e9mico y Consejo Superior, flyers y otros materiales que recuperan momentos destacados de la historia institucional; un sector destinado a los <strong>procesos creativos<\/strong> con apuntes de clases, guiones intervenidos, anotaciones, bocetos, <em>storyboards<\/em>, planillas y materiales de estudio; una <strong>videoinstalaci\u00f3n interactiva<\/strong> en la que se proyectan cortometrajes y fotograf\u00edas de diversas producciones teatrales y audiovisuales; un \u00e1rea dedicada a exhibir los <strong>premios obtenidos por la Escuela Superior de Teatro<\/strong> y la <a rel=\"noreferrer noopener\" href=\"https:\/\/www.arte.unicen.edu.ar\" target=\"_blank\">Facultad de Arte<\/a>; un <strong>rinc\u00f3n para descubrir los or\u00edgenes del archivo<\/strong> que contiene la memoria hist\u00f3rica del <strong>CDAB<\/strong>, entre otras sorpresas.<\/p>\n\n\n\n<p>Asimismo, <strong>Cintia Vazquez<\/strong> dise\u00f1\u00f3 un <a rel=\"noreferrer noopener\" href=\"https:\/\/www.arte.unicen.edu.ar\/archivoabierto\/mapa\" target=\"_blank\">mapa interactivo de graduadxs<\/a> con recuerdos, an\u00e9cdotas y sensaciones sobre el paso por la <a rel=\"noreferrer noopener\" href=\"https:\/\/www.arte.unicen.edu.ar\/\" target=\"_blank\">Facultad de Arte<\/a>, y se habilit\u00f3 un <a rel=\"noreferrer noopener\" href=\"https:\/\/www.arte.unicen.edu.ar\/archivoabierto\" target=\"_blank\">micrositio exclusivo<\/a> para ampliar la experiencia de forma virtual: <a rel=\"noreferrer noopener\" href=\"https:\/\/www.arte.unicen.edu.ar\/archivoabierto\" target=\"_blank\">www.arte.unicen.edu.ar\/archivoabierto<\/a><\/p>\n\n\n\n<div style=\"margin: 40px auto;\"><a href=\"https:\/\/www.arte.unicen.edu.ar\/cdab\/wp-content\/uploads\/2023\/10\/archivoabierto-sitiocaptura.jpg\" data-fancybox=\"gallery\" data-caption=\"En el marco de las celebraciones por el 35\u00ba aniversario de la Facultad de Arte se inaugur\u00f3 la muestra &#8220;Archivo Abierto: 35 a\u00f1os de Arte&#8221;\"><img decoding=\"async\" class=\"aligncenter size-medium wp-image-2866\" src=\"https:\/\/www.arte.unicen.edu.ar\/cdab\/wp-content\/uploads\/2023\/10\/archivoabierto-sitiocaptura-600x467.jpg\" alt=\"Micrositio Archivo Abierto\" title=\"Micrositio Archivo Abierto\"\/><\/a><\/div>\n\n\n\n<p>Por otra parte, el <strong>martes 17 de octubre<\/strong> a las <strong>20 hs.<\/strong> en la <strong>Galer\u00eda del Teatro La F\u00e1brica<\/strong> (Pinto 399) -previo estreno de una nueva edici\u00f3n del ciclo <strong>Carne Fresca<\/strong>&#8211; se present\u00f3 una selecci\u00f3n de afiches hist\u00f3ricos que forman parte del acervo del <strong>CDAB<\/strong> y corresponden a diversas obras teatrales, como as\u00ed tambi\u00e9n una <strong>exposici\u00f3n de luminarias<\/strong> dise\u00f1ada por <strong>Alejandro &#8220;Indio&#8221; Ram\u00edrez Llorens<\/strong> en la que se exhiben artefactos lum\u00ednicos utilizados para teatro con la intenci\u00f3n de visibilizar aspectos que habitualmente no est\u00e1n al alcance del p\u00fablico.<\/p>\n\n\n\n<p>Compartimos el registro fotogr\u00e1fico de ambas propuestas y sus actos inaugurales:<\/p>\n\n\n\n<table style=\"margin: 20px auto; text-align: center; border-collapse: collapse; border-spacing: 0;\">\n<tbody>\n<tr>\n<td style=\"padding: 0px 20px 10px 20px;\"><a href=\"https:\/\/www.arte.unicen.edu.ar\/cdab\/wp-content\/uploads\/2023\/10\/archivoabierto-01.jpg\" data-fancybox=\"gallery\" data-caption=\"En el marco de las celebraciones por el 35\u00ba aniversario de la Facultad de Arte se inaugur\u00f3 la muestra &#8220;Archivo Abierto: 35 a\u00f1os de Arte&#8221;\"><img decoding=\"async\" class=\"aligncenter size-medium wp-image-5627\" src=\"https:\/\/www.arte.unicen.edu.ar\/cdab\/wp-content\/uploads\/2023\/10\/archivoabierto-01-300x300.jpg\" alt=\"\" \/><\/a><\/td>\n<td style=\"padding: 0px 20px 10px 20px;\"><a href=\"https:\/\/www.arte.unicen.edu.ar\/cdab\/wp-content\/uploads\/2023\/10\/archivoabierto-04.jpg\" data-fancybox=\"gallery\" data-caption=\"En el marco de las celebraciones por el 35\u00ba aniversario de la Facultad de Arte se inaugur\u00f3 la muestra &#8220;Archivo Abierto: 35 a\u00f1os de Arte&#8221;\"><img decoding=\"async\" class=\"aligncenter size-medium wp-image-5628\" src=\"https:\/\/www.arte.unicen.edu.ar\/cdab\/wp-content\/uploads\/2023\/10\/archivoabierto-04-300x300.jpg\" alt=\"\" \/><\/a><\/td>\n<td style=\"padding: 0px 20px 10px 20px;\"><a href=\"https:\/\/www.arte.unicen.edu.ar\/cdab\/wp-content\/uploads\/2023\/10\/archivoabierto-08.jpg\" data-fancybox=\"gallery\" data-caption=\"En el marco de las celebraciones por el 35\u00ba aniversario de la Facultad de Arte se inaugur\u00f3 la muestra &#8220;Archivo Abierto: 35 a\u00f1os de Arte&#8221;\"><img decoding=\"async\" class=\"aligncenter size-medium wp-image-5633\" src=\"https:\/\/www.arte.unicen.edu.ar\/cdab\/wp-content\/uploads\/2023\/10\/archivoabierto-08-300x300.jpg\" alt=\"\" \/><\/a><\/td>\n<\/tr>\n<tr>\n<td style=\"padding: 0px 20px 10px 20px;\"><a href=\"https:\/\/www.arte.unicen.edu.ar\/cdab\/wp-content\/uploads\/2023\/10\/archivoabierto-20.jpg\" data-fancybox=\"gallery\" data-caption=\"En el marco de las celebraciones por el 35\u00ba aniversario de la Facultad de Arte se inaugur\u00f3 la muestra &#8220;Archivo Abierto: 35 a\u00f1os de Arte&#8221;\"><img decoding=\"async\" class=\"aligncenter size-medium wp-image-5627\" src=\"https:\/\/www.arte.unicen.edu.ar\/cdab\/wp-content\/uploads\/2023\/10\/archivoabierto-20-300x300.jpg\" alt=\"\" \/><\/a><\/td>\n<td style=\"padding: 0px 20px 10px 20px;\"><a href=\"https:\/\/www.arte.unicen.edu.ar\/cdab\/wp-content\/uploads\/2023\/10\/archivoabierto-19.jpg\" data-fancybox=\"gallery\" data-caption=\"En el marco de las celebraciones por el 35\u00ba aniversario de la Facultad de Arte se inaugur\u00f3 la muestra &#8220;Archivo Abierto: 35 a\u00f1os de Arte&#8221;\"><img decoding=\"async\" class=\"aligncenter size-medium wp-image-5628\" src=\"https:\/\/www.arte.unicen.edu.ar\/cdab\/wp-content\/uploads\/2023\/10\/archivoabierto-19-300x300.jpg\" alt=\"\" \/><\/a><\/td>\n<td style=\"padding: 0px 20px 10px 20px;\"><a href=\"https:\/\/www.arte.unicen.edu.ar\/cdab\/wp-content\/uploads\/2023\/10\/archivoabierto-05.jpg\" data-fancybox=\"gallery\" data-caption=\"En el marco de las celebraciones por el 35\u00ba aniversario de la Facultad de Arte se inaugur\u00f3 la muestra &#8220;Archivo Abierto: 35 a\u00f1os de Arte&#8221;\"><img decoding=\"async\" class=\"aligncenter size-medium wp-image-5633\" src=\"https:\/\/www.arte.unicen.edu.ar\/cdab\/wp-content\/uploads\/2023\/10\/archivoabierto-05-300x300.jpg\" alt=\"\" \/><\/a><\/td>\n<\/tr>\n<tr>\n<td style=\"padding: 0px 20px 10px 20px;\"><a href=\"https:\/\/www.arte.unicen.edu.ar\/cdab\/wp-content\/uploads\/2023\/10\/archivoabierto-07.jpg\" data-fancybox=\"gallery\" data-caption=\"En el marco de las celebraciones por el 35\u00ba aniversario de la Facultad de Arte se inaugur\u00f3 la muestra &#8220;Archivo Abierto: 35 a\u00f1os de Arte&#8221;\"><img decoding=\"async\" class=\"aligncenter size-medium wp-image-5627\" src=\"https:\/\/www.arte.unicen.edu.ar\/cdab\/wp-content\/uploads\/2023\/10\/archivoabierto-07-300x300.jpg\" alt=\"\" \/><\/a><\/td>\n<td style=\"padding: 0px 20px 10px 20px;\"><a href=\"https:\/\/www.arte.unicen.edu.ar\/cdab\/wp-content\/uploads\/2023\/10\/archivoabierto-22.jpg\" data-fancybox=\"gallery\" data-caption=\"En el marco de las celebraciones por el 35\u00ba aniversario de la Facultad de Arte se inaugur\u00f3 la muestra &#8220;Archivo Abierto: 35 a\u00f1os de Arte&#8221;\"><img decoding=\"async\" class=\"aligncenter size-medium wp-image-5628\" src=\"https:\/\/www.arte.unicen.edu.ar\/cdab\/wp-content\/uploads\/2023\/10\/archivoabierto-22-300x300.jpg\" alt=\"\" \/><\/a><\/td>\n<td style=\"padding: 0px 20px 10px 20px;\"><a href=\"https:\/\/www.arte.unicen.edu.ar\/cdab\/wp-content\/uploads\/2023\/10\/archivoabierto-03.jpg\" data-fancybox=\"gallery\" data-caption=\"En el marco de las celebraciones por el 35\u00ba aniversario de la Facultad de Arte se inaugur\u00f3 la muestra &#8220;Archivo Abierto: 35 a\u00f1os de Arte&#8221;\"><img decoding=\"async\" class=\"aligncenter size-medium wp-image-5633\" src=\"https:\/\/www.arte.unicen.edu.ar\/cdab\/wp-content\/uploads\/2023\/10\/archivoabierto-03-300x300.jpg\" alt=\"\" \/><\/a><\/td>\n<\/tr>\n<tr>\n<td style=\"padding: 0px 20px 10px 20px;\"><a href=\"https:\/\/www.arte.unicen.edu.ar\/cdab\/wp-content\/uploads\/2023\/10\/archivoabierto-15.jpg\" data-fancybox=\"gallery\" data-caption=\"En el marco de las celebraciones por el 35\u00ba aniversario de la Facultad de Arte se inaugur\u00f3 la muestra &#8220;Archivo Abierto: 35 a\u00f1os de Arte&#8221;\"><img decoding=\"async\" class=\"aligncenter size-medium wp-image-5627\" src=\"https:\/\/www.arte.unicen.edu.ar\/cdab\/wp-content\/uploads\/2023\/10\/archivoabierto-15-300x300.jpg\" alt=\"\" \/><\/a><\/td>\n<td style=\"padding: 0px 20px 10px 20px;\"><a href=\"https:\/\/www.arte.unicen.edu.ar\/cdab\/wp-content\/uploads\/2023\/10\/archivoabierto-10.jpg\" data-fancybox=\"gallery\" data-caption=\"En el marco de las celebraciones por el 35\u00ba aniversario de la Facultad de Arte se inaugur\u00f3 la muestra &#8220;Archivo Abierto: 35 a\u00f1os de Arte&#8221;\"><img decoding=\"async\" class=\"aligncenter size-medium wp-image-5628\" src=\"https:\/\/www.arte.unicen.edu.ar\/cdab\/wp-content\/uploads\/2023\/10\/archivoabierto-10-300x300.jpg\" alt=\"\" \/><\/a><\/td>\n<td style=\"padding: 0px 20px 10px 20px;\"><a href=\"https:\/\/www.arte.unicen.edu.ar\/cdab\/wp-content\/uploads\/2023\/10\/archivoabierto-02.jpg\" data-fancybox=\"gallery\" data-caption=\"En el marco de las celebraciones por el 35\u00ba aniversario de la Facultad de Arte se inaugur\u00f3 la muestra &#8220;Archivo Abierto: 35 a\u00f1os de Arte&#8221;\"><img decoding=\"async\" class=\"aligncenter size-medium wp-image-5633\" src=\"https:\/\/www.arte.unicen.edu.ar\/cdab\/wp-content\/uploads\/2023\/10\/archivoabierto-02-300x300.jpg\" alt=\"\" \/><\/a><\/td>\n<\/tr>\n<tr>\n<td style=\"padding: 0px 20px 10px 20px;\"><a href=\"https:\/\/www.arte.unicen.edu.ar\/cdab\/wp-content\/uploads\/2023\/10\/archivoabierto-09.jpg\" data-fancybox=\"gallery\" data-caption=\"En el marco de las celebraciones por el 35\u00ba aniversario de la Facultad de Arte se inaugur\u00f3 la muestra &#8220;Archivo Abierto: 35 a\u00f1os de Arte&#8221;\"><img decoding=\"async\" class=\"aligncenter size-medium wp-image-5627\" src=\"https:\/\/www.arte.unicen.edu.ar\/cdab\/wp-content\/uploads\/2023\/10\/archivoabierto-09-300x300.jpg\" alt=\"\" \/><\/a><\/td>\n<td style=\"padding: 0px 20px 10px 20px;\"><a href=\"https:\/\/www.arte.unicen.edu.ar\/cdab\/wp-content\/uploads\/2023\/10\/archivoabierto-11.jpg\" data-fancybox=\"gallery\" data-caption=\"En el marco de las celebraciones por el 35\u00ba aniversario de la Facultad de Arte se inaugur\u00f3 la muestra &#8220;Archivo Abierto: 35 a\u00f1os de Arte&#8221;\"><img decoding=\"async\" class=\"aligncenter size-medium wp-image-5628\" src=\"https:\/\/www.arte.unicen.edu.ar\/cdab\/wp-content\/uploads\/2023\/10\/archivoabierto-11-300x300.jpg\" alt=\"\" \/><\/a><\/td>\n<td style=\"padding: 0px 20px 10px 20px;\"><a href=\"https:\/\/www.arte.unicen.edu.ar\/cdab\/wp-content\/uploads\/2023\/10\/archivoabierto-18.jpg\" data-fancybox=\"gallery\" data-caption=\"En el marco de las celebraciones por el 35\u00ba aniversario de la Facultad de Arte se inaugur\u00f3 la muestra &#8220;Archivo Abierto: 35 a\u00f1os de Arte&#8221;\"><img decoding=\"async\" class=\"aligncenter size-medium wp-image-5633\" src=\"https:\/\/www.arte.unicen.edu.ar\/cdab\/wp-content\/uploads\/2023\/10\/archivoabierto-18-300x300.jpg\" alt=\"\" \/><\/a><\/td>\n<\/tr>\n<tr>\n<td style=\"padding: 0px 20px 10px 20px;\"><a href=\"https:\/\/www.arte.unicen.edu.ar\/cdab\/wp-content\/uploads\/2023\/10\/archivoabierto-06.jpg\" data-fancybox=\"gallery\" data-caption=\"En el marco de las celebraciones por el 35\u00ba aniversario de la Facultad de Arte se inaugur\u00f3 la muestra &#8220;Archivo Abierto: 35 a\u00f1os de Arte&#8221;\"><img decoding=\"async\" class=\"aligncenter size-medium wp-image-5627\" src=\"https:\/\/www.arte.unicen.edu.ar\/cdab\/wp-content\/uploads\/2023\/10\/archivoabierto-06-300x300.jpg\" alt=\"\" \/><\/a><\/td>\n<td style=\"padding: 0px 20px 10px 20px;\"><a href=\"https:\/\/www.arte.unicen.edu.ar\/cdab\/wp-content\/uploads\/2023\/10\/archivoabierto-14.jpg\" data-fancybox=\"gallery\" data-caption=\"En el marco de las celebraciones por el 35\u00ba aniversario de la Facultad de Arte se inaugur\u00f3 la muestra &#8220;Archivo Abierto: 35 a\u00f1os de Arte&#8221;\"><img decoding=\"async\" class=\"aligncenter size-medium wp-image-5628\" src=\"https:\/\/www.arte.unicen.edu.ar\/cdab\/wp-content\/uploads\/2023\/10\/archivoabierto-14-300x300.jpg\" alt=\"\" \/><\/a><\/td>\n<td style=\"padding: 0px 20px 10px 20px;\"><a href=\"https:\/\/www.arte.unicen.edu.ar\/cdab\/wp-content\/uploads\/2023\/10\/archivoabierto-12.jpg\" data-fancybox=\"gallery\" data-caption=\"En el marco de las celebraciones por el 35\u00ba aniversario de la Facultad de Arte se inaugur\u00f3 la muestra &#8220;Archivo Abierto: 35 a\u00f1os de Arte&#8221;\"><img decoding=\"async\" class=\"aligncenter size-medium wp-image-5627\" src=\"https:\/\/www.arte.unicen.edu.ar\/cdab\/wp-content\/uploads\/2023\/10\/archivoabierto-12-300x300.jpg\" alt=\"\" \/><\/a><\/td>\n<\/tr>\n<tr>\n<td style=\"padding: 0px 20px 10px 20px;\"><a href=\"https:\/\/www.arte.unicen.edu.ar\/cdab\/wp-content\/uploads\/2023\/10\/archivoabierto-13.jpg\" data-fancybox=\"gallery\" data-caption=\"En el marco de las celebraciones por el 35\u00ba aniversario de la Facultad de Arte se inaugur\u00f3 la muestra &#8220;Archivo Abierto: 35 a\u00f1os de Arte&#8221;\"><img decoding=\"async\" class=\"aligncenter size-medium wp-image-5628\" src=\"https:\/\/www.arte.unicen.edu.ar\/cdab\/wp-content\/uploads\/2023\/10\/archivoabierto-13-300x300.jpg\" alt=\"\" \/><\/a><\/td>\n<td style=\"padding: 0px 20px 10px 20px;\"><a href=\"https:\/\/www.arte.unicen.edu.ar\/cdab\/wp-content\/uploads\/2023\/10\/archivoabierto-16.jpg\" data-fancybox=\"gallery\" data-caption=\"En el marco de las celebraciones por el 35\u00ba aniversario de la Facultad de Arte se inaugur\u00f3 la muestra &#8220;Archivo Abierto: 35 a\u00f1os de Arte&#8221;\"><img decoding=\"async\" class=\"aligncenter size-medium wp-image-5633\" src=\"https:\/\/www.arte.unicen.edu.ar\/cdab\/wp-content\/uploads\/2023\/10\/archivoabierto-16-300x300.jpg\" alt=\"\" \/><\/a><\/td>\n<td style=\"padding: 0px 20px 10px 20px;\"><a href=\"https:\/\/www.arte.unicen.edu.ar\/cdab\/wp-content\/uploads\/2023\/10\/archivoabierto-17.jpg\" data-fancybox=\"gallery\" data-caption=\"En el marco de las celebraciones por el 35\u00ba aniversario de la Facultad de Arte se inaugur\u00f3 la muestra &#8220;Archivo Abierto: 35 a\u00f1os de Arte&#8221;\"><img decoding=\"async\" class=\"aligncenter size-medium wp-image-5627\" src=\"https:\/\/www.arte.unicen.edu.ar\/cdab\/wp-content\/uploads\/2023\/10\/archivoabierto-17-300x300.jpg\" alt=\"\" \/><\/a><\/td>\n<\/tr>\n<tr>\n<td style=\"padding: 0px 20px 10px 20px;\"><a href=\"https:\/\/www.arte.unicen.edu.ar\/cdab\/wp-content\/uploads\/2023\/10\/archivoabierto-21.jpg\" data-fancybox=\"gallery\" data-caption=\"En el marco de las celebraciones por el 35\u00ba aniversario de la Facultad de Arte se inaugur\u00f3 la muestra &#8220;Archivo Abierto: 35 a\u00f1os de Arte&#8221;\"><img decoding=\"async\" class=\"aligncenter size-medium wp-image-5628\" src=\"https:\/\/www.arte.unicen.edu.ar\/cdab\/wp-content\/uploads\/2023\/10\/archivoabierto-21-300x300.jpg\" alt=\"\" \/><\/a><\/td>\n<td style=\"padding: 0px 20px 10px 20px;\"><a href=\"https:\/\/www.arte.unicen.edu.ar\/cdab\/wp-content\/uploads\/2023\/10\/archivoabierto-23.jpg\" data-fancybox=\"gallery\" data-caption=\"En el marco de las celebraciones por el 35\u00ba aniversario de la Facultad de Arte se inaugur\u00f3 la muestra &#8220;Archivo Abierto: 35 a\u00f1os de Arte&#8221;\"><img decoding=\"async\" class=\"aligncenter size-medium wp-image-5633\" src=\"https:\/\/www.arte.unicen.edu.ar\/cdab\/wp-content\/uploads\/2023\/10\/archivoabierto-23-300x300.jpg\" alt=\"\" \/><\/a><\/td>\n<td style=\"padding: 0px 20px 10px 20px;\"><a href=\"https:\/\/www.arte.unicen.edu.ar\/cdab\/wp-content\/uploads\/2023\/10\/archivoabierto-29.jpg\" data-fancybox=\"gallery\" data-caption=\"En el marco de las celebraciones por el 35\u00ba aniversario de la Facultad de Arte se inaugur\u00f3 la muestra &#8220;Archivo Abierto: 35 a\u00f1os de Arte&#8221;\"><img decoding=\"async\" class=\"aligncenter size-medium wp-image-5627\" src=\"https:\/\/www.arte.unicen.edu.ar\/cdab\/wp-content\/uploads\/2023\/10\/archivoabierto-29-300x300.jpg\" alt=\"\" \/><\/a><\/td>\n<\/tr>\n<tr>\n<td style=\"padding: 0px 20px 10px 20px;\"><a href=\"https:\/\/www.arte.unicen.edu.ar\/cdab\/wp-content\/uploads\/2023\/10\/archivoabierto-25.jpg\" data-fancybox=\"gallery\" data-caption=\"En el marco de las celebraciones por el 35\u00ba aniversario de la Facultad de Arte se inaugur\u00f3 la muestra &#8220;Archivo Abierto: 35 a\u00f1os de Arte&#8221;\"><img decoding=\"async\" class=\"aligncenter size-medium wp-image-5628\" src=\"https:\/\/www.arte.unicen.edu.ar\/cdab\/wp-content\/uploads\/2023\/10\/archivoabierto-25-300x300.jpg\" alt=\"\" \/><\/a><\/td>\n<td style=\"padding: 0px 20px 10px 20px;\"><a href=\"https:\/\/www.arte.unicen.edu.ar\/cdab\/wp-content\/uploads\/2023\/10\/archivoabierto-26.jpg\" data-fancybox=\"gallery\" data-caption=\"En el marco de las celebraciones por el 35\u00ba aniversario de la Facultad de Arte se inaugur\u00f3 la muestra &#8220;Archivo Abierto: 35 a\u00f1os de Arte&#8221;\"><img decoding=\"async\" class=\"aligncenter size-medium wp-image-5633\" src=\"https:\/\/www.arte.unicen.edu.ar\/cdab\/wp-content\/uploads\/2023\/10\/archivoabierto-26-300x300.jpg\" alt=\"\" \/><\/a><\/td>\n<td style=\"padding: 0px 20px 10px 20px;\"><a href=\"https:\/\/www.arte.unicen.edu.ar\/cdab\/wp-content\/uploads\/2023\/10\/archivoabierto-30.jpg\" data-fancybox=\"gallery\" data-caption=\"En el marco de las celebraciones por el 35\u00ba aniversario de la Facultad de Arte se inaugur\u00f3 la muestra &#8220;Archivo Abierto: 35 a\u00f1os de Arte&#8221;\"><img decoding=\"async\" class=\"aligncenter size-medium wp-image-5627\" src=\"https:\/\/www.arte.unicen.edu.ar\/cdab\/wp-content\/uploads\/2023\/10\/archivoabierto-30-300x300.jpg\" alt=\"\" \/><\/a><\/td>\n<\/tr>\n<tr>\n<td style=\"padding: 0px 20px 10px 20px;\"><a href=\"https:\/\/www.arte.unicen.edu.ar\/cdab\/wp-content\/uploads\/2023\/10\/archivoabierto-28.jpg\" data-fancybox=\"gallery\" data-caption=\"En el marco de las celebraciones por el 35\u00ba aniversario de la Facultad de Arte se inaugur\u00f3 la muestra &#8220;Archivo Abierto: 35 a\u00f1os de Arte&#8221;\"><img decoding=\"async\" class=\"aligncenter size-medium wp-image-5628\" src=\"https:\/\/www.arte.unicen.edu.ar\/cdab\/wp-content\/uploads\/2023\/10\/archivoabierto-28-300x300.jpg\" alt=\"\" \/><\/a><\/td>\n<td style=\"padding: 0px 20px 10px 20px;\"><a href=\"https:\/\/www.arte.unicen.edu.ar\/cdab\/wp-content\/uploads\/2023\/10\/archivoabierto-24.jpg\" data-fancybox=\"gallery\" data-caption=\"En el marco de las celebraciones por el 35\u00ba aniversario de la Facultad de Arte se inaugur\u00f3 la muestra &#8220;Archivo Abierto: 35 a\u00f1os de Arte&#8221;\"><img decoding=\"async\" class=\"aligncenter size-medium wp-image-5633\" src=\"https:\/\/www.arte.unicen.edu.ar\/cdab\/wp-content\/uploads\/2023\/10\/archivoabierto-24-300x300.jpg\" alt=\"\" \/><\/a><\/td>\n<td style=\"padding: 0px 20px 10px 20px;\"><a href=\"https:\/\/www.arte.unicen.edu.ar\/cdab\/wp-content\/uploads\/2023\/10\/archivoabierto-27.jpg\" data-fancybox=\"gallery\" data-caption=\"En el marco de las celebraciones por el 35\u00ba aniversario de la Facultad de Arte se inaugur\u00f3 la muestra &#8220;Archivo Abierto: 35 a\u00f1os de Arte&#8221;\"><img decoding=\"async\" class=\"aligncenter size-medium wp-image-5627\" src=\"https:\/\/www.arte.unicen.edu.ar\/cdab\/wp-content\/uploads\/2023\/10\/archivoabierto-27-300x300.jpg\" alt=\"\" \/><\/a><\/td>\n<\/tr>\n<tr>\n<td style=\"padding: 0px 20px 10px 20px;\"><a href=\"https:\/\/www.arte.unicen.edu.ar\/cdab\/wp-content\/uploads\/2023\/10\/archivoabierto-31.jpg\" data-fancybox=\"gallery\" data-caption=\"En el marco de las celebraciones por el 35\u00ba aniversario de la Facultad de Arte se inaugur\u00f3 la muestra &#8220;Archivo Abierto: 35 a\u00f1os de Arte&#8221;\"><img decoding=\"async\" class=\"aligncenter size-medium wp-image-5628\" src=\"https:\/\/www.arte.unicen.edu.ar\/cdab\/wp-content\/uploads\/2023\/10\/archivoabierto-31-300x300.jpg\" alt=\"\" \/><\/a><\/td>\n<td style=\"padding: 0px 20px 10px 20px;\"><a href=\"https:\/\/www.arte.unicen.edu.ar\/cdab\/wp-content\/uploads\/2023\/10\/archivoabierto-32.jpg\" data-fancybox=\"gallery\" data-caption=\"En el marco de las celebraciones por el 35\u00ba aniversario de la Facultad de Arte se inaugur\u00f3 la muestra &#8220;Archivo Abierto: 35 a\u00f1os de Arte&#8221;\"><img decoding=\"async\" class=\"aligncenter size-medium wp-image-5633\" src=\"https:\/\/www.arte.unicen.edu.ar\/cdab\/wp-content\/uploads\/2023\/10\/archivoabierto-32-300x300.jpg\" alt=\"\" \/><\/a><\/td>\n<td style=\"padding: 0px 20px 10px 20px;\"><a href=\"https:\/\/www.arte.unicen.edu.ar\/cdab\/wp-content\/uploads\/2023\/10\/archivoabierto-33.jpg\" data-fancybox=\"gallery\" data-caption=\"En el marco de las celebraciones por el 35\u00ba aniversario de la Facultad de Arte se inaugur\u00f3 la muestra &#8220;Archivo Abierto: 35 a\u00f1os de Arte&#8221;\"><img decoding=\"async\" class=\"aligncenter size-medium wp-image-5627\" src=\"https:\/\/www.arte.unicen.edu.ar\/cdab\/wp-content\/uploads\/2023\/10\/archivoabierto-33-300x300.jpg\" alt=\"\" \/><\/a><\/td>\n<\/tr>\n<tr>\n<td style=\"padding: 0px 20px 10px 20px;\"><a href=\"https:\/\/www.arte.unicen.edu.ar\/cdab\/wp-content\/uploads\/2023\/10\/archivoabierto-34.jpg\" data-fancybox=\"gallery\" data-caption=\"En el marco de las celebraciones por el 35\u00ba aniversario de la Facultad de Arte se inaugur\u00f3 la muestra &#8220;Archivo Abierto: 35 a\u00f1os de Arte&#8221;\"><img decoding=\"async\" class=\"aligncenter size-medium wp-image-5628\" src=\"https:\/\/www.arte.unicen.edu.ar\/cdab\/wp-content\/uploads\/2023\/10\/archivoabierto-34-300x300.jpg\" alt=\"\" \/><\/a><\/td>\n<td style=\"padding: 0px 20px 10px 20px;\"><a href=\"https:\/\/www.arte.unicen.edu.ar\/cdab\/wp-content\/uploads\/2023\/10\/archivoabierto-35.jpg\" data-fancybox=\"gallery\" data-caption=\"En el marco de las celebraciones por el 35\u00ba aniversario de la Facultad de Arte se inaugur\u00f3 la muestra &#8220;Archivo Abierto: 35 a\u00f1os de Arte&#8221;\"><img decoding=\"async\" class=\"aligncenter size-medium wp-image-5633\" src=\"https:\/\/www.arte.unicen.edu.ar\/cdab\/wp-content\/uploads\/2023\/10\/archivoabierto-35-300x300.jpg\" alt=\"\" \/><\/a><\/td>\n<\/tr>\n<tr>\n<td style=\"padding: 10px 0px 20px; margin: 0px auto; font-size: 12px;\" colspan=\"3\"><em><u>Fotograf\u00edas:<\/u> Mart\u00edn &#8220;Freddy&#8221; Krieger, Francisco Baldoni (Comunicaci\u00f3n &#8211; Facultad de Arte, UNICEN).<\/em><\/td>\n<\/tr>\n<\/tbody>\n<\/table>\n\n\n\n<p><strong>Archivo Abierto<\/strong> recupera y pone en valor <em>&#8220;<strong>35 a\u00f1os de hacer, de crear, de escribir, de experimentar, de gestar, de reflexionar, de transformar, de producir, de ser artistxs, trabajadorxs, estudiantxs, docentxs e investigadorxs en la Universidad P\u00fablica.<\/strong> Historia(s) que se materializan en diversos soportes para dar cuenta de <strong>35 a\u00f1os de creaci\u00f3n colectiva<\/strong>&#8220;<\/em>.<\/p>\n","protected":false},"excerpt":{"rendered":"<p>&#8220;\u2026im\u00e1genes, recortes, retazos, textos, premios, sonidos, guiones, fotograf\u00edas, objetos, documentos, vestuarios, programas, registros, postales, luces, afiches, palabras\u2026 35 a\u00f1os de instantes eternos que plasman un gran archivo abierto y din\u00e1mico formado por docentes, estudiantxs, graduadxs y trabajadorxs de la Facultad de Arte&#8220;. Con estas palabras se presenta la muestra Archivo Abierto: 35 a\u00f1os de Arte, inaugurada el pasado jueves 12 [&hellip;]<\/p>\n","protected":false},"author":1,"featured_media":29377,"comment_status":"closed","ping_status":"closed","sticky":false,"template":"","format":"standard","meta":{"_acf_changed":false,"footnotes":""},"categories":[1],"tags":[3887,214,309,215,294],"class_list":["post-29338","post","type-post","status-publish","format-standard","has-post-thumbnail","hentry","category-novedades","tag-35-anios-fa","tag-cdab","tag-escuela-superior-de-teatro","tag-facultad-de-arte","tag-unicen"],"acf":[],"_links":{"self":[{"href":"https:\/\/www.arte.unicen.edu.ar\/cdab\/wp-json\/wp\/v2\/posts\/29338","targetHints":{"allow":["GET"]}}],"collection":[{"href":"https:\/\/www.arte.unicen.edu.ar\/cdab\/wp-json\/wp\/v2\/posts"}],"about":[{"href":"https:\/\/www.arte.unicen.edu.ar\/cdab\/wp-json\/wp\/v2\/types\/post"}],"author":[{"embeddable":true,"href":"https:\/\/www.arte.unicen.edu.ar\/cdab\/wp-json\/wp\/v2\/users\/1"}],"replies":[{"embeddable":true,"href":"https:\/\/www.arte.unicen.edu.ar\/cdab\/wp-json\/wp\/v2\/comments?post=29338"}],"version-history":[{"count":2,"href":"https:\/\/www.arte.unicen.edu.ar\/cdab\/wp-json\/wp\/v2\/posts\/29338\/revisions"}],"predecessor-version":[{"id":29578,"href":"https:\/\/www.arte.unicen.edu.ar\/cdab\/wp-json\/wp\/v2\/posts\/29338\/revisions\/29578"}],"wp:featuredmedia":[{"embeddable":true,"href":"https:\/\/www.arte.unicen.edu.ar\/cdab\/wp-json\/wp\/v2\/media\/29377"}],"wp:attachment":[{"href":"https:\/\/www.arte.unicen.edu.ar\/cdab\/wp-json\/wp\/v2\/media?parent=29338"}],"wp:term":[{"taxonomy":"category","embeddable":true,"href":"https:\/\/www.arte.unicen.edu.ar\/cdab\/wp-json\/wp\/v2\/categories?post=29338"},{"taxonomy":"post_tag","embeddable":true,"href":"https:\/\/www.arte.unicen.edu.ar\/cdab\/wp-json\/wp\/v2\/tags?post=29338"}],"curies":[{"name":"wp","href":"https:\/\/api.w.org\/{rel}","templated":true}]}}