{"id":29284,"date":"2023-10-05T14:17:00","date_gmt":"2023-10-05T17:17:00","guid":{"rendered":"https:\/\/www.arte.unicen.edu.ar\/cdab\/?p=29284"},"modified":"2023-10-21T17:44:50","modified_gmt":"2023-10-21T20:44:50","slug":"publica-creativa-abierta-inclusiva-octubre-facultad-arte-celebra-35-aniversario","status":"publish","type":"post","link":"https:\/\/www.arte.unicen.edu.ar\/cdab\/publica-creativa-abierta-inclusiva-octubre-facultad-arte-celebra-35-aniversario\/","title":{"rendered":"P\u00fablica, creativa, abierta, inclusiva. En octubre, la Facultad de Arte celebra su 35\u00ba aniversario"},"content":{"rendered":"\n<p>El <strong>21 de octubre de 1988<\/strong>, la Honorable Asamblea Universitaria resolvi\u00f3 por unanimidad la creaci\u00f3n de la <strong>Escuela Superior de Teatro<\/strong>, antecedente fundacional de la <a rel=\"noreferrer noopener\" href=\"http:\/\/www.arte.unicen.edu.ar\" target=\"_blank\">Facultad de Arte<\/a>. En ese entonces, un grupo de docentes apost\u00f3 a la elaboraci\u00f3n de un espacio de pr\u00e1ctica y reflexi\u00f3n te\u00f3rica sobre el hecho teatral. El <strong>28 de noviembre de 2002<\/strong>, la Asamblea le otorg\u00f3 el rango de Facultad ratificando la superaci\u00f3n de una etapa y dando cuenta de la consolidaci\u00f3n en la regi\u00f3n como un espacio institucional que promueve la <span style=\"color: #d23a48;\"><strong><em>formaci\u00f3n y producci\u00f3n art\u00edstica con memoria e identidad regional<\/em><\/strong><\/span>.<\/p>\n\n\n\n<p>Este mes se cumplen <strong>35 a\u00f1os<\/strong> desde aquel momento fundacional y lo celebraremos con una agenda de actividades y homenajes que ponen en valor el recorrido realizado, destacando los hitos y a lxs referentes que hicieron historia.<\/p>\n\n\n\n<p>Desde el <strong>Centro de Documentaci\u00f3n Audiovisual y Biblioteca (CDAB)<\/strong> hacemos extensiva la <strong>invitaci\u00f3n a toda la comunidad<\/strong> a participar de la muestra <strong>Archivo Abierto: 35 a\u00f1os de Arte<\/strong> que conjuga acciones de <strong>recuperaci\u00f3n de la memoria institucional<\/strong> con intervenciones art\u00edstico-tecnol\u00f3gicas en diferentes espacios y mediante diversas propuestas. La curadur\u00eda est\u00e1 a cargo de <strong>Yanina Jensen, Mat\u00edas Petrini, Mar\u00eda Guadalupe Suasn\u00e1bar<\/strong> y <strong>Lucrecia Etchecoin<\/strong> &#8211;<strong>CDAB<\/strong> con la adhesi\u00f3n del <a rel=\"noreferrer noopener\" href=\"http:\/\/www.indees.com.ar\" target=\"_blank\">Instituto de Estudios Escenogr\u00e1ficos en Artes Esc\u00e9nicas y Audiovisuales (INDEES)<\/a>&#8211; y colaboraron en el montaje <strong>Pilar Jaureguiberry<\/strong> y <strong>Ariel Carreras<\/strong>. La inauguraci\u00f3n formal ser\u00e1 el <span style=\"color: #d23a48;\"><strong>jueves 12 de octubre<\/strong><\/span> a las <span style=\"color: #d23a48;\"><strong>20 hs.<\/strong><\/span> en el <strong>Hall Abierto<\/strong> de la Facultad (9 de Julio 430).<\/p>\n\n\n\n<p>El <span style=\"color: #d23a48;\"><strong>martes 17 de octubre<\/strong><\/span> a las <span style=\"color: #d23a48;\"><strong>20 hs.<\/strong><\/span> en la <strong>Galer\u00eda del Teatro La F\u00e1brica<\/strong> (Pinto 399) -previo estreno de una nueva edici\u00f3n del ciclo <strong>Carne Fresca<\/strong>&#8211; se presentar\u00e1 una selecci\u00f3n de afiches hist\u00f3ricos que forman parte del acervo del <strong>CDAB<\/strong> y corresponden a diversas obras teatrales, como as\u00ed tambi\u00e9n una <strong>exposici\u00f3n de luminarias<\/strong> dise\u00f1ada por <strong>Alejandro &#8220;Indio&#8221; Ram\u00edrez Llorens<\/strong> en la que se exhiben artefactos lum\u00ednicos utilizados para teatro.<\/p>\n\n\n\n<p>En simult\u00e1neo, se habilitar\u00e1 un <a rel=\"noreferrer noopener\" href=\"https:\/\/www.arte.unicen.edu.ar\/archivoabierto\" target=\"_blank\">micrositio virtual<\/a> para <strong>continuar la experiencia de manera remota<\/strong> y <strong>ampliar algunos aspectos<\/strong> tales como el visionado de la colecci\u00f3n completa de afiches, muchos de ellos recuperados, digitalizados y restaurados para la ocasi\u00f3n. Lxs interesadxs podr\u00e1n acceder ingresando a: <a rel=\"noreferrer noopener\" href=\"https:\/\/www.arte.unicen.edu.ar\/archivoabierto\" target=\"_blank\">www.arte.unicen.edu.ar\/archivoabierto<\/a><\/p>\n\n\n\n<p>El <span style=\"color: #d23a48;\"><strong>jueves 19 de octubre<\/strong><\/span> a las <span style=\"color: #d23a48;\"><strong>20 hs.<\/strong><\/span>, en el <strong>segundo y tercer piso de Rectorado <a rel=\"noreferrer noopener\" href=\"http:\/\/www.unicen.edu.ar\" target=\"_blank\">UNICEN<\/a><\/strong> (Pinto 399), <strong>Guillermo Dillon<\/strong> (Dise\u00f1o audiovisual), <strong>Luz Garc\u00eda<\/strong> (Dramaturgia), <strong>Agustina G\u00f3mez Hoffman, Pilar Jaureguiberry, Cintia Vazquez, Gina Biagioli<\/strong> y <strong>Lara Serra<\/strong> (Direcci\u00f3n de actores) presentar\u00e1n la <strong>experiencia perform\u00e1tica &#8220;Pinto y Chaca. 35 por las ventanas&#8221;<\/strong> que conjuga un <em>mapping<\/em> sobre las paredes y ventanas del hist\u00f3rico edificio con intervenciones actorales.<\/p>\n\n\n\n<p>Finalmente, el <span style=\"color: #d23a48;\"><strong>viernes 20 de octubre<\/strong><\/span> a partir de las <span style=\"color: #d23a48;\"><strong>18 hs.<\/strong><\/span> se realizar\u00e1 el <strong>acto protocolar institucional<\/strong> en la sede de la <a rel=\"noreferrer noopener\" href=\"https:\/\/www.arte.unicen.edu.ar\" target=\"_blank\">Facultad de Arte<\/a>. Compartimos el flyer con toda la programaci\u00f3n:<\/p>\n\n\n\n<div style=\"margin: 25px auto;\"><a href=\"https:\/\/www.arte.unicen.edu.ar\/cdab\/wp-content\/uploads\/2023\/10\/35anios-fa-flyer.jpg\" data-fancybox=\"gallery\" data-caption=\"P\u00fablica, creativa, abierta, inclusiva. En octubre, la Facultad de Arte celebra su 35\u00ba aniversario\"><img decoding=\"async\" class=\"aligncenter size-medium wp-image-2866\" src=\"https:\/\/www.arte.unicen.edu.ar\/cdab\/wp-content\/uploads\/2023\/10\/35anios-fa-flyer-424x600.jpg\" alt=\"P\u00fablica, creativa, abierta, inclusiva. En octubre celebramos el 35\u00ba aniversario de la Facultad de Arte\" title=\"P\u00fablica, creativa, abierta, inclusiva. En octubre celebramos el 35\u00ba aniversario de la Facultad de Arte\"\/><\/a><\/div>\n\n\n\n<p>M\u00e1s informaci\u00f3n en: <a rel=\"noreferrer noopener\" href=\"https:\/\/eldiariodetandil.com\/2023\/10\/11\/anuncian-acto-en-el-comienzo-del-mes-aniversario-de-la-facultad-de-arte-de-la-unicen\" target=\"_blank\">El Diario de Tandil &#8211; Anuncian acto en el comienzo del mes aniversario de la Facultad de Arte de la UNICEN<\/a><\/p>\n","protected":false},"excerpt":{"rendered":"<p>El 21 de octubre de 1988, la Honorable Asamblea Universitaria resolvi\u00f3 por unanimidad la creaci\u00f3n de la Escuela Superior de Teatro, antecedente fundacional de la Facultad de Arte. En ese entonces, un grupo de docentes apost\u00f3 a la elaboraci\u00f3n de un espacio de pr\u00e1ctica y reflexi\u00f3n te\u00f3rica sobre el hecho teatral. El 28 de noviembre de 2002, la Asamblea le [&hellip;]<\/p>\n","protected":false},"author":1,"featured_media":29296,"comment_status":"closed","ping_status":"closed","sticky":false,"template":"","format":"standard","meta":{"_acf_changed":false,"footnotes":""},"categories":[1],"tags":[3887,214,309,215,294],"class_list":["post-29284","post","type-post","status-publish","format-standard","has-post-thumbnail","hentry","category-novedades","tag-35-anios-fa","tag-cdab","tag-escuela-superior-de-teatro","tag-facultad-de-arte","tag-unicen"],"acf":[],"_links":{"self":[{"href":"https:\/\/www.arte.unicen.edu.ar\/cdab\/wp-json\/wp\/v2\/posts\/29284","targetHints":{"allow":["GET"]}}],"collection":[{"href":"https:\/\/www.arte.unicen.edu.ar\/cdab\/wp-json\/wp\/v2\/posts"}],"about":[{"href":"https:\/\/www.arte.unicen.edu.ar\/cdab\/wp-json\/wp\/v2\/types\/post"}],"author":[{"embeddable":true,"href":"https:\/\/www.arte.unicen.edu.ar\/cdab\/wp-json\/wp\/v2\/users\/1"}],"replies":[{"embeddable":true,"href":"https:\/\/www.arte.unicen.edu.ar\/cdab\/wp-json\/wp\/v2\/comments?post=29284"}],"version-history":[{"count":2,"href":"https:\/\/www.arte.unicen.edu.ar\/cdab\/wp-json\/wp\/v2\/posts\/29284\/revisions"}],"predecessor-version":[{"id":29439,"href":"https:\/\/www.arte.unicen.edu.ar\/cdab\/wp-json\/wp\/v2\/posts\/29284\/revisions\/29439"}],"wp:featuredmedia":[{"embeddable":true,"href":"https:\/\/www.arte.unicen.edu.ar\/cdab\/wp-json\/wp\/v2\/media\/29296"}],"wp:attachment":[{"href":"https:\/\/www.arte.unicen.edu.ar\/cdab\/wp-json\/wp\/v2\/media?parent=29284"}],"wp:term":[{"taxonomy":"category","embeddable":true,"href":"https:\/\/www.arte.unicen.edu.ar\/cdab\/wp-json\/wp\/v2\/categories?post=29284"},{"taxonomy":"post_tag","embeddable":true,"href":"https:\/\/www.arte.unicen.edu.ar\/cdab\/wp-json\/wp\/v2\/tags?post=29284"}],"curies":[{"name":"wp","href":"https:\/\/api.w.org\/{rel}","templated":true}]}}