{"id":29056,"date":"2023-09-18T14:37:13","date_gmt":"2023-09-18T17:37:13","guid":{"rendered":"https:\/\/www.arte.unicen.edu.ar\/cdab\/?p=29056"},"modified":"2023-09-19T08:39:33","modified_gmt":"2023-09-19T11:39:33","slug":"canela-raigal-cedio-ejemplar-banderines-febrero-historias-carnaval-tandil","status":"publish","type":"post","link":"https:\/\/www.arte.unicen.edu.ar\/cdab\/canela-raigal-cedio-ejemplar-banderines-febrero-historias-carnaval-tandil\/","title":{"rendered":"En el marco de la Muestra Carnaval y Democracia, Canela Raigal nos entreg\u00f3 un ejemplar de &#8220;Banderines de febrero: historias del &#8216;Carnaval de mi Tandil'&#8221;"},"content":{"rendered":"\n<p>En el marco de la <strong>Muestra Carnaval y Democracia<\/strong>, que re\u00fane vestuario, fotograf\u00edas, estandartes y objetos de diferentes agrupaciones carnavaleras de la ciudad de Tandil y fue inaugurada el pasado viernes 8 de septiembre en el <strong>Hall Abierto<\/strong> de la <a rel=\"noreferrer noopener\" href=\"https:\/\/www.arte.unicen.edu.ar\" target=\"_blank\">Facultad de Arte<\/a>, se realiz\u00f3 la presentaci\u00f3n del libro <strong><em>Banderines de febrero: historias del &#8220;Carnaval de mi Tandil&#8221;<\/em><\/strong> de <strong>Canela Raigal<\/strong> con pr\u00f3logo de <strong>Sof\u00eda Cheves<\/strong> (Secretaria de Extensi\u00f3n &#8211; <a rel=\"noreferrer noopener\" href=\"https:\/\/www.arte.unicen.edu.ar\" target=\"_blank\">FA<\/a>, <a rel=\"noreferrer noopener\" href=\"http:\/\/www.unicen.edu.ar\" target=\"_blank\">UNICEN<\/a>).<\/p>\n\n\n\n<p>La publicaci\u00f3n contribuye al patrimonio cultural y popular de la ciudad y es una invitaci\u00f3n a vivir la magia del Carnaval, un homenaje y reconocimiento para quienes sienten la fiesta popular todo el a\u00f1o. As\u00ed, se recuperan las primeras ideas que nacen como un sue\u00f1o y crecen hasta subir al escenario a cantar y recitar una glosa en la fiesta del pueblo que se nutre con cada baile, cada salto y cada bocanada de aire. Un libro de historias de vida, de personajes que recorren las calles empedradas de Tandil y agitan vientos serranos de a\u00f1oranza: los juegos, los baldes de agua y las noches coloridas y felices en las veredas.<\/p>\n\n\n\n<p>Editado por IG&amp;E Independencia Gr\u00e1fica y Editorial, el proyecto cont\u00f3 con financiamiento de <a rel=\"noreferrer noopener\" href=\"https:\/\/www.unicen.edu.ar\/content\/cultura-unicen\" target=\"_blank\">Cultura UNICEN<\/a>, el <a rel=\"noreferrer noopener\" href=\"https:\/\/www.bancocredicoop.coop\" target=\"_blank\">Banco Credicoop<\/a>, el <a rel=\"noreferrer noopener\" href=\"https:\/\/www.argentina.gob.ar\/cultura\" target=\"_blank\">Ministerio de Cultura de la Naci\u00f3n<\/a>, el <a rel=\"noreferrer noopener\" href=\"https:\/\/www.gba.gob.ar\/cultura\" target=\"_blank\">Instituto Cultural de la Provincia de Buenos Aires<\/a> y la <a rel=\"noreferrer noopener\" href=\"https:\/\/www.arte.unicen.edu.ar\" target=\"_blank\">Facultad de Arte<\/a> de la <a rel=\"noreferrer noopener\" href=\"http:\/\/www.unicen.edu.ar\/\" target=\"_blank\">Universidad Nacional del Centro de la Provincia de Buenos Aires<\/a>.<\/p>\n\n\n\n<p>Desde el <strong>Centro de Documentaci\u00f3n Audiovisual y Biblioteca (CDAB)<\/strong> agradecemos la <strong>donaci\u00f3n de un ejemplar<\/strong> de manos de su autora, <strong>Canela Raigal<\/strong>, e informamos que el mismo estar\u00e1 disponible para consulta pr\u00f3ximamente, una vez que finalice el proceso de catalogaci\u00f3n por parte de <a rel=\"noreferrer noopener\" href=\"https:\/\/www.biblio.unicen.edu.ar\" target=\"_blank\">Biblioteca Central UNICEN<\/a>.<\/p>\n\n\n\n<p>Quienes deseen acceder al mismo de manera digital, pueden hacerlo desde el <a rel=\"noreferrer noopener\" href=\"https:\/\/repositoriosdigitales.mincyt.gob.ar\" target=\"_blank\">Sistema Nacional de Repositorios Digitales<\/a> en: <a rel=\"noreferrer noopener\" href=\"https:\/\/repositoriosdigitales.mincyt.gob.ar\/vufind\/Record\/SEDICI_6867cf6a3fb1e96e4f433268f27d547b\" target=\"_blank\">www.repositoriosdigitales.mincyt.gob.ar\/vufind\/Record\/SEDICI_6867cf6a3fb1e96e4f433268f27d547b<\/a><\/p>\n\n\n\n<div style=\"margin: 25px auto;\"><a href=\"https:\/\/www.arte.unicen.edu.ar\/cdab\/wp-content\/uploads\/2023\/09\/banderines-de-febrero-carnaval-tandil-libro.jpg\" data-fancybox=\"gallery\" data-caption=\"En el marco de la Muestra Carnaval y Democracia, Canela Raigal nos entreg\u00f3 un ejemplar de &#8220;Banderines de febrero: historias del &#8216;Carnaval de mi Tandil&#039;&#8221;\"><img decoding=\"async\" class=\"aligncenter size-medium wp-image-2866\" src=\"https:\/\/www.arte.unicen.edu.ar\/cdab\/wp-content\/uploads\/2023\/09\/banderines-de-febrero-carnaval-tandil-libro-420x600.jpg\" alt=\"Banderines de febrero: historias del 'Carnaval de mi Tandil'\" title=\"Banderines de febrero: historias del 'Carnaval de mi Tandil'\"\/><\/a><\/div>\n","protected":false},"excerpt":{"rendered":"<p>En el marco de la Muestra Carnaval y Democracia, que re\u00fane vestuario, fotograf\u00edas, estandartes y objetos de diferentes agrupaciones carnavaleras de la ciudad de Tandil y fue inaugurada el pasado viernes 8 de septiembre en el Hall Abierto de la Facultad de Arte, se realiz\u00f3 la presentaci\u00f3n del libro Banderines de febrero: historias del &#8220;Carnaval de mi Tandil&#8221; de Canela [&hellip;]<\/p>\n","protected":false},"author":1,"featured_media":29058,"comment_status":"closed","ping_status":"closed","sticky":false,"template":"","format":"standard","meta":{"_acf_changed":false,"footnotes":""},"categories":[1],"tags":[214,290,215,294],"class_list":["post-29056","post","type-post","status-publish","format-standard","has-post-thumbnail","hentry","category-novedades","tag-cdab","tag-donacion","tag-facultad-de-arte","tag-unicen"],"acf":[],"_links":{"self":[{"href":"https:\/\/www.arte.unicen.edu.ar\/cdab\/wp-json\/wp\/v2\/posts\/29056","targetHints":{"allow":["GET"]}}],"collection":[{"href":"https:\/\/www.arte.unicen.edu.ar\/cdab\/wp-json\/wp\/v2\/posts"}],"about":[{"href":"https:\/\/www.arte.unicen.edu.ar\/cdab\/wp-json\/wp\/v2\/types\/post"}],"author":[{"embeddable":true,"href":"https:\/\/www.arte.unicen.edu.ar\/cdab\/wp-json\/wp\/v2\/users\/1"}],"replies":[{"embeddable":true,"href":"https:\/\/www.arte.unicen.edu.ar\/cdab\/wp-json\/wp\/v2\/comments?post=29056"}],"version-history":[{"count":1,"href":"https:\/\/www.arte.unicen.edu.ar\/cdab\/wp-json\/wp\/v2\/posts\/29056\/revisions"}],"predecessor-version":[{"id":29079,"href":"https:\/\/www.arte.unicen.edu.ar\/cdab\/wp-json\/wp\/v2\/posts\/29056\/revisions\/29079"}],"wp:featuredmedia":[{"embeddable":true,"href":"https:\/\/www.arte.unicen.edu.ar\/cdab\/wp-json\/wp\/v2\/media\/29058"}],"wp:attachment":[{"href":"https:\/\/www.arte.unicen.edu.ar\/cdab\/wp-json\/wp\/v2\/media?parent=29056"}],"wp:term":[{"taxonomy":"category","embeddable":true,"href":"https:\/\/www.arte.unicen.edu.ar\/cdab\/wp-json\/wp\/v2\/categories?post=29056"},{"taxonomy":"post_tag","embeddable":true,"href":"https:\/\/www.arte.unicen.edu.ar\/cdab\/wp-json\/wp\/v2\/tags?post=29056"}],"curies":[{"name":"wp","href":"https:\/\/api.w.org\/{rel}","templated":true}]}}