{"id":28514,"date":"2023-11-21T10:27:00","date_gmt":"2023-11-21T13:27:00","guid":{"rendered":"https:\/\/www.arte.unicen.edu.ar\/cdab\/?p=28514"},"modified":"2023-12-04T12:16:10","modified_gmt":"2023-12-04T15:16:10","slug":"agradecemos-significativa-donacion-biblioteca-incaa-enerc-red-biblioci","status":"publish","type":"post","link":"https:\/\/www.arte.unicen.edu.ar\/cdab\/agradecemos-significativa-donacion-biblioteca-incaa-enerc-red-biblioci\/","title":{"rendered":"Agradecemos la significativa donaci\u00f3n de la Biblioteca INCAA ENERC mediante la red BiblioCi"},"content":{"rendered":"\n<p>Luego de la primera edici\u00f3n de <a rel=\"noreferrer noopener\" href=\"https:\/\/www.arte.unicen.edu.ar\/cdab\/enmovimiento\" target=\"_blank\">CDAB en movimiento<\/a> realizada en el a\u00f1o 2019 y gracias a las gestiones del <strong>C. Adri\u00e1n Muoyo<\/strong>, responsable de la <strong>Biblioteca y Centro de Documentaci\u00f3n y Archivo &#8220;Beatriz A. Zuccolillo de Gaffet&#8221;<\/strong> dependiente del <a rel=\"noreferrer noopener\" href=\"http:\/\/www.incaa.gov.ar\" target=\"_blank\">Instituto Nacional de Cine y Artes Audiovisuales (INCAA)<\/a> y la <a rel=\"noreferrer noopener\" href=\"http:\/\/www.enerc.gob.ar\" target=\"_blank\">Escuela Nacional de Experimentaci\u00f3n y Realizaci\u00f3n Cinematogr\u00e1fica (ENERC)<\/a>, el <strong>Centro de Documentaci\u00f3n Audiovisual y Biblioteca<\/strong> de la <a rel=\"noreferrer noopener\" href=\"https:\/\/www.arte.unicen.edu.ar\" target=\"_blank\">Facultad de Arte<\/a> se incorpor\u00f3 a la red <a rel=\"noreferrer noopener\" href=\"https:\/\/www.biblioci.org\" target=\"_blank\">BiblioCi<\/a>. Esta vinculaci\u00f3n estrat\u00e9gica integrada por centros de documentaci\u00f3n y bibliotecas pertenecientes a cinematecas, filmotecas, museos y archivos de Am\u00e9rica Latina, el Caribe y Espa\u00f1a, posibilita el intercambio de publicaciones especializadas.<\/p>\n\n\n\n<p>En esta oportunidad <strong>agradecemos al Sr. Adri\u00e1n Muoyo la donaci\u00f3n recibida a fines de septiembre de 2023<\/strong>. Los t\u00edtulos que se incorporar\u00e1n al \u00e1rea de biblioteca una vez que finalice el proceso de catalogaci\u00f3n por parte de&nbsp;<a rel=\"noreferrer noopener\" href=\"http:\/\/www.biblio.unicen.edu.ar\/\" target=\"_blank\">Biblioteca Central UNICEN<\/a> son:<\/p>\n\n\n\n<ul style=\"margin: 35px 0px 35px 55px;\">\n<li><a href=\"https:\/\/www.arte.unicen.edu.ar\/cdab\/libros\/espiritu-de-simetria-escritos-de-angel-faretta-en-fierro-1984-1991\" target=\"_blank\" rel=\"noopener\">Esp\u00edritu de simetr\u00eda: escritos de \u00c1ngel Faretta en Fierro 1984-1991<\/a> (2007) de \u00c1ngel Faretta. Editorial Djaen.<\/li>\n<li><a href=\"https:\/\/www.arte.unicen.edu.ar\/cdab\/libros\/las-rupturas-del-68-en-el-cine-de-america-latina-2\" target=\"_blank\" rel=\"noopener\">Las rupturas del 68 en el cine de Am\u00e9rica Latina: contracultura, experimentaci\u00f3n y pol\u00edtica<\/a> (2016) coordinado por Mariano Mestman. Ediciones Akal.<\/li>\n<li><a href=\"https:\/\/www.arte.unicen.edu.ar\/cdab\/libros\/rondas-nocturnas-sexo-reclusion-y-extravio-en-el-cine-argentino-2\" target=\"_blank\" rel=\"noopener\">Rondas nocturnas. Sexo, reclusi\u00f3n y extrav\u00edo en el cine argentino<\/a> (2022) de Lucas Martinelli. Fundaci\u00f3n CICCUS, Escuela Nacional de Realizaci\u00f3n y Experimentaci\u00f3n Cinematogr\u00e1fica (ENERC).<\/li>\n<li><a href=\"https:\/\/www.arte.unicen.edu.ar\/cdab\/libros\/el-cine-como-eco-vaivenes-de-la-lengua-en-el-cine-argentino-2\" target=\"_blank\" rel=\"noopener\">El cine como eco. Vaivenes de la lengua en el cine argentino<\/a> (2022) de Fernando G. Varea. Fundaci\u00f3n CICCUS, Escuela Nacional de Realizaci\u00f3n y Experimentaci\u00f3n Cinematogr\u00e1fica (ENERC).<\/li>\n<li><a href=\"https:\/\/www.arte.unicen.edu.ar\/cdab\/libros\/imitacion-de-la-vida-escritos-sobre-cine\" target=\"_blank\" rel=\"noopener\">Imitaci\u00f3n de la vida: escritos sobre cine<\/a> (2017) de Alberto Tabbia. Editorial Djaen.<\/li>\n<li><a href=\"https:\/\/www.arte.unicen.edu.ar\/cdab\/libros\/lumiton-el-sello-que-marco-el-rumbo-del-cine-nacional\" target=\"_blank\" rel=\"noopener\">Lumiton. El sello que marc\u00f3 el rumbo del cine nacional<\/a> (2022) de AA.VV. Lumiton Museo del Cine Usina Audiovisual.<\/li>\n<\/ul>\n\n\n\n<p>Recordamos a toda la comunidad que desde el mes de junio&nbsp;<a rel=\"noreferrer noopener\" href=\"https:\/\/www.arte.unicen.edu.ar\/cdab\/cdab-extiende-horario-atencion-al-publico\" target=\"_blank\">ampliamos nuestro horario de atenci\u00f3n al p\u00fablico<\/a> de <strong>lunes a viernes<\/strong> de <strong>9 a 19 hs.<\/strong><\/p>\n","protected":false},"excerpt":{"rendered":"<p>Luego de la primera edici\u00f3n de CDAB en movimiento realizada en el a\u00f1o 2019 y gracias a las gestiones del C. Adri\u00e1n Muoyo, responsable de la Biblioteca y Centro de Documentaci\u00f3n y Archivo &#8220;Beatriz A. Zuccolillo de Gaffet&#8221; dependiente del Instituto Nacional de Cine y Artes Audiovisuales (INCAA) y la Escuela Nacional de Experimentaci\u00f3n y Realizaci\u00f3n Cinematogr\u00e1fica (ENERC), el Centro [&hellip;]<\/p>\n","protected":false},"author":1,"featured_media":29777,"comment_status":"closed","ping_status":"closed","sticky":false,"template":"","format":"standard","meta":{"_acf_changed":false,"footnotes":""},"categories":[1],"tags":[2045,214,290,215,294],"class_list":["post-28514","post","type-post","status-publish","format-standard","has-post-thumbnail","hentry","category-novedades","tag-biblioteca-incaa-enerc","tag-cdab","tag-donacion","tag-facultad-de-arte","tag-unicen"],"acf":[],"_links":{"self":[{"href":"https:\/\/www.arte.unicen.edu.ar\/cdab\/wp-json\/wp\/v2\/posts\/28514","targetHints":{"allow":["GET"]}}],"collection":[{"href":"https:\/\/www.arte.unicen.edu.ar\/cdab\/wp-json\/wp\/v2\/posts"}],"about":[{"href":"https:\/\/www.arte.unicen.edu.ar\/cdab\/wp-json\/wp\/v2\/types\/post"}],"author":[{"embeddable":true,"href":"https:\/\/www.arte.unicen.edu.ar\/cdab\/wp-json\/wp\/v2\/users\/1"}],"replies":[{"embeddable":true,"href":"https:\/\/www.arte.unicen.edu.ar\/cdab\/wp-json\/wp\/v2\/comments?post=28514"}],"version-history":[{"count":2,"href":"https:\/\/www.arte.unicen.edu.ar\/cdab\/wp-json\/wp\/v2\/posts\/28514\/revisions"}],"predecessor-version":[{"id":29901,"href":"https:\/\/www.arte.unicen.edu.ar\/cdab\/wp-json\/wp\/v2\/posts\/28514\/revisions\/29901"}],"wp:featuredmedia":[{"embeddable":true,"href":"https:\/\/www.arte.unicen.edu.ar\/cdab\/wp-json\/wp\/v2\/media\/29777"}],"wp:attachment":[{"href":"https:\/\/www.arte.unicen.edu.ar\/cdab\/wp-json\/wp\/v2\/media?parent=28514"}],"wp:term":[{"taxonomy":"category","embeddable":true,"href":"https:\/\/www.arte.unicen.edu.ar\/cdab\/wp-json\/wp\/v2\/categories?post=28514"},{"taxonomy":"post_tag","embeddable":true,"href":"https:\/\/www.arte.unicen.edu.ar\/cdab\/wp-json\/wp\/v2\/tags?post=28514"}],"curies":[{"name":"wp","href":"https:\/\/api.w.org\/{rel}","templated":true}]}}