{"id":28439,"date":"2023-08-22T11:36:39","date_gmt":"2023-08-22T14:36:39","guid":{"rendered":"https:\/\/www.arte.unicen.edu.ar\/cdab\/?p=28439"},"modified":"2023-09-01T11:55:31","modified_gmt":"2023-09-01T14:55:31","slug":"presentacion-nuevos-titulos-interes-arte-publicaciones-facultad-arte-presente-en-feria-libro-tandil","status":"publish","type":"post","link":"https:\/\/www.arte.unicen.edu.ar\/cdab\/presentacion-nuevos-titulos-interes-arte-publicaciones-facultad-arte-presente-en-feria-libro-tandil\/","title":{"rendered":"Con la presentaci\u00f3n de nuevos t\u00edtulos y gran inter\u00e9s por las ediciones de Arte Publicaciones, la Facultad de Arte estuvo presente en la 18\u00ba Feria del Libro de Tandil"},"content":{"rendered":"\n<p>Del <strong>mi\u00e9rcoles 16 al domingo 20 de agosto<\/strong> se llev\u00f3 a cabo la <strong>18\u00b0 Feria del Libro de Tandil<\/strong> en el predio de la <a rel=\"noreferrer noopener\" href=\"https:\/\/www.camaraempresaria.org.ar\" target=\"_blank\">C\u00e1mara Empresaria<\/a> (Mitre 856) y la <a rel=\"noreferrer noopener\" href=\"https:\/\/www.arte.unicen.edu.ar\" target=\"_blank\">Facultad de Arte<\/a> estuvo presente con todos los t\u00edtulos editados por su sello editorial <a rel=\"noreferrer noopener\" href=\"https:\/\/www.arte.unicen.edu.ar\/artepublicaciones\" target=\"_blank\">Arte Publicaciones<\/a>. La atenci\u00f3n al p\u00fablico del stand estuvo a cargo de <strong>Juan Manuel Torrens Errecart<\/strong> y <strong>Magdalena Cataldo<\/strong> -graduadxs de la instituci\u00f3n- y lxs asistentes pudieron personalizar e intervenir se\u00f1aladores ecol\u00f3gicos de papel reciclado fabricados por <strong>Yanina Jensen<\/strong> -Coordinadora del <strong>CDAB<\/strong>&#8211; a partir de fragmentos de archivos descatalogados.<\/p>\n\n\n\n<p>Asimismo, en el marco de este evento instalado en la agenda cultural de la ciudad, se presentaron <em><strong>El Teatro y la Historia. Volumen 1<\/strong><\/em> a cargo de la <strong>Dra. Julia Lavatelli<\/strong> y la <strong>Lic. Daniela Ferrari<\/strong> -Secretaria Acad\u00e9mica y Decana de la <a rel=\"noreferrer noopener\" href=\"https:\/\/www.arte.unicen.edu.ar\" target=\"_blank\">Facultad de Arte<\/a> respectivamente- y el <em>e-book<\/em> <em><strong>Traves\u00eda. Hacia una r\u00edtmica en la actuaci\u00f3n<\/strong><\/em> compilado por <strong>Bel\u00e9n Errendasoro<\/strong> con la participaci\u00f3n de <strong>Josefina Villama\u00f1e<\/strong>, texto originado en el marco del proyecto de investigaci\u00f3n <em>La experiencia r\u00edtmica en el arte del actor\/actriz. Aproximaciones te\u00f3rico-metodol\u00f3gicas a la problem\u00e1tica del ritmo desde la investigaci\u00f3n a trav\u00e9s de la pr\u00e1ctica art\u00edstica<\/em> (<a rel=\"noreferrer noopener\" href=\"https:\/\/www.arte.unicen.edu.ar\/secretarias\/investigacion-posgrado\/nucleos\/normativas-tecc\" target=\"_blank\">Grupo de Investigaci\u00f3n a trav\u00e9s de la Pr\u00e1ctica Art\u00edstica &#8211; GIAPA<\/a>).<\/p>\n\n\n\n<p>De esta manera, la Facultad llega a la comunidad con producciones sobre la pr\u00e1ctica art\u00edstica a cargo de sus docentes e investigadorxs, divulgando estudios relacionados al cine, las artes audiovisuales, el teatro, la historia de la cultura, la est\u00e9tica, la filosof\u00eda y la vinculaci\u00f3n de los artistas con su entorno y\/o territorio. Para conocer el cat\u00e1logo completo de <a rel=\"noreferrer noopener\" href=\"https:\/\/www.arte.unicen.edu.ar\/artepublicaciones\" target=\"_blank\">Arte Publicaciones<\/a> te invitamos a ingresar a su sitio web: <a rel=\"noreferrer noopener\" href=\"https:\/\/www.arte.unicen.edu.ar\/artepublicaciones\" target=\"_blank\">www.arte.unicen.edu.ar\/artepublicaciones<\/a><\/p>\n\n\n\n<p>Compartimos algunas notas publicadas por los medios de prensa locales:<\/p>\n\n\n\n<ul><li><a href=\"https:\/\/www.lavozdetandil.com.ar\/2023\/08\/18\/el-sello-editorial-de-la-facultad-de-arte--en-la-feria-del-libro\" target=\"_blank\" rel=\"noopener\"> La Voz de Tandil &#8211; El sello editorial de la Facultad de Arte, en la Feria del Libro<\/a><\/li><li><a href=\"https:\/\/eldiariodetandil.com\/2023\/08\/18\/el-sello-editorial-de-la-facultad-de-arte-esta-presente-en-la-feria-del-libro\" target=\"_blank\" rel=\"noopener\">El Diario de Tandil &#8211; El sello editorial de la Facultad de Arte, est\u00e1 presente en la Feria del Libro<\/a><\/li><li><a href=\"http:\/\/www.abchoy.com.ar\/leernota.php?id=193354&amp;titulo=daniela_ferrari_y_julia_lavatelli_presentan_el_libro_el_teatro_y_la_historia\" target=\"_blank\" rel=\"noopener\">ABCHoy &#8211; Daniela Ferrari y Julia Lavatelli presentan el libro &#8220;El Teatro y la Historia&#8221;<\/a><\/li><li><a href=\"https:\/\/www.eleco.com.ar\/la-ciudad\/asi-fue-el-cierre-de-la-18va-feria-del-libro-de-tandil\" target=\"_blank\" rel=\"noopener\">El Eco de Tandil &#8211; As\u00ed fue el cierre de la 18va Feria del Libro de Tandil<\/a><\/li><\/ul>\n\n\n\n<div style=\"margin: 45px auto;\" align=\"center\"><blockquote class=\"instagram-media\" data-instgrm-permalink=\"https:\/\/www.instagram.com\/reel\/CwQtw5ipw0t\/?utm_source=ig_embed&amp;utm_campaign=loading\" data-instgrm-version=\"14\" style=\" background:#FFF; border:0; border-radius:3px; box-shadow:0 0 1px 0 rgba(0,0,0,0.5),0 1px 10px 0 rgba(0,0,0,0.15); margin: 1px; max-width:540px; min-width:326px; padding:0; width:99.375%; width:-webkit-calc(100% - 2px); width:calc(100% - 2px);\"><div style=\"padding:16px;\"> <a href=\"https:\/\/www.instagram.com\/reel\/CwQtw5ipw0t\/?utm_source=ig_embed&amp;utm_campaign=loading\" style=\" background:#FFFFFF; line-height:0; padding:0 0; text-align:center; text-decoration:none; width:100%;\" target=\"_blank\" rel=\"noopener\"> <div style=\" display: flex; flex-direction: row; align-items: center;\"> <div style=\"background-color: #F4F4F4; border-radius: 50%; flex-grow: 0; height: 40px; margin-right: 14px; width: 40px;\"><\/div> <div style=\"display: flex; flex-direction: column; flex-grow: 1; justify-content: center;\"> <div style=\" background-color: #F4F4F4; border-radius: 4px; flex-grow: 0; height: 14px; margin-bottom: 6px; width: 100px;\"><\/div> <div style=\" background-color: #F4F4F4; border-radius: 4px; flex-grow: 0; height: 14px; width: 60px;\"><\/div><\/div><\/div><div style=\"padding: 19% 0;\"><\/div> <div style=\"display:block; height:50px; margin:0 auto 12px; width:50px;\"><svg width=\"50px\" height=\"50px\" viewBox=\"0 0 60 60\" version=\"1.1\" xmlns=\"https:\/\/www.w3.org\/2000\/svg\" xmlns:xlink=\"https:\/\/www.w3.org\/1999\/xlink\"><g stroke=\"none\" stroke-width=\"1\" fill=\"none\" fill-rule=\"evenodd\"><\/g><g transform=\"translate(-511.000000, -20.000000)\" fill=\"#000000\"><\/g><g><path d=\"M556.869,30.41 C554.814,30.41 553.148,32.076 553.148,34.131 C553.148,36.186 554.814,37.852 556.869,37.852 C558.924,37.852 560.59,36.186 560.59,34.131 C560.59,32.076 558.924,30.41 556.869,30.41 M541,60.657 C535.114,60.657 530.342,55.887 530.342,50 C530.342,44.114 535.114,39.342 541,39.342 C546.887,39.342 551.658,44.114 551.658,50 C551.658,55.887 546.887,60.657 541,60.657 M541,33.886 C532.1,33.886 524.886,41.1 524.886,50 C524.886,58.899 532.1,66.113 541,66.113 C549.9,66.113 557.115,58.899 557.115,50 C557.115,41.1 549.9,33.886 541,33.886 M565.378,62.101 C565.244,65.022 564.756,66.606 564.346,67.663 C563.803,69.06 563.154,70.057 562.106,71.106 C561.058,72.155 560.06,72.803 558.662,73.347 C557.607,73.757 556.021,74.244 553.102,74.378 C549.944,74.521 548.997,74.552 541,74.552 C533.003,74.552 532.056,74.521 528.898,74.378 C525.979,74.244 524.393,73.757 523.338,73.347 C521.94,72.803 520.942,72.155 519.894,71.106 C518.846,70.057 518.197,69.06 517.654,67.663 C517.244,66.606 516.755,65.022 516.623,62.101 C516.479,58.943 516.448,57.996 516.448,50 C516.448,42.003 516.479,41.056 516.623,37.899 C516.755,34.978 517.244,33.391 517.654,32.338 C518.197,30.938 518.846,29.942 519.894,28.894 C520.942,27.846 521.94,27.196 523.338,26.654 C524.393,26.244 525.979,25.756 528.898,25.623 C532.057,25.479 533.004,25.448 541,25.448 C548.997,25.448 549.943,25.479 553.102,25.623 C556.021,25.756 557.607,26.244 558.662,26.654 C560.06,27.196 561.058,27.846 562.106,28.894 C563.154,29.942 563.803,30.938 564.346,32.338 C564.756,33.391 565.244,34.978 565.378,37.899 C565.522,41.056 565.552,42.003 565.552,50 C565.552,57.996 565.522,58.943 565.378,62.101 M570.82,37.631 C570.674,34.438 570.167,32.258 569.425,30.349 C568.659,28.377 567.633,26.702 565.965,25.035 C564.297,23.368 562.623,22.342 560.652,21.575 C558.743,20.834 556.562,20.326 553.369,20.18 C550.169,20.033 549.148,20 541,20 C532.853,20 531.831,20.033 528.631,20.18 C525.438,20.326 523.257,20.834 521.349,21.575 C519.376,22.342 517.703,23.368 516.035,25.035 C514.368,26.702 513.342,28.377 512.574,30.349 C511.834,32.258 511.326,34.438 511.181,37.631 C511.035,40.831 511,41.851 511,50 C511,58.147 511.035,59.17 511.181,62.369 C511.326,65.562 511.834,67.743 512.574,69.651 C513.342,71.625 514.368,73.296 516.035,74.965 C517.703,76.634 519.376,77.658 521.349,78.425 C523.257,79.167 525.438,79.673 528.631,79.82 C531.831,79.965 532.853,80.001 541,80.001 C549.148,80.001 550.169,79.965 553.369,79.82 C556.562,79.673 558.743,79.167 560.652,78.425 C562.623,77.658 564.297,76.634 565.965,74.965 C567.633,73.296 568.659,71.625 569.425,69.651 C570.167,67.743 570.674,65.562 570.82,62.369 C570.966,59.17 571,58.147 571,50 C571,41.851 570.966,40.831 570.82,37.631\"><\/path><\/g><\/svg><\/div><div style=\"padding-top: 8px;\"> <div style=\" color:#3897f0; font-family:Arial,sans-serif; font-size:14px; font-style:normal; font-weight:550; line-height:18px;\">Ver esta publicaci\u00f3n en Instagram<\/div><\/div><div style=\"padding: 12.5% 0;\"><\/div> <div style=\"display: flex; flex-direction: row; margin-bottom: 14px; align-items: center;\"><div> <div style=\"background-color: #F4F4F4; border-radius: 50%; height: 12.5px; width: 12.5px; transform: translateX(0px) translateY(7px);\"><\/div> <div style=\"background-color: #F4F4F4; height: 12.5px; transform: rotate(-45deg) translateX(3px) translateY(1px); width: 12.5px; flex-grow: 0; margin-right: 14px; margin-left: 2px;\"><\/div> <div style=\"background-color: #F4F4F4; border-radius: 50%; height: 12.5px; width: 12.5px; transform: translateX(9px) translateY(-18px);\"><\/div><\/div><div style=\"margin-left: 8px;\"> <div style=\" background-color: #F4F4F4; border-radius: 50%; flex-grow: 0; height: 20px; width: 20px;\"><\/div> <div style=\" width: 0; height: 0; border-top: 2px solid transparent; border-left: 6px solid #f4f4f4; border-bottom: 2px solid transparent; transform: translateX(16px) translateY(-4px) rotate(30deg)\"><\/div><\/div><div style=\"margin-left: auto;\"> <div style=\" width: 0px; border-top: 8px solid #F4F4F4; border-right: 8px solid transparent; transform: translateY(16px);\"><\/div> <div style=\" background-color: #F4F4F4; flex-grow: 0; height: 12px; width: 16px; transform: translateY(-4px);\"><\/div> <div style=\" width: 0; height: 0; border-top: 8px solid #F4F4F4; border-left: 8px solid transparent; transform: translateY(-4px) translateX(8px);\"><\/div><\/div><\/div> <div style=\"display: flex; flex-direction: column; flex-grow: 1; justify-content: center; margin-bottom: 24px;\"> <div style=\" background-color: #F4F4F4; border-radius: 4px; flex-grow: 0; height: 14px; margin-bottom: 6px; width: 224px;\"><\/div> <div style=\" background-color: #F4F4F4; border-radius: 4px; flex-grow: 0; height: 14px; width: 144px;\"><\/div><\/div><\/a><p style=\" color:#c9c8cd; font-family:Arial,sans-serif; font-size:14px; line-height:17px; margin-bottom:0; margin-top:8px; overflow:hidden; padding:8px 0 7px; text-align:center; text-overflow:ellipsis; white-space:nowrap;\"><a href=\"https:\/\/www.instagram.com\/reel\/CwQtw5ipw0t\/?utm_source=ig_embed&amp;utm_campaign=loading\" style=\" color:#c9c8cd; font-family:Arial,sans-serif; font-size:14px; font-style:normal; font-weight:normal; line-height:17px; text-decoration:none;\" target=\"_blank\" rel=\"noopener\">Una publicaci\u00f3n compartida por Facultad de Arte UNICEN (@fac.arteunicen)<\/a><\/p><\/div><\/blockquote> <script async src=\"\/\/www.instagram.com\/embed.js\"><\/script><\/div>\n","protected":false},"excerpt":{"rendered":"<p>Del mi\u00e9rcoles 16 al domingo 20 de agosto se llev\u00f3 a cabo la 18\u00b0 Feria del Libro de Tandil en el predio de la C\u00e1mara Empresaria (Mitre 856) y la Facultad de Arte estuvo presente con todos los t\u00edtulos editados por su sello editorial Arte Publicaciones. La atenci\u00f3n al p\u00fablico del stand estuvo a cargo de Juan Manuel Torrens Errecart [&hellip;]<\/p>\n","protected":false},"author":1,"featured_media":28586,"comment_status":"closed","ping_status":"closed","sticky":false,"template":"","format":"standard","meta":{"_acf_changed":false,"footnotes":""},"categories":[1],"tags":[292,215,3995,288,294],"class_list":["post-28439","post","type-post","status-publish","format-standard","has-post-thumbnail","hentry","category-novedades","tag-arte-publicaciones","tag-facultad-de-arte","tag-feria-del-libro-tandil","tag-secretaria-de-investigacion-y-posgrado","tag-unicen"],"acf":[],"_links":{"self":[{"href":"https:\/\/www.arte.unicen.edu.ar\/cdab\/wp-json\/wp\/v2\/posts\/28439","targetHints":{"allow":["GET"]}}],"collection":[{"href":"https:\/\/www.arte.unicen.edu.ar\/cdab\/wp-json\/wp\/v2\/posts"}],"about":[{"href":"https:\/\/www.arte.unicen.edu.ar\/cdab\/wp-json\/wp\/v2\/types\/post"}],"author":[{"embeddable":true,"href":"https:\/\/www.arte.unicen.edu.ar\/cdab\/wp-json\/wp\/v2\/users\/1"}],"replies":[{"embeddable":true,"href":"https:\/\/www.arte.unicen.edu.ar\/cdab\/wp-json\/wp\/v2\/comments?post=28439"}],"version-history":[{"count":1,"href":"https:\/\/www.arte.unicen.edu.ar\/cdab\/wp-json\/wp\/v2\/posts\/28439\/revisions"}],"predecessor-version":[{"id":28668,"href":"https:\/\/www.arte.unicen.edu.ar\/cdab\/wp-json\/wp\/v2\/posts\/28439\/revisions\/28668"}],"wp:featuredmedia":[{"embeddable":true,"href":"https:\/\/www.arte.unicen.edu.ar\/cdab\/wp-json\/wp\/v2\/media\/28586"}],"wp:attachment":[{"href":"https:\/\/www.arte.unicen.edu.ar\/cdab\/wp-json\/wp\/v2\/media?parent=28439"}],"wp:term":[{"taxonomy":"category","embeddable":true,"href":"https:\/\/www.arte.unicen.edu.ar\/cdab\/wp-json\/wp\/v2\/categories?post=28439"},{"taxonomy":"post_tag","embeddable":true,"href":"https:\/\/www.arte.unicen.edu.ar\/cdab\/wp-json\/wp\/v2\/tags?post=28439"}],"curies":[{"name":"wp","href":"https:\/\/api.w.org\/{rel}","templated":true}]}}