{"id":28250,"date":"2023-08-09T09:52:00","date_gmt":"2023-08-09T12:52:00","guid":{"rendered":"https:\/\/www.arte.unicen.edu.ar\/cdab\/?p=28250"},"modified":"2023-08-09T09:56:02","modified_gmt":"2023-08-09T12:56:02","slug":"ultimos-dias-para-participar-en-la-muestra-archivo-abierto-por-el-35-aniversario-de-la-facultad-de-arte","status":"publish","type":"post","link":"https:\/\/www.arte.unicen.edu.ar\/cdab\/ultimos-dias-para-participar-en-la-muestra-archivo-abierto-por-el-35-aniversario-de-la-facultad-de-arte\/","title":{"rendered":"\u00a1\u00daltimos d\u00edas para participar en la muestra &#8220;Archivo Abierto&#8221; por el 35\u00b0 aniversario de la Facultad de Arte!"},"content":{"rendered":"\n<p>El 21 de octubre, la <a rel=\"noreferrer noopener\" href=\"https:\/\/www.arte.unicen.edu.ar\" target=\"_blank\">Facultad de Arte<\/a> festeja su <span style=\"color: #d23a48;\"><strong>35\u00ba aniversario<\/strong><\/span> ratificando su compromiso de <span style=\"color: #d23a48;\"><strong><em>formaci\u00f3n y producci\u00f3n art\u00edstica con memoria e identidad regional<\/em><\/strong><\/span>. En 1988 la Honorable Asamblea Universitaria resolv\u00eda por unanimidad la creaci\u00f3n de la <strong>Escuela Superior de Teatro<\/strong>, antecedente fundacional de la instituci\u00f3n que tiene como tarea fundamental formar profesionales integrales en el campo art\u00edstico a trav\u00e9s de una propuesta educativa con esp\u00edritu cr\u00edtico y compromiso ciudadano.<\/p>\n\n\n\n<p>Desde el <strong>Centro de Documentaci\u00f3n Audiovisual y Biblioteca (CDAB)<\/strong> reiteramos la invitaci\u00f3n a participar de la muestra <strong>&#8220;Archivo Abierto&#8221;<\/strong> con acciones de recuperaci\u00f3n de la memoria institucional y propuestas de intervenciones art\u00edstico-tecnol\u00f3gicas. Por ello, <span style=\"color: #855691;\"><strong>hasta el 25 de agosto invitamos a toda la comunidad a compartir sus materiales, producciones y recuerdos<\/strong><\/span> mediante el <strong>nuevo grupo de Facebook generado para tal fin:<\/strong> <a href=\"https:\/\/www.facebook.com\/groups\/6564162190309651\/\">https:\/\/www.facebook.com\/groups\/6564162190309651<\/a><\/p>\n\n\n\n<div style=\"margin: 30px auto; text-align: center; width: 100%;\"><a href=\"https:\/\/www.arte.unicen.edu.ar\/cdab\/wp-content\/uploads\/2023\/08\/cdabfa-qr-35anios.jpg\" data-fancybox=\"gallery\" data-caption=\"\u00a1\u00daltimos d\u00edas para participar en la muestra &#8220;Archivo Abierto&#8221; por el 35\u00b0 aniversario de la Facultad de Arte!\"><img loading=\"lazy\" decoding=\"async\" class=\"aligncenter size-medium wp-image-2866\" src=\"https:\/\/www.arte.unicen.edu.ar\/cdab\/wp-content\/uploads\/2023\/08\/cdabfa-qr-35anios-300x300.jpg\" alt=\"\u00a1Particip\u00e1 en la muestra 'Archivo Abierto' por el 35\u00b0 aniversario de la Facultad de Arte!\" title=\"\u00a1Particip\u00e1 en la muestra 'Archivo Abierto' por el 35\u00b0 aniversario de la Facultad de Arte!\" width=\"320\" height=\"320\" \/><\/a><div style=\"font-size: 12.5px; margin-top: 15px;\"><em>Escane\u00e1 el c\u00f3digo QR e ingres\u00e1 al grupo de Facebook.<\/em><\/div><\/div>\n\n\n\n<p>Quienes deseen formar parte de esta iniciativa podr\u00e1n enviar:<\/p>\n\n\n\n<ul style=\"margin: 30px 0px 30px 60px;\"><li><strong>Registros audiovisuales de obras teatrales estrenadas en el marco de la carrera Profesorado\/Licenciado en Teatro<\/strong><\/li>\n<li><strong>Cortometrajes y\/o producciones audiovisuales realizadas en el marco de la carrera Realizaci\u00f3n Integral en Artes Audiovisuales<\/strong> (deben ser obras completas, en su \u00faltimo corte de edici\u00f3n)<\/li>\n<li><strong>Registros audiovisuales de eventos acad\u00e9micos-institucionales<\/strong><\/li>\n<li><strong>Fotograf\u00edas de obras teatrales y\/o backstage de la carrera Profesorado\/Licenciado en Teatro<\/strong><\/li>\n<li><strong>Fotograf\u00edas de producciones y\/o backstage de la carrera Realizaci\u00f3n Integral en Artes Audiovisuales<\/strong><\/li>\n<li><strong>Fotograf\u00edas institucionales<\/strong><\/li>\n<li><strong>Guiones de obras teatrales y\/o cortometrajes<\/strong> (incluyendo materiales de trabajo intervenidos con anotaciones o marcaciones espec\u00edficas)<\/li>\n<li><strong>Documentos manuscritos<\/strong> (apuntes de clase, materiales de estudio, etc.)<\/li>\n<li><strong>Otros materiales<\/strong> (por ejemplo: vestuarios, escenograf\u00edas, objetos, dispositivos tecnol\u00f3gicos, etc.)<\/li><\/ul>\n\n\n\n<p><span style=\"color: #855691;\"><strong>Adem\u00e1s continuamos recibiendo materiales mediante el formulario disponible en nuestro sitio web:<\/strong><\/span> <a rel=\"noreferrer noopener\" href=\"https:\/\/www.arte.unicen.edu.ar\/cdab\/35fa\" target=\"_blank\">www.arte.unicen.edu.ar\/cdab\/35fa<\/a><\/p>\n\n\n\n<div class=\"container-newsbutton\" style=\"margin: 30px auto;\">\n<a class=\"cdab-newsbuttonlink\" href=\"https:\/\/www.arte.unicen.edu.ar\/cdab\/35fa\" target=\"_blank\" rel=\"noopener noreferrer\"><div class=\"cdab-cdab-newsbutton\">ACCEDER AL FORMULARIO PARA PARTICIPAR<\/div><\/a><\/div>\n\n\n\n<p>Esta iniciativa es coordinada junto con el <strong>Mg. Guillermo Dillon<\/strong>. Para m\u00e1s informaci\u00f3n acerca del cronograma y desarrollo de las reuniones de trabajo ingresar a: <a rel=\"noreferrer noopener\" href=\"https:\/\/www.arte.unicen.edu.ar\/category\/35-anos\" target=\"_blank\">www.arte.unicen.edu.ar\/category\/35-anos<\/a><\/p>\n","protected":false},"excerpt":{"rendered":"<p>El 21 de octubre, la Facultad de Arte festeja su 35\u00ba aniversario ratificando su compromiso de formaci\u00f3n y producci\u00f3n art\u00edstica con memoria e identidad regional. En 1988 la Honorable Asamblea Universitaria resolv\u00eda por unanimidad la creaci\u00f3n de la Escuela Superior de Teatro, antecedente fundacional de la instituci\u00f3n que tiene como tarea fundamental formar profesionales integrales en el campo art\u00edstico a [&hellip;]<\/p>\n","protected":false},"author":1,"featured_media":28255,"comment_status":"closed","ping_status":"closed","sticky":false,"template":"","format":"standard","meta":{"_acf_changed":false,"footnotes":""},"categories":[1],"tags":[3887,214,215,294],"class_list":["post-28250","post","type-post","status-publish","format-standard","has-post-thumbnail","hentry","category-novedades","tag-35-anios-fa","tag-cdab","tag-facultad-de-arte","tag-unicen"],"acf":[],"_links":{"self":[{"href":"https:\/\/www.arte.unicen.edu.ar\/cdab\/wp-json\/wp\/v2\/posts\/28250","targetHints":{"allow":["GET"]}}],"collection":[{"href":"https:\/\/www.arte.unicen.edu.ar\/cdab\/wp-json\/wp\/v2\/posts"}],"about":[{"href":"https:\/\/www.arte.unicen.edu.ar\/cdab\/wp-json\/wp\/v2\/types\/post"}],"author":[{"embeddable":true,"href":"https:\/\/www.arte.unicen.edu.ar\/cdab\/wp-json\/wp\/v2\/users\/1"}],"replies":[{"embeddable":true,"href":"https:\/\/www.arte.unicen.edu.ar\/cdab\/wp-json\/wp\/v2\/comments?post=28250"}],"version-history":[{"count":1,"href":"https:\/\/www.arte.unicen.edu.ar\/cdab\/wp-json\/wp\/v2\/posts\/28250\/revisions"}],"predecessor-version":[{"id":28287,"href":"https:\/\/www.arte.unicen.edu.ar\/cdab\/wp-json\/wp\/v2\/posts\/28250\/revisions\/28287"}],"wp:featuredmedia":[{"embeddable":true,"href":"https:\/\/www.arte.unicen.edu.ar\/cdab\/wp-json\/wp\/v2\/media\/28255"}],"wp:attachment":[{"href":"https:\/\/www.arte.unicen.edu.ar\/cdab\/wp-json\/wp\/v2\/media?parent=28250"}],"wp:term":[{"taxonomy":"category","embeddable":true,"href":"https:\/\/www.arte.unicen.edu.ar\/cdab\/wp-json\/wp\/v2\/categories?post=28250"},{"taxonomy":"post_tag","embeddable":true,"href":"https:\/\/www.arte.unicen.edu.ar\/cdab\/wp-json\/wp\/v2\/tags?post=28250"}],"curies":[{"name":"wp","href":"https:\/\/api.w.org\/{rel}","templated":true}]}}