{"id":28036,"date":"2023-08-18T13:10:00","date_gmt":"2023-08-18T16:10:00","guid":{"rendered":"https:\/\/www.arte.unicen.edu.ar\/cdab\/?p=28036"},"modified":"2023-08-17T13:29:14","modified_gmt":"2023-08-17T16:29:14","slug":"incorporamos-materiales-bibliograficos-donaciones-comunidad-fa","status":"publish","type":"post","link":"https:\/\/www.arte.unicen.edu.ar\/cdab\/incorporamos-materiales-bibliograficos-donaciones-comunidad-fa\/","title":{"rendered":"Incorporamos nuevos materiales bibliogr\u00e1ficos mediante m\u00faltiples donaciones de la comunidad acad\u00e9mica de la Facultad de Arte"},"content":{"rendered":"\n<p>Desde el <strong>Centro de Documentaci\u00f3n Audiovisual y Biblioteca (CDAB)<\/strong>&nbsp;de la&nbsp;<a rel=\"noreferrer noopener\" href=\"http:\/\/www.arte.unicen.edu.ar\/\" target=\"_blank\">Facultad de Arte<\/a>&nbsp;nos complace anunciar que continuamos ampliando el fondo bibliogr\u00e1fico gracias a <strong>donaciones<\/strong>, en esta oportunidad efectuadas por integrantes de nuestra comunidad acad\u00e9mica. Nuevamente reiteramos el agradecimiento a quienes generosamente nos brindan materiales de inter\u00e9s que proponen diversas reflexiones en torno al quehacer art\u00edstico para las carreras de grado y posgrado que se dictan en la instituci\u00f3n.<\/p>\n\n\n\n<p>La <strong>Dra. Julia Lavatelli<\/strong> -docente, investigadora y Secretaria Acad\u00e9mica de la\u00a0<a rel=\"noreferrer noopener\" href=\"https:\/\/www.arte.unicen.edu.ar\/\" target=\"_blank\">Facultad de Arte<\/a>,\u00a0<a rel=\"noreferrer noopener\" href=\"http:\/\/www.unicen.edu.ar\/\" target=\"_blank\">UNICEN<\/a>&#8211; nos don\u00f3 cuatro libros que analizan los espacios de representaci\u00f3n extraoccidentales (el espacio esc\u00e9nico visto desde diferentes pa\u00edses); el teatro moderno; las principales realizaciones teatrales actuales (naturalismo, teatro del absurdo, teatro-documento, teatro \u00e9pico, hist\u00f3rico, reportaje y provocaci\u00f3n); las pr\u00e1cticas teatrales durante la dictadura y su participaci\u00f3n en el establecimiento de las transiciones democr\u00e1ticas. Los t\u00edtulos que ingresan al \u00e1rea de biblioteca son:<\/p>\n\n\n\n<ul style=\"margin: 30px 0px 30px 45px;\"><li><a rel=\"noreferrer noopener\" href=\"https:\/\/www.arte.unicen.edu.ar\/cdab\/libros\/le-theatre-face-aux-dictatures-luttes-traces-memoires-argentine-bresil-chili\" target=\"_blank\">Le th\u00e9\u00e2tre face aux dictatures. Luttes, traces, m\u00e9moires (Argentine, Br\u00e9sil, Chili)<\/a> (2022) coordinado por B\u00e9r\u00e9nice Hamidi y Alexandra Moreira da Silva. Les Solitaires Intempestifs Editions.<\/li><li><a rel=\"noreferrer noopener\" href=\"https:\/\/www.arte.unicen.edu.ar\/cdab\/libros\/tendencias-del-teatro-actual\" target=\"_blank\">Tendencias del teatro actual<\/a> (1975) de Bernard Dort. Editorial Fundamentos.<\/li><li><a rel=\"noreferrer noopener\" href=\"https:\/\/www.arte.unicen.edu.ar\/cdab\/libros\/o-teatro-e-sua-realidade\" target=\"_blank\">O teatro e sua realidade<\/a> (2010) de Bernard Dort. Editora Perspectiva.<\/li><li><a rel=\"noreferrer noopener\" href=\"https:\/\/www.arte.unicen.edu.ar\/cdab\/libros\/decor-scenographie\" target=\"_blank\">Du d\u00e9cor \u00e0 la sc\u00e9nographie: anthologie comment\u00e9e de textes sur l\u2019espace sc\u00e9nique extra-occidental. Volumen 2<\/a> (2021) de Romain Fohr. \u00c9ditions L&#8217;Entretemps.<\/li><\/ul>\n\n\n\n<p>Por otra parte, la <strong>Prof. Sara Ram\u00edrez<\/strong> -docente de la carrera <a rel=\"noreferrer noopener\" href=\"https:\/\/www.arte.unicen.edu.ar\/carreras\/grado\/riaa\/perfil-del-egresado_\" target=\"_blank\">Realizaci\u00f3n Integral en Artes Audiovisuales<\/a>&#8211; nos entreg\u00f3 una selecci\u00f3n de textos que reflexionan acerca de la iluminaci\u00f3n teatral y diversas t\u00e9cnicas de maquillaje. Dichos volumenes son:<\/p>\n\n\n\n<ul style=\"margin: 30px 0px 30px 45px;\"><li><a rel=\"noreferrer noopener\" href=\"https:\/\/www.arte.unicen.edu.ar\/cdab\/libros\/diseno-de-iluminacion-teatral\" target=\"_blank\">Dise\u00f1o de iluminaci\u00f3n teatral<\/a> (1998) de Mauricio Rinaldi. Edicial.<\/li><li><a rel=\"noreferrer noopener\" href=\"https:\/\/www.arte.unicen.edu.ar\/cdab\/libros\/historia-de-la-filosofia-de-los-presocraticos-a-hegel\" target=\"_blank\">Historia de la filosof\u00eda (de los Presocr\u00e1ticos a Hegel)<\/a> (2006) de Arthur Schopenhauer. Quadrata.<\/li><li><a rel=\"noreferrer noopener\" href=\"https:\/\/www.arte.unicen.edu.ar\/cdab\/libros\/la-luz-en-el-teatro-manual-de-iluminacion\" target=\"_blank\">La luz en el teatro. Manual de iluminaci\u00f3n<\/a> (2005) de Eli Sirlin. Editorial INTeatro.<\/li><li><a rel=\"noreferrer noopener\" href=\"https:\/\/www.arte.unicen.edu.ar\/cdab\/libros\/nuevas-tecnicas-de-maquillaje-paso-a-paso\" target=\"_blank\">Nuevas t\u00e9cnicas de maquillaje paso a paso<\/a> (2009) de William V\u00e9rtiz Castilla. Lexus.<\/li><li><a rel=\"noreferrer noopener\" href=\"https:\/\/www.arte.unicen.edu.ar\/cdab\/libros\/saulo-benavente-ensayo-biografico\" target=\"_blank\">Saulo Benavente: ensayo biogr\u00e1fico<\/a> (2007) de Cora Roca. Editorial INTeatro.<\/li><li><strong>DVD: Make up. Automaquillaje paso a paso<\/strong>.<\/li><\/ul>\n\n\n\n<p>Desde el <a rel=\"noreferrer noopener\" href=\"https:\/\/www.indees.com.ar\" target=\"_blank\">Instituto de Estudios Escenogr\u00e1ficos en Artes Esc\u00e9nicas y Audiovisuales (INDEES)<\/a>, grupo de investigaci\u00f3n que forma parte del <a rel=\"noreferrer noopener\" href=\"https:\/\/www.arte.unicen.edu.ar\/secretarias\/investigacion-posgrado\/nucleos\/cid\" target=\"_blank\">Centro de Investigaciones Dram\u00e1ticas (CID)<\/a>, recibimos dos ejemplares editados por el <a rel=\"noreferrer noopener\" href=\"https:\/\/www.inteatro.ar\" target=\"_blank\">Instituto Nacional del Teatro (INT)<\/a>:<\/p>\n\n\n\n<ul style=\"margin: 30px 0px 30px 45px;\"><li><a rel=\"noreferrer noopener\" href=\"https:\/\/www.arte.unicen.edu.ar\/cdab\/libros\/antologia-de-obras-de-teatro-argentino-desde-sus-origenes-a-la-actualidad-tomo-xiv-1921-1930\" target=\"_blank\">Antolog\u00eda de obras de teatro argentino desde sus or\u00edgenes a la actualidad. Tomo XIV (1921-1930)<\/a> (2017) compilado por Beatriz Seibel. Editorial INTeatro.<\/li><li><a rel=\"noreferrer noopener\" href=\"https:\/\/www.arte.unicen.edu.ar\/cdab\/libros\/concurso-de-ensayos-sobre-teatro-celcit-40-aniversario-2\" target=\"_blank\">Concurso de ensayos sobre teatro. CELCIT &#8211; 40 aniversario<\/a> (2016) de AA.VV. Editorial INTeatro.<\/li><\/ul>\n\n\n\n<p>Por \u00faltimo, el <strong>Dr. Rub\u00e9n Dar\u00edo Maidana<\/strong> -docente de la carrera <a rel=\"noreferrer noopener\" href=\"https:\/\/www.arte.unicen.edu.ar\/carreras\/grado\/profesorado-de-teatro\/perfil-del-egresado_\" target=\"_blank\">Profesorado<\/a> y <a rel=\"noreferrer noopener\" href=\"https:\/\/www.arte.unicen.edu.ar\/carreras\/grado\/licenciado-en-teatro\/perfil-del-egresado_\" target=\"_blank\">Licenciado en Teatro<\/a> e investigador del <a rel=\"noreferrer noopener\" href=\"http:\/\/www.arte.unicen.edu.ar\/tecc\" target=\"_blank\">Centro de Estudios de Teatro, Educaci\u00f3n y Consumos Culturales (TECC)<\/a>&#8211; cedi\u00f3 un ejemplar de <a rel=\"noreferrer noopener\" href=\"https:\/\/www.arte.unicen.edu.ar\/cdab\/libros\/descubriendo-la-escena-entre-dramas-y-pelucas-peluqueria-teatral\" target=\"_blank\">Descubriendo la escena. Entre dramas y pelucas. Peluquer\u00eda teatral<\/a> (2022) de Sagra D\u00edaz Tirado, Mar Navarro G. y Ana M. P\u00e9rez Augusto, p\u00e1ginas mediante las que se realiza un breve repaso de la evoluci\u00f3n del peinado desde la antigua Grecia hasta el siglo XX, y se presentan t\u00e9cnicas y m\u00e9todos de trabajo de peluquer\u00eda.<\/p>\n\n\n\n<p>Los textos mencionados anteriormente estar\u00e1n&nbsp;<strong>disponibles para consulta pr\u00f3ximamente<\/strong>, cuando finalice el proceso de catalogaci\u00f3n por parte de&nbsp;<a rel=\"noreferrer noopener\" href=\"http:\/\/www.biblio.unicen.edu.ar\/\" target=\"_blank\">Biblioteca Central UNICEN<\/a>. Asimismo, recordamos a toda la comunidad que desde el mes de junio&nbsp;<a rel=\"noreferrer noopener\" href=\"https:\/\/www.arte.unicen.edu.ar\/cdab\/cdab-extiende-horario-atencion-al-publico\" target=\"_blank\">ampliamos nuestro horario de atenci\u00f3n al p\u00fablico<\/a> de <span style=\"color: #855691;\"><strong>lunes a viernes<\/strong><\/span> de <span style=\"color: #855691;\"><strong>9 a 19 hs.<\/strong><\/span><\/p>\n","protected":false},"excerpt":{"rendered":"<p>Desde el Centro de Documentaci\u00f3n Audiovisual y Biblioteca (CDAB)&nbsp;de la&nbsp;Facultad de Arte&nbsp;nos complace anunciar que continuamos ampliando el fondo bibliogr\u00e1fico gracias a donaciones, en esta oportunidad efectuadas por integrantes de nuestra comunidad acad\u00e9mica. Nuevamente reiteramos el agradecimiento a quienes generosamente nos brindan materiales de inter\u00e9s que proponen diversas reflexiones en torno al quehacer art\u00edstico para las carreras de grado y [&hellip;]<\/p>\n","protected":false},"author":1,"featured_media":28414,"comment_status":"closed","ping_status":"closed","sticky":false,"template":"","format":"standard","meta":{"_acf_changed":false,"footnotes":""},"categories":[1],"tags":[214,1017,2600,290,215,307,300,299],"class_list":["post-28036","post","type-post","status-publish","format-standard","has-post-thumbnail","hentry","category-novedades","tag-cdab","tag-tecc","tag-centro-de-investigaciones-dramaticas-cid","tag-donacion","tag-facultad-de-arte","tag-indees","tag-profesorado-y-licenciado-en-teatro","tag-realizacion-integral-en-artes-audiovisuales"],"acf":[],"_links":{"self":[{"href":"https:\/\/www.arte.unicen.edu.ar\/cdab\/wp-json\/wp\/v2\/posts\/28036","targetHints":{"allow":["GET"]}}],"collection":[{"href":"https:\/\/www.arte.unicen.edu.ar\/cdab\/wp-json\/wp\/v2\/posts"}],"about":[{"href":"https:\/\/www.arte.unicen.edu.ar\/cdab\/wp-json\/wp\/v2\/types\/post"}],"author":[{"embeddable":true,"href":"https:\/\/www.arte.unicen.edu.ar\/cdab\/wp-json\/wp\/v2\/users\/1"}],"replies":[{"embeddable":true,"href":"https:\/\/www.arte.unicen.edu.ar\/cdab\/wp-json\/wp\/v2\/comments?post=28036"}],"version-history":[{"count":2,"href":"https:\/\/www.arte.unicen.edu.ar\/cdab\/wp-json\/wp\/v2\/posts\/28036\/revisions"}],"predecessor-version":[{"id":28417,"href":"https:\/\/www.arte.unicen.edu.ar\/cdab\/wp-json\/wp\/v2\/posts\/28036\/revisions\/28417"}],"wp:featuredmedia":[{"embeddable":true,"href":"https:\/\/www.arte.unicen.edu.ar\/cdab\/wp-json\/wp\/v2\/media\/28414"}],"wp:attachment":[{"href":"https:\/\/www.arte.unicen.edu.ar\/cdab\/wp-json\/wp\/v2\/media?parent=28036"}],"wp:term":[{"taxonomy":"category","embeddable":true,"href":"https:\/\/www.arte.unicen.edu.ar\/cdab\/wp-json\/wp\/v2\/categories?post=28036"},{"taxonomy":"post_tag","embeddable":true,"href":"https:\/\/www.arte.unicen.edu.ar\/cdab\/wp-json\/wp\/v2\/tags?post=28036"}],"curies":[{"name":"wp","href":"https:\/\/api.w.org\/{rel}","templated":true}]}}