{"id":27727,"date":"2023-07-06T09:00:00","date_gmt":"2023-07-06T12:00:00","guid":{"rendered":"https:\/\/www.arte.unicen.edu.ar\/cdab\/?p=27727"},"modified":"2023-08-01T09:45:01","modified_gmt":"2023-08-01T12:45:01","slug":"25-agosto-participar-muestra-archivo-abierto-35-aniversario-fa","status":"publish","type":"post","link":"https:\/\/www.arte.unicen.edu.ar\/cdab\/25-agosto-participar-muestra-archivo-abierto-35-aniversario-fa\/","title":{"rendered":"\u00a1Hasta el 25 de agosto ten\u00e9s tiempo de participar en la muestra &#8220;Archivo Abierto&#8221; por el 35\u00b0 aniversario de la Facultad de Arte!"},"content":{"rendered":"\n<p>Este a\u00f1o la <a rel=\"noreferrer noopener\" href=\"https:\/\/www.arte.unicen.edu.ar\" target=\"_blank\">Facultad de Arte<\/a> festeja su <strong>35\u00ba aniversario<\/strong> ratificando su compromiso de <em><strong>formaci\u00f3n y producci\u00f3n art\u00edstica con memoria e identidad regional<\/strong><\/em>. Como parte de la agenda colectiva de actividades, desde el <strong>Centro de Documentaci\u00f3n Audiovisual y Biblioteca (CDAB)<\/strong> junto con el <strong>Mg. Guillermo Dillon<\/strong> estamos trabajando en la organizaci\u00f3n de la muestra <strong>&#8220;Archivo Abierto&#8221;<\/strong> con acciones de recuperaci\u00f3n de la memoria institucional y propuestas de intervenciones art\u00edstico-tecnol\u00f3gicas.<\/p>\n\n\n\n<p>Por este motivo, <span style=\"color: #855691;\"><strong>hasta el 25 de agosto invitamos a toda la comunidad a compartir sus materiales, producciones y recuerdos<\/strong><\/span> mediante el formulario disponible en: <a rel=\"noreferrer noopener\" href=\"https:\/\/www.arte.unicen.edu.ar\/cdab\/35fa\" target=\"_blank\">www.arte.unicen.edu.ar\/cdab\/35fa<\/a><\/p>\n\n\n\n<div class=\"container-newsbutton\" style=\"margin: 30px auto;\">\n<a class=\"cdab-newsbuttonlink\" href=\"https:\/\/www.arte.unicen.edu.ar\/cdab\/35fa\" target=\"_blank\" rel=\"noopener noreferrer\"><div class=\"cdab-cdab-newsbutton\">ACCEDER AL FORMULARIO PARA PARTICIPAR<\/div><\/a><\/div>\n\n\n\n<p>Quienes deseen formar parte de esta iniciativa podr\u00e1n enviar:<\/p>\n\n\n\n<ul class=\"wp-block-list\">\n<li><strong>Registros audiovisuales de obras teatrales estrenadas en el marco de la carrera Profesorado\/Licenciado en Teatro<\/strong><\/li>\n\n\n\n<li><strong>Cortometrajes y\/o producciones audiovisuales realizadas en el marco de la carrera Realizaci\u00f3n Integral en Artes Audiovisuales<\/strong> (deben ser obras completas, en su \u00faltimo corte de edici\u00f3n)<\/li>\n\n\n\n<li><strong>Registros audiovisuales de eventos acad\u00e9micos-institucionales<\/strong><\/li>\n\n\n\n<li><strong>Fotograf\u00edas de obras teatrales y\/o backstage de la carrera Profesorado\/Licenciado en Teatro<\/strong><\/li>\n\n\n\n<li><strong>Fotograf\u00edas de producciones y\/o backstage de la carrera Realizaci\u00f3n Integral en Artes Audiovisuales<\/strong><\/li>\n\n\n\n<li><strong>Fotograf\u00edas institucionales<\/strong><\/li>\n\n\n\n<li><strong>Guiones de obras teatrales y\/o cortometrajes<\/strong> (incluyendo materiales de trabajo intervenidos con anotaciones o marcaciones espec\u00edficas)<\/li>\n\n\n\n<li><strong>Documentos manuscritos<\/strong> (apuntes de clase, materiales de estudio, etc.)<\/li>\n\n\n\n<li><strong>Otros materiales<\/strong> (por ejemplo: vestuarios, escenograf\u00edas, objetos, dispositivos tecnol\u00f3gicos, etc.)<\/li>\n<\/ul>\n\n\n\n<div style=\"margin: 30px auto; text-align: center; width: 100%;\"><a href=\"https:\/\/www.arte.unicen.edu.ar\/cdab\/wp-content\/uploads\/2023\/07\/flyer-convocatoria-35aniosfa.jpg\" data-fancybox=\"gallery\" data-caption=\"\u00a1Hasta el 25 de agosto ten\u00e9s tiempo de participar en la muestra &#8220;Archivo Abierto&#8221; por el 35\u00b0 aniversario de la Facultad de Arte!\"><img loading=\"lazy\" decoding=\"async\" class=\"aligncenter size-medium wp-image-2866\" src=\"https:\/\/www.arte.unicen.edu.ar\/cdab\/wp-content\/uploads\/2023\/07\/flyer-convocatoria-35aniosfa-600x600.jpg\" alt=\"\u00a1Hasta el 25 de agosto ten\u00e9s tiempo de participar en la muestra 'Archivo Abierto' por el 35\u00b0 aniversario de la Facultad de Arte!\" title=\"\u00a1Hasta el 25 de agosto ten\u00e9s tiempo de participar en la muestra 'Archivo Abierto' por el 35\u00b0 aniversario de la Facultad de Arte!\" width=\"600\" height=\"600\" \/><\/a><div style=\"font-size: 12.5px; margin-top: 15px;\"><em><u>Dise\u00f1o:<\/u> Comunicaci\u00f3n (FA, UNICEN).<\/em><\/div><\/div>\n\n\n\n<p>Compartimos notas de prensa de esta iniciativa: <a href=\"https:\/\/eldiariodetandil.com\/2023\/07\/31\/archivo-abierto-buscan-recuperar-la-historia-de-la-facultad-de-arte\" target=\"_blank\" rel=\"noreferrer noopener\">www.eldiariodetandil.com\/2023\/07\/31\/archivo-abierto-buscan-recuperar-la-historia-de-la-facultad-de-arte<\/a><\/p>\n\n\n\n<p>Para m\u00e1s informaci\u00f3n acerca del cronograma y desarrollo de las reuniones de trabajo ingresar a: <a rel=\"noreferrer noopener\" href=\"https:\/\/www.arte.unicen.edu.ar\/category\/35-anos\" target=\"_blank\">www.arte.unicen.edu.ar\/category\/35-anos<\/a><\/p>\n","protected":false},"excerpt":{"rendered":"<p>Este a\u00f1o la Facultad de Arte festeja su 35\u00ba aniversario ratificando su compromiso de formaci\u00f3n y producci\u00f3n art\u00edstica con memoria e identidad regional. Como parte de la agenda colectiva de actividades, desde el Centro de Documentaci\u00f3n Audiovisual y Biblioteca (CDAB) junto con el Mg. Guillermo Dillon estamos trabajando en la organizaci\u00f3n de la muestra &#8220;Archivo Abierto&#8221; con acciones de recuperaci\u00f3n [&hellip;]<\/p>\n","protected":false},"author":1,"featured_media":27729,"comment_status":"closed","ping_status":"closed","sticky":false,"template":"","format":"standard","meta":{"_acf_changed":false,"footnotes":""},"categories":[1],"tags":[3887,214,215,294],"class_list":["post-27727","post","type-post","status-publish","format-standard","has-post-thumbnail","hentry","category-novedades","tag-35-anios-fa","tag-cdab","tag-facultad-de-arte","tag-unicen"],"acf":[],"_links":{"self":[{"href":"https:\/\/www.arte.unicen.edu.ar\/cdab\/wp-json\/wp\/v2\/posts\/27727","targetHints":{"allow":["GET"]}}],"collection":[{"href":"https:\/\/www.arte.unicen.edu.ar\/cdab\/wp-json\/wp\/v2\/posts"}],"about":[{"href":"https:\/\/www.arte.unicen.edu.ar\/cdab\/wp-json\/wp\/v2\/types\/post"}],"author":[{"embeddable":true,"href":"https:\/\/www.arte.unicen.edu.ar\/cdab\/wp-json\/wp\/v2\/users\/1"}],"replies":[{"embeddable":true,"href":"https:\/\/www.arte.unicen.edu.ar\/cdab\/wp-json\/wp\/v2\/comments?post=27727"}],"version-history":[{"count":1,"href":"https:\/\/www.arte.unicen.edu.ar\/cdab\/wp-json\/wp\/v2\/posts\/27727\/revisions"}],"predecessor-version":[{"id":28069,"href":"https:\/\/www.arte.unicen.edu.ar\/cdab\/wp-json\/wp\/v2\/posts\/27727\/revisions\/28069"}],"wp:featuredmedia":[{"embeddable":true,"href":"https:\/\/www.arte.unicen.edu.ar\/cdab\/wp-json\/wp\/v2\/media\/27729"}],"wp:attachment":[{"href":"https:\/\/www.arte.unicen.edu.ar\/cdab\/wp-json\/wp\/v2\/media?parent=27727"}],"wp:term":[{"taxonomy":"category","embeddable":true,"href":"https:\/\/www.arte.unicen.edu.ar\/cdab\/wp-json\/wp\/v2\/categories?post=27727"},{"taxonomy":"post_tag","embeddable":true,"href":"https:\/\/www.arte.unicen.edu.ar\/cdab\/wp-json\/wp\/v2\/tags?post=27727"}],"curies":[{"name":"wp","href":"https:\/\/api.w.org\/{rel}","templated":true}]}}