{"id":2712,"date":"2017-12-01T09:21:00","date_gmt":"2017-12-01T12:21:00","guid":{"rendered":"http:\/\/www.arte.unicen.edu.ar\/cdab\/?p=2712"},"modified":"2018-09-20T15:01:28","modified_gmt":"2018-09-20T18:01:28","slug":"la-escalera-el-anuario-de-la-facultad-de-arte-distinguido-en-los-premios-teatro-del-mundo","status":"publish","type":"post","link":"https:\/\/www.arte.unicen.edu.ar\/cdab\/la-escalera-el-anuario-de-la-facultad-de-arte-distinguido-en-los-premios-teatro-del-mundo\/","title":{"rendered":"&#8220;La Escalera&#8221;, el anuario de la Facultad de Arte, distinguido en los Premios Teatro del Mundo"},"content":{"rendered":"<p>Este jueves 30 de noviembre, en la Sala Batato Barea del Centro Cultural Rector Ricardo Rojas (Corrientes 2038, CABA), se llev\u00f3 a cabo la <strong>XX Entrega de los Premios Teatro del Mundo<\/strong> que destaca la excelencia en diferentes \u00e1reas de la actividad teatral argentina e internacional en el per\u00edodo de octubre de 2016 a setiembre de 2017 inclusive. En el marco de este acto <a href=\"http:\/\/www.ojs.arte.unicen.edu.ar\/index.php\/laescalera\" target=\"_blank\" rel=\"noopener noreferrer\">La Escalera<\/a>, el anuario de la <a href=\"http:\/\/www.arte.unicen.edu.ar\" target=\"_blank\" rel=\"noopener noreferrer\">Facultad de Arte<\/a>, fue distinguido en el rubro revista en soporte papel\/virtual.<\/p>\n<p>En la misma categor\u00eda, al igual que a la publicaci\u00f3n de nuestra Unidad acad\u00e9mica, se le entregaron reconocimientos a la publicaci\u00f3n <em>Cuadernos del Picadero<\/em> del Instituto Nacional del Teatro; el <em>Anuario de Est\u00e9tica y Artes<\/em> del GIE (Universidad Nacional de Mar del Plata); <em>MATEO<\/em> de AINCRIT; <em>Radar<\/em>, el suplemento del matutino P\u00e1gina\/12; e <em>IECE Revista Digital<\/em> (Mar del Plata); entre otras publicaciones.<\/p>\n<p>En representaci\u00f3n de la publicaci\u00f3n asisti\u00f3 al evento la <strong>Prof. Mariana Gardey<\/strong>, que forma parte del cuerpo docente de las carreras de <a href=\"http:\/\/www.arte.unicen.edu.ar\/carreras\/grado\/profesorado-de-teatro\" target=\"_blank\" rel=\"noopener noreferrer\">Profesorado<\/a>,\u00a0<a href=\"http:\/\/www.arte.unicen.edu.ar\/carreras\/grado\/licenciado-en-teatro\" target=\"_blank\" rel=\"noopener noreferrer\">Licenciado en Teatro<\/a> y <a href=\"http:\/\/www.arte.unicen.edu.ar\/carreras\/grado\/realizacion-integral-en-artes-audiovisuales\" target=\"_blank\" rel=\"noopener noreferrer\">Realizaci\u00f3n Integral en Artes Audiovisuales<\/a> de la <a href=\"http:\/\/www.arte.unicen.edu.ar\" target=\"_blank\" rel=\"noopener noreferrer\">Facultad de Arte<\/a>.<\/p>\n<table style=\"margin: 10px auto;\">\n<tbody>\n<tr>\n<td style=\"padding-right: 55px;\"><a href=\"http:\/\/www.arte.unicen.edu.ar\/cdab\/wp-content\/uploads\/2017\/12\/mariana-gardey-1.jpg\" data-fancybox=\"gallery\" data-caption=\"&#8220;La Escalera&#8221;, el anuario de la Facultad de Arte, distinguido en los Premios Teatro del Mundo\"><img loading=\"lazy\" decoding=\"async\" class=\"aligncenter size-medium wp-image-2786\" src=\"http:\/\/www.arte.unicen.edu.ar\/cdab\/wp-content\/uploads\/2017\/12\/mariana-gardey-1-338x600.jpg\" alt=\"\" width=\"225\" height=\"400\" srcset=\"https:\/\/www.arte.unicen.edu.ar\/cdab\/wp-content\/uploads\/2017\/12\/mariana-gardey-1-338x600.jpg 338w, https:\/\/www.arte.unicen.edu.ar\/cdab\/wp-content\/uploads\/2017\/12\/mariana-gardey-1-576x1024.jpg 576w, https:\/\/www.arte.unicen.edu.ar\/cdab\/wp-content\/uploads\/2017\/12\/mariana-gardey-1-169x300.jpg 169w, https:\/\/www.arte.unicen.edu.ar\/cdab\/wp-content\/uploads\/2017\/12\/mariana-gardey-1.jpg 720w\" sizes=\"auto, (max-width: 225px) 100vw, 225px\" \/><\/a><\/td>\n<td style=\"padding-left: 55px;\"><a href=\"http:\/\/www.arte.unicen.edu.ar\/cdab\/wp-content\/uploads\/2017\/12\/mariana-gardey-2.jpg\" data-fancybox=\"gallery\" data-caption=\"&#8220;La Escalera&#8221;, el anuario de la Facultad de Arte, distinguido en los Premios Teatro del Mundo\"><img loading=\"lazy\" decoding=\"async\" class=\"aligncenter size-medium wp-image-2787\" src=\"http:\/\/www.arte.unicen.edu.ar\/cdab\/wp-content\/uploads\/2017\/12\/mariana-gardey-2-357x600.jpg\" alt=\"\" width=\"238\" height=\"400\" srcset=\"https:\/\/www.arte.unicen.edu.ar\/cdab\/wp-content\/uploads\/2017\/12\/mariana-gardey-2-357x600.jpg 357w, https:\/\/www.arte.unicen.edu.ar\/cdab\/wp-content\/uploads\/2017\/12\/mariana-gardey-2-610x1024.jpg 610w, https:\/\/www.arte.unicen.edu.ar\/cdab\/wp-content\/uploads\/2017\/12\/mariana-gardey-2-179x300.jpg 179w, https:\/\/www.arte.unicen.edu.ar\/cdab\/wp-content\/uploads\/2017\/12\/mariana-gardey-2.jpg 762w\" sizes=\"auto, (max-width: 238px) 100vw, 238px\" \/><\/a><\/td>\n<\/tr>\n<tr>\n<td colspan=\"2\" style=\"font-size: 12px; text-align: center; padding-bottom: 20px;\"><i>La Prof. Mariana Gardey recibi\u00f3 la distinci\u00f3n a <strong>La Escalera<\/strong> en los <strong>Premios Teatro del Mundo<\/strong>.<\/i><\/td>\n<\/tr>\n<\/tbody>\n<\/table>\n<p>Para m\u00e1s informaci\u00f3n acerca del jurado\u00a0correspondiente\u00a0a cada zona del pa\u00eds y los restantes rubros que se premiaron en el evento lo invitamos a descargar el siguiente documento&#8230;<\/p>\n<div class=\"container-newsbutton\">\n<div class=\"cdab-pdf-newsbutton\"><a class=\"cdab-newsbuttonlink\" href=\"\/cdab\/wp-content\/uploads\/2017\/12\/premios-teatro-del-mundo-2017.pdf\" target=\"_blank\" rel=\"noopener noreferrer\">Trabajos destacados en Premios Teatro del Mundo 2017<\/a><\/div>\n<\/div>\n<h3>Acerca de La Escalera<\/h3>\n<p><a href=\"http:\/\/www.ojs.arte.unicen.edu.ar\/index.php\/laescalera\" target=\"_blank\" rel=\"noopener noreferrer\">La Escalera<\/a> es una publicaci\u00f3n anual de la <a href=\"http:\/\/www.arte.unicen.edu.ar\" target=\"_blank\" rel=\"noopener noreferrer\">Facultad de Arte<\/a> que tiene como objetivo abrir un espacio para el debate sobre la producci\u00f3n y el consumo cultural. El comit\u00e9 editorial recibe todas las contribuciones que enriquezcan el campo del quehacer art\u00edstico-teatral y audiovisual. <a href=\"http:\/\/www.ojs.arte.unicen.edu.ar\/index.php\/laescalera\" target=\"_blank\" rel=\"noopener noreferrer\">La Escalera<\/a> se encuentra <a href=\"http:\/\/www.latindex.org\/latindex\/ficha?folio=15908\" target=\"_blank\" rel=\"noopener noreferrer\">indexada en Latindex<\/a> (ISSN: 1515-8349).<\/p>\n<p>En caso de que Ud. est\u00e9 interesado en publicar un art\u00edculo, rese\u00f1a o trabajo de investigaci\u00f3n en <a href=\"http:\/\/www.ojs.arte.unicen.edu.ar\/index.php\/laescalera\" target=\"_blank\" rel=\"noopener noreferrer\">La Escalera<\/a> lo invitamos a revisar las <a href=\"http:\/\/www.ojs.arte.unicen.edu.ar\/index.php\/laescalera\/about\/submissions#authorGuidelines\" target=\"_blank\" rel=\"noopener noreferrer\">normativas<\/a>\u00a0y <a href=\"http:\/\/ojs.arte.unicen.edu.ar\/index.php\/laescalera\/user\/register\" target=\"_blank\" rel=\"noopener noreferrer\">crear un usuario en el sitio<\/a>.<\/p>\n<p>Para m\u00e1s informaci\u00f3n, visite el sitio web oficial en: <a href=\"http:\/\/www.ojs.arte.unicen.edu.ar\/index.php\/laescalera\" target=\"_blank\" rel=\"noopener noreferrer\">www.ojs.arte.unicen.edu.ar\/index.php\/laescalera<\/a><\/p>\n<h3>Acerca de los Premios Teatro del Mundo<\/h3>\n<p>El <strong>Premio Teatro del Mundo<\/strong> es una distinci\u00f3n que otorga el <strong>Centro Cultural Rector Ricardo Rojas<\/strong> de la <strong>UBA<\/strong> desde 1998. En su vig\u00e9sima edici\u00f3n, integran el Jurado 82 investigadores y cr\u00edticos teatrales que trabajan en la <strong>UBA<\/strong> y especialistas invitados de CABA y diversas ciudades y provincias del pa\u00eds. El objetivo es destacar la excelencia en diferentes \u00e1reas de la actividad teatral argentina e internacional en el per\u00edodo de octubre de 2016 a setiembre de 2017 inclusive. Este Premio se diferencia de otras distinciones porque incluye Trabajos Destacados (no nominaciones) y un Premio Mayor en cada rubro. Entre los rubros originales sobresalen Adaptaci\u00f3n, Espect\u00e1culos Extranjeros, Traducci\u00f3n, Ensay\u00edstica, Labor en Edici\u00f3n, Revistas, Fotograf\u00eda Teatral, Dise\u00f1o de T\u00edteres, Objetos, Accesorios y Mecanismos Esc\u00e9nicos, Teatro para Ni\u00f1os, as\u00ed como Premios Especiales de la actividad en provincia, este a\u00f1o Teatro en Tandil, Teatro en Bah\u00eda Blanca, Teatro en Entre R\u00edos, Teatro en Patagonia Norte, Teatro en San Juan y Teatro en Mar del Plata. La entrega de las distinciones se realiza, como todos estos a\u00f1os, en el marco de las Jornadas Nacionales de Teatro Comparado, en esta ocasi\u00f3n en la vig\u00e9simo tercera edici\u00f3n de las Jornadas Nacionales.<\/p>\n","protected":false},"excerpt":{"rendered":"<p>Este jueves 30 de noviembre, en la Sala Batato Barea del Centro Cultural Rector Ricardo Rojas (Corrientes 2038, CABA), se llev\u00f3 a cabo la XX Entrega de los Premios Teatro del Mundo que destaca la excelencia en diferentes \u00e1reas de la actividad teatral argentina e internacional en el per\u00edodo de octubre de 2016 a setiembre de 2017 inclusive. En el [&hellip;]<\/p>\n","protected":false},"author":1,"featured_media":2713,"comment_status":"open","ping_status":"open","sticky":false,"template":"","format":"standard","meta":{"_acf_changed":false,"footnotes":""},"categories":[1],"tags":[292,215,296],"class_list":["post-2712","post","type-post","status-publish","format-standard","has-post-thumbnail","hentry","category-novedades","tag-arte-publicaciones","tag-facultad-de-arte","tag-la-escalera"],"acf":[],"_links":{"self":[{"href":"https:\/\/www.arte.unicen.edu.ar\/cdab\/wp-json\/wp\/v2\/posts\/2712","targetHints":{"allow":["GET"]}}],"collection":[{"href":"https:\/\/www.arte.unicen.edu.ar\/cdab\/wp-json\/wp\/v2\/posts"}],"about":[{"href":"https:\/\/www.arte.unicen.edu.ar\/cdab\/wp-json\/wp\/v2\/types\/post"}],"author":[{"embeddable":true,"href":"https:\/\/www.arte.unicen.edu.ar\/cdab\/wp-json\/wp\/v2\/users\/1"}],"replies":[{"embeddable":true,"href":"https:\/\/www.arte.unicen.edu.ar\/cdab\/wp-json\/wp\/v2\/comments?post=2712"}],"version-history":[{"count":3,"href":"https:\/\/www.arte.unicen.edu.ar\/cdab\/wp-json\/wp\/v2\/posts\/2712\/revisions"}],"predecessor-version":[{"id":3772,"href":"https:\/\/www.arte.unicen.edu.ar\/cdab\/wp-json\/wp\/v2\/posts\/2712\/revisions\/3772"}],"wp:featuredmedia":[{"embeddable":true,"href":"https:\/\/www.arte.unicen.edu.ar\/cdab\/wp-json\/wp\/v2\/media\/2713"}],"wp:attachment":[{"href":"https:\/\/www.arte.unicen.edu.ar\/cdab\/wp-json\/wp\/v2\/media?parent=2712"}],"wp:term":[{"taxonomy":"category","embeddable":true,"href":"https:\/\/www.arte.unicen.edu.ar\/cdab\/wp-json\/wp\/v2\/categories?post=2712"},{"taxonomy":"post_tag","embeddable":true,"href":"https:\/\/www.arte.unicen.edu.ar\/cdab\/wp-json\/wp\/v2\/tags?post=2712"}],"curies":[{"name":"wp","href":"https:\/\/api.w.org\/{rel}","templated":true}]}}