{"id":26984,"date":"2023-05-29T11:00:00","date_gmt":"2023-05-29T14:00:00","guid":{"rendered":"https:\/\/www.arte.unicen.edu.ar\/cdab\/?p=26984"},"modified":"2023-11-01T11:52:15","modified_gmt":"2023-11-01T14:52:15","slug":"mauricio-kartun-doctor-honoris-causa-conferencia-tandil-estetica-y-poetica","status":"publish","type":"post","link":"https:\/\/www.arte.unicen.edu.ar\/cdab\/mauricio-kartun-doctor-honoris-causa-conferencia-tandil-estetica-y-poetica\/","title":{"rendered":"Ante un auditorio colmado, Mauricio Kartun recibi\u00f3 el t\u00edtulo Doctor Honoris Causa y brind\u00f3 la conferencia &#8220;Tandil, est\u00e9tica y po\u00e9tica. Su presencia en mi obra&#8221;"},"content":{"rendered":"\n<p>Con la presencia de autoridades y secretarixs de la <a rel=\"noreferrer noopener\" href=\"https:\/\/www.arte.unicen.edu.ar\" target=\"_blank\">Facultad de Arte<\/a>, la <a rel=\"noreferrer noopener\" href=\"http:\/\/www.unicen.edu.ar\" target=\"_blank\">Universidad Nacional del Centro de la Provincia de Buenos Aires<\/a> y las distintas Unidades Acad\u00e9micas, como as\u00ed tambi\u00e9n docentes, investigadorxs, graduadxs, estudiantes, no docentes, referentes del quehacer teatral\/cultural y p\u00fablico en general, el <strong>mi\u00e9rcoles 17 de mayo<\/strong> a las <strong>18 hs.<\/strong> se llev\u00f3 a cabo la <strong>entrega del t\u00edtulo Doctor Honoris Causa<\/strong> al maestro, dramaturgo y profesor <strong>Mauricio Kartun<\/strong>. El acto protocolar, en el marco de las celebraciones por el <strong>trig\u00e9simo quinto aniversario<\/strong> de creaci\u00f3n de la <strong>Escuela Superior de Teatro<\/strong> -antecendente fundacional de la <a rel=\"noreferrer noopener\" href=\"https:\/\/www.arte.unicen.edu.ar\" target=\"_blank\">Facultad de Arte<\/a>-, tuvo lugar en el <strong>Aula Magna<\/strong> de la <a rel=\"noreferrer noopener\" href=\"http:\/\/www.unicen.edu.ar\" target=\"_blank\">UNICEN<\/a> y fue presidido por el Rector, <strong>Dr. Marcelo Aba<\/strong>, junto a la Decana de la <a rel=\"noreferrer noopener\" href=\"https:\/\/www.arte.unicen.edu.ar\" target=\"_blank\">Facultad<\/a>, <strong>Lic. Daniela Ferrari<\/strong>.<\/p>\n\n\n\n<p>Luego de las palabras de bienvenida y las salutaciones protocolares, se agradecieron las adhesiones de la <strong>Lic. Gabriela Gamberini<\/strong> (Decana de la <a rel=\"noreferrer noopener\" href=\"https:\/\/www.soc.unicen.edu.ar\" target=\"_blank\">Facultad de Ciencias Sociales<\/a>, <a rel=\"noreferrer noopener\" href=\"http:\/\/www.unicen.edu.ar\" target=\"_blank\">UNICEN<\/a>), el <strong>Mg. Jhon Boretto<\/strong> (Rector de la <a rel=\"noreferrer noopener\" href=\"https:\/\/www.unc.edu.ar\" target=\"_blank\">Universidad Nacional de C\u00f3rdoba<\/a>), la <strong>Prof. Marisa Rovera<\/strong> (Rectora de la <a rel=\"noreferrer noopener\" href=\"https:\/\/www.unrc.edu.ar\" target=\"_blank\">Universidad Nacional de R\u00edo Cuarto<\/a>), el <strong>Cr. Andr\u00e9s Ernesto Sabella<\/strong> (Rector de la <a rel=\"noreferrer noopener\" href=\"https:\/\/www.uner.edu.ar\" target=\"_blank\">Universidad Nacional de Entre R\u00edos<\/a>), el <strong>Lic. Pablo Mat\u00edas Domenichini<\/strong> (Rector de la <a rel=\"noreferrer noopener\" href=\"https:\/\/www.unab.edu.ar\" target=\"_blank\">Universidad Nacional Guillermo Brown<\/a>), el <strong>Ing. H\u00e9ctor Rub\u00e9n Paz<\/strong> (Rector de la <a rel=\"noreferrer noopener\" href=\"https:\/\/www.unse.edu.ar\" target=\"_blank\">Universidad Nacional de Santiago del Estero<\/a>), el <strong>Dr. David Rivarola<\/strong> (Rector de la <a rel=\"noreferrer noopener\" href=\"https:\/\/www.unvime.edu.ar\" target=\"_blank\">Universidad Nacional de Villa Mercedes<\/a>), el <strong>Dr. Enrique Jos\u00e9 Mammarella<\/strong> (Rector de la <a rel=\"noreferrer noopener\" href=\"https:\/\/www.unl.edu.ar\" target=\"_blank\">Universidad Nacional del Litoral<\/a>) y el <strong>Lic. Walter Fabi\u00e1n Panessi<\/strong> (Rector de la <a rel=\"noreferrer noopener\" href=\"https:\/\/www.unlu.edu.ar\" target=\"_blank\">Universidad Nacional de Luj\u00e1n<\/a>), quienes de esta manera formaron parte de la ceremonia.<\/p>\n\n\n\n<p>El Rector de la Universidad se\u00f1al\u00f3 que el t\u00edtulo <strong>Doctor Honoris Causa<\/strong> es el m\u00e1ximo reconocimiento que entrega la casa de altos estudios y se le otorga a <em>&#8220;personas que se hayan destacado por sus m\u00e9ritos excepcionales o por especiales servicios a la Universidad en la ense\u00f1anza o investigaci\u00f3n&#8221;<\/em>, tal como consta en el art\u00edculo 20 del Estatuto. La <strong>vasta trayectoria<\/strong> de <strong>Mauricio Kartun<\/strong> y los <strong>aportes fundamentales<\/strong> que ha realizado en el <strong>campo del quehacer teatral<\/strong> para las generaciones actuales y futuras, logran esa <strong>alquimia que concilia la figura del maestro y el intelectual<\/strong>.<\/p>\n\n\n\n<p>Acto seguido, la Secretaria Acad\u00e9mica de la <a rel=\"noreferrer noopener\" href=\"https:\/\/www.arte.unicen.edu.ar\" target=\"_blank\">Facultad de Arte<\/a>, <strong>Dra. Julia Lavatelli<\/strong>, agradeci\u00f3 la posibilidad de llevar adelante la <em>laudatio<\/em>. Mediante este discurso homenaje\u00f3 y repas\u00f3 la trayectoria de <strong>Mauricio Kartun<\/strong> reconoci\u00e9ndolo como uno de los mayores dramaturgos argentinos y latinoamericanos, <em>&#8220;con <strong>m\u00e1s de 30 obras escritas, estrenadas y premiadas<\/strong>, fundador de la carrera de Dramaturgia en la Escuela de Teatro de la Ciudad de Buenos Aires -inspiraci\u00f3n de todas las formaciones de dramaturgia en el pa\u00eds-, <strong>profesor de la Escuela Superior de Teatro desde sus or\u00edgenes<\/strong> y creador de la disciplina Dramaturgia de Objetos para la Escuela de Titiriteros del Teatro General San Mart\u00edn de Buenos Aires&#8221;<\/em>. Al mismo tiempo destac\u00f3 que <em>&#8220;en esta misma Aula Magna, Mauricio Kartun montaba por primera vez un espect\u00e1culo en Tandil. Era el a\u00f1o 1993 y constru\u00edamos aqu\u00ed, con cartones embreados, un cubo de altas paredes, alrededor de las cuatro columnas centrales, una caja que guardaba, encerrada, la escena. [&#8230;] Era un trabajo de curso, un trabajo de clases, que terminaba en esa muestra obscena. As\u00ed se llamaba el espect\u00e1culo. Todav\u00eda hoy recodado por innovador, por desplazar las convenciones teatrales establecidas por su esp\u00edritu creativo. En el terreno de las artes esa conjunci\u00f3n entre la ense\u00f1anza y la creaci\u00f3n es una rara avis nunca suficientemente valorada&#8221;<\/em>.<\/p>\n\n\n\n<p>Para finalizar cit\u00f3 las palabras del propio <strong>Kartun<\/strong>: <em>&#8220;Cuanto s\u00e9 de <strong>dramaturgia<\/strong> lo he aprendido de mis disc\u00edpulos, del compromiso de tener que <strong>ense\u00f1arla<\/strong>, de la s\u00edntesis y la reflexi\u00f3n a la que me obligan sus preguntas, del destripar sus ejercicios y de esa fructuosa dial\u00e9ctica del pensar hablando. En el fondo, nuestra meta \u00faltima como pedagogos es ense\u00f1ar a romper el modelo, aunque el modelo sea uno mismo. Dejar crecer. Ser abono y no tutor. Entender que s\u00f3lo habremos cumplido el rol de maestro el d\u00eda que un disc\u00edpulo pueda decirnos como Calib\u00e1n a Pr\u00f3spero en &#8216;La Tempestad&#8217; de Shakespeare: \u2014Usted me ense\u00f1\u00f3 a hablar. Mi beneficio, ahora, es que puedo hablar contra usted&#8221;<\/em>.<\/p>\n\n\n\n<p>Tras la lectura de la <strong>ordenanza n\u00ba 7650\/19 del Consejo Superior<\/strong>, en la que se reconocen por <strong>unanimidad<\/strong> los m\u00e9ritos por los cuales se concede la mencionada distinci\u00f3n, se hizo entrega del t\u00edtulo honor\u00edfico y la medalla ante un c\u00e1lido aplauso del p\u00fablico presente. <strong>M\u00e1s informaci\u00f3n en la nota publicada en el sitio web de la<\/strong> <a rel=\"noreferrer noopener\" href=\"\/\/www.arte.unicen.edu.ar\" target=\"_blank\">Facultad de Arte<\/a>: <a rel=\"noreferrer noopener\" href=\"\/\/www.arte.unicen.edu.ar\/doctorado-honoris-causa-a-mauricio-kartun\" target=\"_blank\">https:\/\/www.arte.unicen.edu.ar\/doctorado-honoris-causa-a-mauricio-kartun<\/a><\/p>\n\n\n\n<p>Compartimos el registro audiovisual realizado conjuntamente por el <a rel=\"noreferrer noopener\" href=\"https:\/\/www.arte.unicen.edu.ar\/institucional\/comunicacion\" target=\"_blank\">\u00e1rea de Comunicaci\u00f3n<\/a> y el <strong>Centro de Documentaci\u00f3n Audiovisual y Biblioteca (CDAB)<\/strong>:<\/p>\n\n\n\n<div style=\"margin: 30px auto; width: 100%; text-align: center;\"><iframe loading=\"lazy\" src=\"https:\/\/www.youtube.com\/embed\/f-hleXt9r5Y\" allow=\"accelerometer; autoplay; clipboard-write; encrypted-media; gyroscope; picture-in-picture\" allowfullscreen=\"\" width=\"720\" height=\"405\" frameborder=\"0\"><\/iframe><\/div>\n","protected":false},"excerpt":{"rendered":"<p>Con la presencia de autoridades y secretarixs de la Facultad de Arte, la Universidad Nacional del Centro de la Provincia de Buenos Aires y las distintas Unidades Acad\u00e9micas, como as\u00ed tambi\u00e9n docentes, investigadorxs, graduadxs, estudiantes, no docentes, referentes del quehacer teatral\/cultural y p\u00fablico en general, el mi\u00e9rcoles 17 de mayo a las 18 hs. se llev\u00f3 a cabo la entrega [&hellip;]<\/p>\n","protected":false},"author":1,"featured_media":27260,"comment_status":"closed","ping_status":"closed","sticky":false,"template":"","format":"standard","meta":{"_acf_changed":false,"footnotes":""},"categories":[1],"tags":[3887,3923,215,243,294],"class_list":["post-26984","post","type-post","status-publish","format-standard","has-post-thumbnail","hentry","category-novedades","tag-35-anios-fa","tag-doctorado-honoris-causa","tag-facultad-de-arte","tag-mauricio-kartun","tag-unicen"],"acf":[],"_links":{"self":[{"href":"https:\/\/www.arte.unicen.edu.ar\/cdab\/wp-json\/wp\/v2\/posts\/26984","targetHints":{"allow":["GET"]}}],"collection":[{"href":"https:\/\/www.arte.unicen.edu.ar\/cdab\/wp-json\/wp\/v2\/posts"}],"about":[{"href":"https:\/\/www.arte.unicen.edu.ar\/cdab\/wp-json\/wp\/v2\/types\/post"}],"author":[{"embeddable":true,"href":"https:\/\/www.arte.unicen.edu.ar\/cdab\/wp-json\/wp\/v2\/users\/1"}],"replies":[{"embeddable":true,"href":"https:\/\/www.arte.unicen.edu.ar\/cdab\/wp-json\/wp\/v2\/comments?post=26984"}],"version-history":[{"count":2,"href":"https:\/\/www.arte.unicen.edu.ar\/cdab\/wp-json\/wp\/v2\/posts\/26984\/revisions"}],"predecessor-version":[{"id":27283,"href":"https:\/\/www.arte.unicen.edu.ar\/cdab\/wp-json\/wp\/v2\/posts\/26984\/revisions\/27283"}],"wp:featuredmedia":[{"embeddable":true,"href":"https:\/\/www.arte.unicen.edu.ar\/cdab\/wp-json\/wp\/v2\/media\/27260"}],"wp:attachment":[{"href":"https:\/\/www.arte.unicen.edu.ar\/cdab\/wp-json\/wp\/v2\/media?parent=26984"}],"wp:term":[{"taxonomy":"category","embeddable":true,"href":"https:\/\/www.arte.unicen.edu.ar\/cdab\/wp-json\/wp\/v2\/categories?post=26984"},{"taxonomy":"post_tag","embeddable":true,"href":"https:\/\/www.arte.unicen.edu.ar\/cdab\/wp-json\/wp\/v2\/tags?post=26984"}],"curies":[{"name":"wp","href":"https:\/\/api.w.org\/{rel}","templated":true}]}}