{"id":26956,"date":"2023-06-08T14:06:27","date_gmt":"2023-06-08T17:06:27","guid":{"rendered":"https:\/\/www.arte.unicen.edu.ar\/cdab\/?p=26956"},"modified":"2023-06-21T13:20:00","modified_gmt":"2023-06-21T16:20:00","slug":"9-junio-dia-internacional-archivos-descubrir-diapositivas","status":"publish","type":"post","link":"https:\/\/www.arte.unicen.edu.ar\/cdab\/9-junio-dia-internacional-archivos-descubrir-diapositivas\/","title":{"rendered":"Este viernes 9 de junio, celebramos el D\u00eda Internacional de los Archivos con una invitaci\u00f3n a conocer nuestra colecci\u00f3n de diapositivas"},"content":{"rendered":"\n<p>Durante el <strong>Congreso Internacional de Archivos<\/strong> celebrado en Viena en el a\u00f1o 2004, m\u00e1s de dos mil asistentes solicitaron a la <a rel=\"noreferrer noopener\" href=\"https:\/\/www.un.org\/es\" target=\"_blank\">Organizaci\u00f3n de las Naciones Unidas (ONU)<\/a> la creaci\u00f3n del <strong>D\u00eda Internacional de los Archivos<\/strong> con el objetivo de fomentar la <strong>protecci\u00f3n y preservaci\u00f3n del patrimonio documental<\/strong>, promover la <strong>accesibilidad<\/strong> y valorar el <strong>resguardo de la memoria hist\u00f3rica y cultural<\/strong>. Este antecedente logr\u00f3 que, en el a\u00f1o 2007, el <a href=\"https:\/\/www.ica.org\/es\" target=\"_blank\" rel=\"noreferrer noopener\">International Council on Archives (ICA)<\/a> proclame el <strong>D\u00eda Internacional de los Archivos<\/strong> en conmemoraci\u00f3n a su creaci\u00f3n, el 9 de junio de 1948.<\/p>\n\n\n\n<p>Desde el <strong>Centro de Documentaci\u00f3n Audiovisual y Biblioteca (CDAB)<\/strong> de la <a rel=\"noreferrer noopener\" href=\"https:\/\/www.arte.unicen.edu.ar\" target=\"_blank\">Facultad de Arte<\/a> estamos convencidos que los archivos nos permiten reencontrarnos con <strong>huellas del pasado<\/strong> en las que hay rastros de lo que fuimos, lo que somos y lo que sentimos. Se trata de <strong>espacios vivos<\/strong>, de <strong>construcci\u00f3n comunitaria<\/strong>, que ponen en primer plano la memoria y activan reflexiones sobre <strong>nuestro presente y nuestro futuro<\/strong>&#8230; que, en consecuencia, nos permiten viajar en el tiempo a trav\u00e9s de las palabras, las im\u00e1genes y los sonidos.<\/p>\n\n\n\n<p>Para <strong>celebrar este d\u00eda tan especial<\/strong>, <span style=\"color: #855691;\"><strong>invitamos a toda la comunidad a conocer y manipular nuestra colecci\u00f3n de diapositivas<\/strong><\/span>, este <strong>viernes<\/strong> de <span style=\"color: #855691;\"><strong>10 a 16 hs.<\/strong><\/span> en el foyer del <strong>CDAB<\/strong> (9 de Julio 430, planta baja).<\/p>\n\n\n\n<div style=\"margin: 25px auto 40px;\"><a href=\"https:\/\/www.arte.unicen.edu.ar\/cdab\/wp-content\/uploads\/2023\/06\/cdab-diapos-9junio.jpg\" data-fancybox=\"gallery\" data-caption=\"Este viernes 9 de junio, celebramos el D\u00eda Internacional de los Archivos con una invitaci\u00f3n a conocer nuestra colecci\u00f3n de diapositivas\"><img decoding=\"async\" class=\"aligncenter size-medium wp-image-2866\" src=\"https:\/\/www.arte.unicen.edu.ar\/cdab\/wp-content\/uploads\/2023\/06\/cdab-diapos-9junio-600x600.jpg\" alt=\"\u00a1Ven\u00ed a descubrir nuestra colecci\u00f3n de diapositivas!\" title=\"\u00a1Ven\u00ed a descubrir nuestra colecci\u00f3n de diapositivas!\"\/><\/a><\/div>\n\n\n\n<p>Asimismo, <span style=\"color: #855691;\"><strong>saludamos a todos los organismos, instituciones y espacios<\/strong><\/span> que tienen esta misi\u00f3n y a las redes de archivo de las que formamos parte y con las que cooperamos: la <a rel=\"noreferrer noopener\" href=\"http:\/\/www.raafas.net.ar\/web\/es\" target=\"_blank\">Red Argentina de Acervos Fotogr\u00e1ficos, Audiovisuales y Sonoros (RAAFAS)<\/a> coordinada por el <strong>Grupo de trabajo sobre gesti\u00f3n de Documentos Fotogr\u00e1ficos, Sonoros y Audiovisuales (GT-GDFSA)<\/strong> y <a rel=\"noreferrer noopener\" href=\"http:\/\/www.biblioci.org\" target=\"_blank\">BiblioCi<\/a>, la red iberoamericana de unidades de informaci\u00f3n especializadas en cine y medios audiovisuales.<\/p>\n\n\n\n<p>Compartimos una infograf\u00eda que refleja algunas cifras de todos aquellos registros que componen nuestro acervo y forman parte de la memoria institucional de la <a rel=\"noreferrer noopener\" href=\"https:\/\/www.arte.unicen.edu.ar\" target=\"_blank\">Facultad de Arte<\/a> desde su creaci\u00f3n como <strong>Escuela Superior de Teatro<\/strong>:<\/p>\n\n\n<div id=\"metaslider-id-27237\" style=\"max-width: 650px; margin: 0 auto;\" class=\"ml-slider-3-103-0 metaslider metaslider-flex metaslider-27237 ml-slider cdab-090623 has-dots-nav ms-theme-default\" role=\"region\" aria-label=\"cdab-090623\" data-height=\"650\" data-width=\"650\">\n    <div id=\"metaslider_container_27237\">\n        <div id=\"metaslider_27237\">\n            <ul class='slides'>\n                <li style=\"display: block; width: 100%;\" class=\"slide-27256 ms-image \" aria-roledescription=\"slide\" data-date=\"2023-06-02 10:17:54\" data-slide-type=\"image\"><img loading=\"lazy\" decoding=\"async\" width=\"650\" height=\"650\" src=\"https:\/\/www.arte.unicen.edu.ar\/cdab\/wp-content\/uploads\/2023\/06\/cdab-9junio-01.jpg\" class=\"slider-27237 slide-27256 msDefaultImage\" alt=\"9 de junio \/ D\u00eda Internacional de los Archivos\" rel=\"\" title=\"9 de junio \/ D\u00eda Internacional de los Archivos\" srcset=\"https:\/\/www.arte.unicen.edu.ar\/cdab\/wp-content\/uploads\/2023\/06\/cdab-9junio-01.jpg 650w, https:\/\/www.arte.unicen.edu.ar\/cdab\/wp-content\/uploads\/2023\/06\/cdab-9junio-01-600x600.jpg 600w, https:\/\/www.arte.unicen.edu.ar\/cdab\/wp-content\/uploads\/2023\/06\/cdab-9junio-01-300x300.jpg 300w, https:\/\/www.arte.unicen.edu.ar\/cdab\/wp-content\/uploads\/2023\/06\/cdab-9junio-01-100x100.jpg 100w, https:\/\/www.arte.unicen.edu.ar\/cdab\/wp-content\/uploads\/2023\/06\/cdab-9junio-01-120x120.jpg 120w\" sizes=\"auto, (max-width: 650px) 100vw, 650px\" \/><\/li>\n                <li style=\"display: none; width: 100%;\" class=\"slide-27257 ms-image \" aria-roledescription=\"slide\" data-date=\"2023-06-02 10:17:54\" data-slide-type=\"image\"><img loading=\"lazy\" decoding=\"async\" width=\"650\" height=\"650\" src=\"https:\/\/www.arte.unicen.edu.ar\/cdab\/wp-content\/uploads\/2023\/06\/cdab-9junio-02.jpg\" class=\"slider-27237 slide-27257 msDefaultImage\" alt=\"9 de junio \/ D\u00eda Internacional de los Archivos\" rel=\"\" title=\"9 de junio \/ D\u00eda Internacional de los Archivos\" srcset=\"https:\/\/www.arte.unicen.edu.ar\/cdab\/wp-content\/uploads\/2023\/06\/cdab-9junio-02.jpg 650w, https:\/\/www.arte.unicen.edu.ar\/cdab\/wp-content\/uploads\/2023\/06\/cdab-9junio-02-600x600.jpg 600w, https:\/\/www.arte.unicen.edu.ar\/cdab\/wp-content\/uploads\/2023\/06\/cdab-9junio-02-300x300.jpg 300w, https:\/\/www.arte.unicen.edu.ar\/cdab\/wp-content\/uploads\/2023\/06\/cdab-9junio-02-100x100.jpg 100w, https:\/\/www.arte.unicen.edu.ar\/cdab\/wp-content\/uploads\/2023\/06\/cdab-9junio-02-120x120.jpg 120w\" sizes=\"auto, (max-width: 650px) 100vw, 650px\" \/><\/li>\n                <li style=\"display: none; width: 100%;\" class=\"slide-27258 ms-image \" aria-roledescription=\"slide\" data-date=\"2023-06-02 10:17:54\" data-slide-type=\"image\"><img loading=\"lazy\" decoding=\"async\" width=\"650\" height=\"650\" src=\"https:\/\/www.arte.unicen.edu.ar\/cdab\/wp-content\/uploads\/2023\/06\/cdab-9junio-03.jpg\" class=\"slider-27237 slide-27258 msDefaultImage\" alt=\"9 de junio \/ D\u00eda Internacional de los Archivos\" rel=\"\" title=\"9 de junio \/ D\u00eda Internacional de los Archivos\" srcset=\"https:\/\/www.arte.unicen.edu.ar\/cdab\/wp-content\/uploads\/2023\/06\/cdab-9junio-03.jpg 650w, https:\/\/www.arte.unicen.edu.ar\/cdab\/wp-content\/uploads\/2023\/06\/cdab-9junio-03-600x600.jpg 600w, https:\/\/www.arte.unicen.edu.ar\/cdab\/wp-content\/uploads\/2023\/06\/cdab-9junio-03-300x300.jpg 300w, https:\/\/www.arte.unicen.edu.ar\/cdab\/wp-content\/uploads\/2023\/06\/cdab-9junio-03-100x100.jpg 100w, https:\/\/www.arte.unicen.edu.ar\/cdab\/wp-content\/uploads\/2023\/06\/cdab-9junio-03-120x120.jpg 120w\" sizes=\"auto, (max-width: 650px) 100vw, 650px\" \/><\/li>\n                <li style=\"display: none; width: 100%;\" class=\"slide-27259 ms-image \" aria-roledescription=\"slide\" data-date=\"2023-06-02 10:17:54\" data-slide-type=\"image\"><img loading=\"lazy\" decoding=\"async\" width=\"650\" height=\"650\" src=\"https:\/\/www.arte.unicen.edu.ar\/cdab\/wp-content\/uploads\/2023\/06\/cdab-9junio-04.jpg\" class=\"slider-27237 slide-27259 msDefaultImage\" alt=\"9 de junio \/ D\u00eda Internacional de los Archivos\" rel=\"\" title=\"9 de junio \/ D\u00eda Internacional de los Archivos\" srcset=\"https:\/\/www.arte.unicen.edu.ar\/cdab\/wp-content\/uploads\/2023\/06\/cdab-9junio-04.jpg 650w, https:\/\/www.arte.unicen.edu.ar\/cdab\/wp-content\/uploads\/2023\/06\/cdab-9junio-04-600x600.jpg 600w, https:\/\/www.arte.unicen.edu.ar\/cdab\/wp-content\/uploads\/2023\/06\/cdab-9junio-04-300x300.jpg 300w, https:\/\/www.arte.unicen.edu.ar\/cdab\/wp-content\/uploads\/2023\/06\/cdab-9junio-04-100x100.jpg 100w, https:\/\/www.arte.unicen.edu.ar\/cdab\/wp-content\/uploads\/2023\/06\/cdab-9junio-04-120x120.jpg 120w\" sizes=\"auto, (max-width: 650px) 100vw, 650px\" \/><\/li>\n            <\/ul>\n        <\/div>\n        \n    <\/div>\n<\/div>\n","protected":false},"excerpt":{"rendered":"<p>Durante el Congreso Internacional de Archivos celebrado en Viena en el a\u00f1o 2004, m\u00e1s de dos mil asistentes solicitaron a la Organizaci\u00f3n de las Naciones Unidas (ONU) la creaci\u00f3n del D\u00eda Internacional de los Archivos con el objetivo de fomentar la protecci\u00f3n y preservaci\u00f3n del patrimonio documental, promover la accesibilidad y valorar el resguardo de la memoria hist\u00f3rica y cultural. [&hellip;]<\/p>\n","protected":false},"author":1,"featured_media":27421,"comment_status":"closed","ping_status":"closed","sticky":false,"template":"","format":"standard","meta":{"_acf_changed":false,"footnotes":""},"categories":[1],"tags":[214,3927,215,288,294],"class_list":["post-26956","post","type-post","status-publish","format-standard","has-post-thumbnail","hentry","category-novedades","tag-cdab","tag-dia-internacional-de-los-archivos","tag-facultad-de-arte","tag-secretaria-de-investigacion-y-posgrado","tag-unicen"],"acf":[],"_links":{"self":[{"href":"https:\/\/www.arte.unicen.edu.ar\/cdab\/wp-json\/wp\/v2\/posts\/26956","targetHints":{"allow":["GET"]}}],"collection":[{"href":"https:\/\/www.arte.unicen.edu.ar\/cdab\/wp-json\/wp\/v2\/posts"}],"about":[{"href":"https:\/\/www.arte.unicen.edu.ar\/cdab\/wp-json\/wp\/v2\/types\/post"}],"author":[{"embeddable":true,"href":"https:\/\/www.arte.unicen.edu.ar\/cdab\/wp-json\/wp\/v2\/users\/1"}],"replies":[{"embeddable":true,"href":"https:\/\/www.arte.unicen.edu.ar\/cdab\/wp-json\/wp\/v2\/comments?post=26956"}],"version-history":[{"count":2,"href":"https:\/\/www.arte.unicen.edu.ar\/cdab\/wp-json\/wp\/v2\/posts\/26956\/revisions"}],"predecessor-version":[{"id":27612,"href":"https:\/\/www.arte.unicen.edu.ar\/cdab\/wp-json\/wp\/v2\/posts\/26956\/revisions\/27612"}],"wp:featuredmedia":[{"embeddable":true,"href":"https:\/\/www.arte.unicen.edu.ar\/cdab\/wp-json\/wp\/v2\/media\/27421"}],"wp:attachment":[{"href":"https:\/\/www.arte.unicen.edu.ar\/cdab\/wp-json\/wp\/v2\/media?parent=26956"}],"wp:term":[{"taxonomy":"category","embeddable":true,"href":"https:\/\/www.arte.unicen.edu.ar\/cdab\/wp-json\/wp\/v2\/categories?post=26956"},{"taxonomy":"post_tag","embeddable":true,"href":"https:\/\/www.arte.unicen.edu.ar\/cdab\/wp-json\/wp\/v2\/tags?post=26956"}],"curies":[{"name":"wp","href":"https:\/\/api.w.org\/{rel}","templated":true}]}}