{"id":26851,"date":"2023-05-17T09:01:00","date_gmt":"2023-05-17T12:01:00","guid":{"rendered":"https:\/\/www.arte.unicen.edu.ar\/cdab\/?p=26851"},"modified":"2023-05-21T15:22:00","modified_gmt":"2023-05-21T18:22:00","slug":"se-presento-teatro-entre-diagonales-coleccion-dramaturgias-arte-publicaciones","status":"publish","type":"post","link":"https:\/\/www.arte.unicen.edu.ar\/cdab\/se-presento-teatro-entre-diagonales-coleccion-dramaturgias-arte-publicaciones\/","title":{"rendered":"Con la presencia de Mauricio Kartun y Laura Conde se present\u00f3 &#8220;Teatro entre diagonales&#8221;, quinto tomo de la Colecci\u00f3n Dramaturgias editada por Arte Publicaciones"},"content":{"rendered":"\n<p>Con amplia convocatoria de estudiantes, docentes y la presencia de las autoridades de la <a rel=\"noreferrer noopener\" href=\"https:\/\/www.arte.unicen.edu.ar\" target=\"_blank\">Facultad de Arte<\/a>, este <strong>martes 16 de mayo<\/strong> a las <strong>18 hs.<\/strong> en el <strong>Consejo Acad\u00e9mico<\/strong> se llev\u00f3 a cabo la presentaci\u00f3n del libro <em><strong>Teatro entre diagonales<\/strong><\/em>, quinto tomo de la <strong>Colecci\u00f3n Dramaturgias<\/strong> dirigida por el maestro <strong>Mauricio Kartun<\/strong>, coordinada por la <strong>Mg. Teresita Mar\u00eda Victoria Fuentes<\/strong> y editada por <a rel=\"noreferrer noopener\" href=\"https:\/\/www.arte.unicen.edu.ar\/artepublicaciones\" target=\"_blank\">Arte Publicaciones<\/a>. El evento se transmiti\u00f3 en vivo por el <a rel=\"noreferrer noopener\" href=\"https:\/\/www.youtube.com\/channel\/UCOBrOTwPT5GiKHYXACcgyLQ\" target=\"_blank\">canal de YouTube de la Facultad<\/a> y podr\u00e1 visionarse nuevamente en car\u00e1cter de <strong>reestreno<\/strong> desde el <strong>lunes 29 de mayo<\/strong> a las <strong>16 hs.<\/strong> en el marco de la programaci\u00f3n del <strong>22\u00ba Mayo Teatral<\/strong>, propuesta cultural de la ciudad que invita a disfrutar de obras teatrales, charlas y diversas actividades para todo p\u00fablico.<\/p>\n\n\n\n<p><strong><em>Teatro entre diagonales<\/em><\/strong> re\u00fane tres obras de las dramaturgas platenses <strong>Roxana Arambur\u00fa<\/strong>, <strong>Febe Chaves<\/strong> y <strong>Beatriz Catani<\/strong>, con pr\u00f3logo a cargo de <strong>Laura Conde<\/strong> que sirve de introducci\u00f3n a la trayectoria de las autoras y como preciso estudio cr\u00edtico de las obras. La actividad cont\u00f3 con la presentaci\u00f3n de <strong>Teresita Mar\u00eda Victoria Fuentes<\/strong>, lecturas de fragmentos de las obras a cargo de las autoras y un di\u00e1logo al respecto entre <strong>Mauricio Kartun<\/strong> y <strong>Laura Conde<\/strong>.<\/p>\n\n\n\n<div style=\"margin: 25px auto 40px;\"><a href=\"https:\/\/www.arte.unicen.edu.ar\/cdab\/wp-content\/uploads\/2023\/05\/flyer-teatro-entre-diagonales-presenta.jpg\" data-fancybox=\"gallery\" data-caption=\"Con la presencia de Mauricio Kartun y Laura Conde se present\u00f3 &#8220;Teatro entre diagonales&#8221;, quinto tomo de la Colecci\u00f3n Dramaturgias editada por Arte Publicaciones\"><img decoding=\"async\" class=\"aligncenter size-medium wp-image-2866\" src=\"https:\/\/www.arte.unicen.edu.ar\/cdab\/wp-content\/uploads\/2023\/05\/flyer-teatro-entre-diagonales-presenta-600x600.jpg\" alt=\"\"\/><\/a><\/div>\n\n\n\n<p>Compartimos el registro audiovisual del encuentro:<\/p>\n\n\n\n<div style=\"margin: 30px auto; width: 100%; text-align: center;\"><iframe loading=\"lazy\" src=\"https:\/\/www.youtube.com\/embed\/HIM0eMYXeFM\" allow=\"accelerometer; autoplay; clipboard-write; encrypted-media; gyroscope; picture-in-picture\" allowfullscreen=\"\" width=\"720\" height=\"405\" frameborder=\"0\"><\/iframe><\/div>\n\n\n\n<p><strong><em>Teatro entre diagonales<\/em><\/strong> y todos los libros editados por <a rel=\"noreferrer noopener\" href=\"https:\/\/www.arte.unicen.edu.ar\/artepublicaciones\" target=\"_blank\">Arte Publicaciones<\/a> se pueden adquirir en el <strong>Centro de Documentaci\u00f3n Audiovisual y Biblioteca (CDAB)<\/strong> de la <a rel=\"noreferrer noopener\" href=\"https:\/\/www.arte.unicen.edu.ar\" target=\"_blank\">Facultad de Arte<\/a> (9 de Julio 430, Tandil).<\/p>\n\n\n\n<h3>Acerca de Roxana Arambur\u00fa<\/h3>\n<p><img loading=\"lazy\" decoding=\"async\" class=\"alignleft size-full wp-image-4077\" style=\"border: 0px; border-radius: 200px; margin-bottom: 20px;\" src=\"http:\/\/www.arte.unicen.edu.ar\/cdab\/wp-content\/uploads\/2023\/05\/roxana-aramburu.jpg\" alt=\"Roxana Arambur\u00fa\" title=\"Roxana Arambur\u00fa\" width=\"200\" height=\"200\"\/>Dramaturga y actriz platense. Recibi\u00f3 distinciones y premios por sus textos: <em>La (primera) cena<\/em>, <em>El viento sopla todav\u00eda<\/em>, <em>Alle donne<\/em>, <em>Caldarium<\/em>, <em>Corpus<\/em>, <em>\u00daltimamente vencidos<\/em>, <em>Un mister en Patagonia<\/em>, <em>Regina Celis<\/em>, <em>Damiana, una ni\u00f1a ach\u00e9<\/em> (en co-autor\u00eda con Patricia Su\u00e1rez), <em>El ajuar<\/em>, <em>Si vas a llorar, que sea de noche<\/em>, <em>El rumbo<\/em>, <em>Pena de fuego<\/em>, <em>Mares de piedra<\/em> y <em>El polvor\u00edn<\/em>.<\/p>\n<p>Fue seleccionada con <em>La espada y la cabeza<\/em> para el ciclo <strong>&#8220;El Teatro y la Historia (1810-1853)&#8221;<\/strong> y con <em>La ola roja<\/em> (2011) para <strong>&#8220;El Teatro y la Historia (1853-1916)&#8221;<\/strong>. Su obra <em>La huelga de las escobas (Lo sciopero delle scope)<\/em>, en co-autor\u00eda con Patricia Su\u00e1rez y M\u00f3nica Ogando, fue seleccionada y presentada en el Teatro Stabile de Genova en el ciclo <em>Rassegna de Drammaturgia Contempor\u00e1nea 2012<\/em>. Organiz\u00f3 en co-gesti\u00f3n con el &#8220;Grupo El Fald\u00f3n&#8221; ciclos de teatro le\u00eddo, acompa\u00f1ados de muestras gr\u00e1ficas, fotogr\u00e1ficas, libros, cine y charlas de especialistas.<\/p>\n<p>Conjuntamente con el dramaturgo y director Nelson Mallach lleva a cabo el proyecto <em>Arquitectura y Teatro<\/em>, cuya primera manifestaci\u00f3n fue la escritura y puesta en escena de <em>El espacio indecible<\/em>. Este espect\u00e1culo cont\u00f3 con el auspicio de la <a href=\"https:\/\/ar.ambafrance.org\" target=\"_blank\" rel=\"noopener\">Embajada de Francia en Argentina<\/a> y de la <a href=\"https:\/\/www.alianzafrancesa.org.ar\" target=\"_blank\" rel=\"noopener\">Alliance Francaise de Buenos Aires<\/a>. Fue convocada para formar parte del ciclo <strong>Autoras Argentinas<\/strong> con su obra <em>El ajuar<\/em> (Teatro Nacional Cervantes, 2014). Particip\u00f3 en varias ediciones de <a href=\"https:\/\/www.teatroxlaidentidad.net\" target=\"_blank\" rel=\"noopener\">Teatro x la Identidad<\/a> en La Plata, Buenos Aires y Mar del Plata, y fue seleccionada para el espect\u00e1culo <em>Id\u00e9nticos<\/em> con tres micromon\u00f3logos. La <a href=\"https:\/\/www.editorial.unlp.edu.ar\" target=\"_blank\" rel=\"noopener\">Editorial de la Universidad Nacional de La Plata (EDULP)<\/a> public\u00f3 <em>Despojos. Teatro, Identidad y Memoria<\/em>, un volumen con cuatro de sus textos teatrales vinculados a exhibici\u00f3n humana en museos y restituci\u00f3n a sus comunidades y al trabajo del Equipo Argentino de Antropolog\u00eda Forense.<\/p>\n<h3>Acerca de Febe Chaves<\/h3>\n<p><img loading=\"lazy\" decoding=\"async\" class=\"alignleft size-full wp-image-4077\" style=\"border: 0px; border-radius: 200px; margin-bottom: 20px;\" src=\"http:\/\/www.arte.unicen.edu.ar\/cdab\/wp-content\/uploads\/2023\/05\/febe-chaves.jpg\" alt=\"Febe Chaves\" title=\"Febe Chaves\" width=\"200\" height=\"200\"\/>Naci\u00f3 en Bah\u00eda Blanca y desde 1972 hasta la fecha realiz\u00f3 m\u00e1s de treinta obras como actriz, directora y dramaturga, entre ellas: <em>Las de Barranco<\/em>, <em>El malentendido<\/em>, <em>Extra\u00f1o juguete<\/em>, <em>El campo<\/em>, <em>La fiaca<\/em>, <em>300 millones<\/em>, <em>Una pareja<\/em> y <em>Los muertos<\/em>.<\/p>\n<p>En 1981 fund\u00f3 junto a otros actores platenses el Teatro Tespis. Fue seleccionada por concurso en &#8220;La Comedia Municipal&#8221; en 1985 y 1987 para la realizaci\u00f3n de <em>La Nona<\/em> y <em>Esperando la Carroza<\/em> respectivamente. Hacia fines de 1980 se incorpor\u00f3 a la Escuela de Teatro de Ra\u00fal Serrano, de donde egres\u00f3 para comenzar a trabajar como docente. Tom\u00f3 cursos de actuaci\u00f3n, dramaturgia, t\u00e9cnica vocal y movimiento en la ciudad de Buenos Aires.<\/p>\n<p>Se desempe\u00f1\u00f3 como actriz en la obra <em>De ratas y hombres<\/em>, dirigida por Ra\u00fal Serrano. Hizo radioteatro en la Comedia Provincial y en televisi\u00f3n por canales de aire y de cable. En 1994 se uni\u00f3 al grupo de teatro <em>La Gotera<\/em>. En 1997 escribi\u00f3 y dirigi\u00f3 la obra <em>Ostin\u00e1to<\/em> que obtuvo distinciones a la mejor obra etapa regional en el <strong>IX Encuentro de Teatro Marplatense<\/strong>, mejor obra etapa provincial, mejor direcci\u00f3n, mejor actriz y mejor actor. Fue ganadora zonal del Festival Nacional de Teatro, realizado en la ciudad de Catamarca y obtuvo el Premio Pepino 88. En el a\u00f1o 2001 escribi\u00f3 y dirigi\u00f3 la obra <em>El claudicante<\/em>. En marzo de 2003 recibi\u00f3 el reconocimiento como <strong>Mujer Destacada Platense<\/strong> por su extensa labor y sus notables virtudes profesionales dedicadas al arte.<\/p>\n<h3>Acerca de Beatriz Catani<\/h3>\n<p><img loading=\"lazy\" decoding=\"async\" class=\"alignleft size-full wp-image-4077\" style=\"border: 0px; border-radius: 200px; margin-bottom: 20px;\" src=\"http:\/\/www.arte.unicen.edu.ar\/cdab\/wp-content\/uploads\/2023\/05\/beatriz-catani.jpg\" alt=\"Beatriz Catani\" title=\"Beatriz Catani\" width=\"200\" height=\"200\"\/>Dramaturga, directora, actriz y docente teatral. Egresada de <em>Historia<\/em> en la <a href=\"https:\/\/www.unlp.edu.ar\" target=\"_blank\" rel=\"noopener\">Universidad Nacional de La Plata (UNLP)<\/a> y <em>Dramaturgia<\/em> en la <a href=\"https:\/\/emad-caba.infd.edu.ar\" target=\"_blank\" rel=\"noopener\">Escuela Metropolitana de Arte Dram\u00e1tico (EMAD)<\/a>. Es investigadora y profesora titular de la c\u00e1tedra <em>Direcci\u00f3n de Actores<\/em> de la <a href=\"https:\/\/fba.unlp.edu.ar\" target=\"_blank\" rel=\"noopener\">Facultad de Bellas Artes<\/a> de la <a href=\"https:\/\/www.unlp.edu.ar\" target=\"_blank\" rel=\"noopener\">UNLP<\/a>.<\/p>\n<p>Ha sido invitada con sus obras al <em>Theater der Welt<\/em>, <em>Kunsten Festival des Arts<\/em>, <em>Theaterformen<\/em>, <em>Festival des Ameriques<\/em>, <em>Spierlart<\/em>, <em>Culturgest<\/em>, <em>Hebbel Theater<\/em>, <em>Casa de las Am\u00e9ricas<\/em> y <em>Wiener Festwochen<\/em>. En 2011 estren\u00f3 <em>Si es amor de verdad (me dir\u00e1s cuanto entonces)<\/em>. En el marco de <strong>La Plata Arde<\/strong>, present\u00f3 un <em>work in progress<\/em> de <em>Patos hembras<\/em> en el <a href=\"https:\/\/www.facebook.com\/tacecargentino\" target=\"_blank\" rel=\"noopener\">Centro de Experimentaci\u00f3n y Creaci\u00f3n del Teatro Argentino (TACEC)<\/a> y, en 2010, <em>Insomnio (Cap\u00edtulos alrededor de la noche)<\/em> en <em>Theater der Welt<\/em> (Alemania).<\/p>\n<p>En 2008 realiz\u00f3 el taller <em>Proyecto Distancia<\/em> en Madrid, en el marco de la beca de <a href=\"http:\/\/www.iberescena.org\" target=\"_blank\" rel=\"noopener\">Iberescena<\/a> a la Creaci\u00f3n Dramaturgia. Por invitaci\u00f3n del <a href=\"https:\/\/www.goethe.de\/ins\/ar\/es\/sta\/bue.html\" target=\"_blank\" rel=\"noopener\">Instituto Goethe<\/a>, realiz\u00f3 una obra en el marco de <em>Ex Argentina<\/em>: <em>Los Muertos<\/em>, en colaboraci\u00f3n con Mariano Pensotti, que se estren\u00f3 en Berl\u00edn en octubre de 2004. Estren\u00f3 en el Teatro del Pueblo, <em>Ojos de ciervo rumanos<\/em>, una coproducci\u00f3n del Theaterformen (Hannover-Alemania) y del <a href=\"https:\/\/complejoteatral.gob.ar\" target=\"_blank\" rel=\"noopener\">Teatro San Mart\u00edn<\/a> de Buenos Aires.<\/p>\nComo actriz ha trabajado en <em>Del Chiflete que se filtra<\/em> (1996) -tambi\u00e9n particip\u00f3 de la direcci\u00f3n y dramaturgia-, <em>El l\u00edquido t\u00e1ctil<\/em> con direcci\u00f3n de Daniel Veronese (1997, Teatro Cervantes), <em>Las Presidentas<\/em> (2000) dentro del ciclo 4&#215;4 del <a href=\"https:\/\/www.goethe.de\/ins\/ar\/es\/sta\/bue.html\" target=\"_blank\" rel=\"noopener\">Instituto Goethe<\/a>, tambi\u00e9n con su direcci\u00f3n. Obtuvo numerosos premios nacionales, otorgados por <a href=\"https:\/\/www.fundacionkonex.org\/b1502-fundacion-antorchas\" target=\"_blank\" rel=\"noopener\">Fundaci\u00f3n Antorchas<\/a>, <a href=\"https:\/\/www.argentina.gob.ar\/cultura\" target=\"_blank\" rel=\"noopener\">Ministerio de Cultura de la Naci\u00f3n<\/a>, <a href=\"https:\/\/complejoteatral.gob.ar\" target=\"_blank\" rel=\"noopener\">Teatro San Mart\u00edn<\/a>, <a href=\"https:\/\/www.laplata.gob.ar\" target=\"_blank\" rel=\"noopener\">Municipalidad de La Plata<\/a>, <a href=\"https:\/\/www.inteatro.ar\" target=\"_blank\" rel=\"noopener\">Instituto Nacional de Teatro<\/a>, <a href=\"https:\/\/www.gba.gob.ar\/cultura\/comedia_provincia_buenos_aires\" target=\"_blank\" rel=\"noopener\">Comedia de la Provincia de Buenos Aires<\/a>, <a href=\"https:\/\/www.argentores.org.ar\" target=\"_blank\" rel=\"noopener\">Argentores<\/a> y la <a href=\"https:\/\/www.uba.ar\" target=\"_blank\" rel=\"noopener\">Universidad de Buenos Aires<\/a>, entre otros. Como autora ha sido publicada por distintas instituciones nacionales, de Alemania y Espa\u00f1a.\n<h3 style=\"margin-top: 40px;\">Acerca de Arte Publicaciones<\/h3>\n<p><img loading=\"lazy\" decoding=\"async\" class=\"alignleft size-full wp-image-4077\" style=\"border: 0px; border-radius: 200px; margin-bottom: 30px;\" src=\"http:\/\/www.arte.unicen.edu.ar\/cdab\/wp-content\/uploads\/2019\/07\/artepublicaciones200.jpg\" alt=\"Arte Publicaciones\" width=\"200\" height=\"200\"\/><a href=\"http:\/\/www.arte.unicen.edu.ar\/artepublicaciones\" target=\"_blank\" rel=\"nofollow noopener noreferrer\">Arte Publicaciones<\/a> es el sello editorial de la <a href=\"http:\/\/www.arte.unicen.edu.ar\" target=\"_blank\" rel=\"nofollow noopener noreferrer\">Facultad de Arte<\/a> de la <a href=\"http:\/\/www.unicen.edu.ar\" target=\"_blank\" rel=\"nofollow noopener noreferrer\">Universidad Nacional del Centro de la Provincia de Buenos Aires (UNICEN)<\/a>. Dependiente de la <a href=\"https:\/\/www.arte.unicen.edu.ar\/secretarias\/investigacion-posgrado\" target=\"_blank\" rel=\"nofollow noopener noreferrer\">Secretar\u00eda de Investigaci\u00f3n y Posgrado<\/a>, surge con el objetivo de promover la circulaci\u00f3n de los conocimientos y resultados de la investigaci\u00f3n acerca de la producci\u00f3n y el consumo cultural en el campo art\u00edstico y los estudios afines al teatro, el audiovisual, la historia de la cultura y la vinculaci\u00f3n de los artistas con su entorno y\/o territorio.<br \/><br \/>Entre los \u00faltimos t\u00edtulos publicados se encuentran: <strong><em>Po\u00e9ticas de la persistencia. Ferrocarril, artes y memorias en la construcci\u00f3n de territorios<\/em><\/strong> editado por Ana Silva y Jorge Tripiana; <strong><em>Manifestando lo sutil. Ciclo de charlas sobre entrenamiento vocal del actor\/actriz de teatro<\/em><\/strong> compilado por Rub\u00e9n Dar\u00edo Maidana y <strong><em>Traves\u00eda. Hacia una r\u00edtmica en la actuaci\u00f3n<\/em><\/strong> compilado por Bel\u00e9n Errendasoro.<br \/><br \/>Adem\u00e1s, <a href=\"http:\/\/www.arte.unicen.edu.ar\/artepublicaciones\" target=\"_blank\" rel=\"nofollow noopener noreferrer\">Arte Publicaciones<\/a> cuenta con la <strong>Colecci\u00f3n Dramaturgias<\/strong> y el apartado <strong>Contenidos multimedia<\/strong> que contin\u00faan expandiendo su cat\u00e1logo. Para m\u00e1s informaci\u00f3n visite el <a href=\"http:\/\/www.arte.unicen.edu.ar\/artepublicaciones\" target=\"_blank\" rel=\"noopener noreferrer\">sitio web oficial de Arte Publicaciones<\/a>.<\/p>\n<table style=\"margin: 30px auto; text-align: center; border-collapse: collapse; border-spacing: 0;\">\n<tbody>\n<tr>\n<td style=\"padding: 0px 10px 0px 10px;\"><a href=\"https:\/\/www.arte.unicen.edu.ar\/artepublicaciones\/images\/poeticaspersistencia.png\" data-fancybox=\"gallery\" data-caption=\"Con la presencia de Mauricio Kartun y Laura Conde se present\u00f3 &#8220;Teatro entre diagonales&#8221;, quinto tomo de la Colecci\u00f3n Dramaturgias editada por Arte Publicaciones\"><img decoding=\"async\" class=\"aligncenter size-medium\" title=\"Po\u00e9ticas de la persistencia. Ferrocarril, artes y memorias en la construcci\u00f3n de territorios\" src=\"\/cdab\/wp-content\/uploads\/2021\/11\/cdab-tapa-poeticaspersistencia.png\" alt=\"Po\u00e9ticas de la persistencia. Ferrocarril, artes y memorias en la construcci\u00f3n de territorios\"\/><\/a><\/td>\n<td style=\"padding: 0px 10px 0px 10px;\"><a href=\"https:\/\/www.arte.unicen.edu.ar\/artepublicaciones\/images\/travesia.png\" data-fancybox=\"gallery\" data-caption=\"Con la presencia de Mauricio Kartun y Laura Conde se present\u00f3 &#8220;Teatro entre diagonales&#8221;, quinto tomo de la Colecci\u00f3n Dramaturgias editada por Arte Publicaciones\"><img decoding=\"async\" class=\"aligncenter size-medium\" title=\"Traves\u00eda. Hacia una r\u00edtmica en la actuaci\u00f3n\" src=\"\/cdab\/wp-content\/uploads\/2022\/12\/cdab-tapa-travesia.png\" alt=\"Traves\u00eda. Hacia una r\u00edtmica en la actuaci\u00f3n\"\/><\/a><\/td>\n<td style=\"padding: 0px 10px 0px 10px;\"><a href=\"http:\/\/www.arte.unicen.edu.ar\/artepublicaciones\/images\/teatrodiegodemiguel.png\" data-fancybox=\"gallery\" data-caption=\"Con la presencia de Mauricio Kartun y Laura Conde se present\u00f3 &#8220;Teatro entre diagonales&#8221;, quinto tomo de la Colecci\u00f3n Dramaturgias editada por Arte Publicaciones\"><img decoding=\"async\" class=\"aligncenter size-medium\" title=\"Teatro de Diego de Miguel\" src=\"\/cdab\/wp-content\/uploads\/2022\/08\/cdab-tapa-teatrodemiguel.png\" alt=\"Teatro de Diego de Miguel\"\/><\/a><\/td>\n<td style=\"padding: 0px 10px 0px 10px;\"><a href=\"http:\/\/www.arte.unicen.edu.ar\/artepublicaciones\/images\/manifestandolosutil.png\" data-fancybox=\"gallery\" data-caption=\"Con la presencia de Mauricio Kartun y Laura Conde se present\u00f3 &#8220;Teatro entre diagonales&#8221;, quinto tomo de la Colecci\u00f3n Dramaturgias editada por Arte Publicaciones\"><img decoding=\"async\" class=\"aligncenter size-medium\" title=\"Manifestando lo sutil. Ciclo de charlas sobre entrenamiento vocal del actor\/actriz de teatro\" src=\"\/cdab\/wp-content\/uploads\/2022\/10\/cdab-tapa-manifestandosutil.jpg\" alt=\"Manifestando lo sutil. Ciclo de charlas sobre entrenamiento vocal del actor\/actriz de teatro\"\/><\/a><\/td>\n<\/tr>\n<tr>\n<td style=\"font-size: 12px; font-style: italic;\" colspan=\"4\">\u00daltimos libros editados por <strong>Arte Publicaciones<\/strong>.<\/td>\n<\/tr>\n<\/tbody>\n<\/table>\n","protected":false},"excerpt":{"rendered":"<p>Con amplia convocatoria de estudiantes, docentes y la presencia de las autoridades de la Facultad de Arte, este martes 16 de mayo a las 18 hs. en el Consejo Acad\u00e9mico se llev\u00f3 a cabo la presentaci\u00f3n del libro Teatro entre diagonales, quinto tomo de la Colecci\u00f3n Dramaturgias dirigida por el maestro Mauricio Kartun, coordinada por la Mg. Teresita Mar\u00eda Victoria [&hellip;]<\/p>\n","protected":false},"author":1,"featured_media":26858,"comment_status":"closed","ping_status":"closed","sticky":false,"template":"","format":"standard","meta":{"_acf_changed":false,"footnotes":""},"categories":[1],"tags":[292,2603,215,288,294],"class_list":["post-26851","post","type-post","status-publish","format-standard","has-post-thumbnail","hentry","category-novedades","tag-arte-publicaciones","tag-coleccion-dramaturgias","tag-facultad-de-arte","tag-secretaria-de-investigacion-y-posgrado","tag-unicen"],"acf":[],"_links":{"self":[{"href":"https:\/\/www.arte.unicen.edu.ar\/cdab\/wp-json\/wp\/v2\/posts\/26851","targetHints":{"allow":["GET"]}}],"collection":[{"href":"https:\/\/www.arte.unicen.edu.ar\/cdab\/wp-json\/wp\/v2\/posts"}],"about":[{"href":"https:\/\/www.arte.unicen.edu.ar\/cdab\/wp-json\/wp\/v2\/types\/post"}],"author":[{"embeddable":true,"href":"https:\/\/www.arte.unicen.edu.ar\/cdab\/wp-json\/wp\/v2\/users\/1"}],"replies":[{"embeddable":true,"href":"https:\/\/www.arte.unicen.edu.ar\/cdab\/wp-json\/wp\/v2\/comments?post=26851"}],"version-history":[{"count":1,"href":"https:\/\/www.arte.unicen.edu.ar\/cdab\/wp-json\/wp\/v2\/posts\/26851\/revisions"}],"predecessor-version":[{"id":26980,"href":"https:\/\/www.arte.unicen.edu.ar\/cdab\/wp-json\/wp\/v2\/posts\/26851\/revisions\/26980"}],"wp:featuredmedia":[{"embeddable":true,"href":"https:\/\/www.arte.unicen.edu.ar\/cdab\/wp-json\/wp\/v2\/media\/26858"}],"wp:attachment":[{"href":"https:\/\/www.arte.unicen.edu.ar\/cdab\/wp-json\/wp\/v2\/media?parent=26851"}],"wp:term":[{"taxonomy":"category","embeddable":true,"href":"https:\/\/www.arte.unicen.edu.ar\/cdab\/wp-json\/wp\/v2\/categories?post=26851"},{"taxonomy":"post_tag","embeddable":true,"href":"https:\/\/www.arte.unicen.edu.ar\/cdab\/wp-json\/wp\/v2\/tags?post=26851"}],"curies":[{"name":"wp","href":"https:\/\/api.w.org\/{rel}","templated":true}]}}