{"id":26835,"date":"2023-05-08T10:29:50","date_gmt":"2023-05-08T13:29:50","guid":{"rendered":"https:\/\/www.arte.unicen.edu.ar\/cdab\/?p=26835"},"modified":"2023-07-07T17:48:23","modified_gmt":"2023-07-07T20:48:23","slug":"participa-en-celebracion-35-aniversario-facultad-de-arte","status":"publish","type":"post","link":"https:\/\/www.arte.unicen.edu.ar\/cdab\/participa-en-celebracion-35-aniversario-facultad-de-arte\/","title":{"rendered":"Particip\u00e1 con tus materiales y producciones art\u00edsticas en la celebraci\u00f3n del 35\u00b0 aniversario de la Facultad de Arte"},"content":{"rendered":"\n<p>El <strong>21 de octubre de 1988<\/strong> la Honorable Asamblea Universitaria resolvi\u00f3 por unanimidad la creaci\u00f3n de la <strong>Escuela Superior de Teatro<\/strong>, antecedente fundacional de la <a rel=\"noreferrer noopener\" href=\"http:\/\/www.arte.unicen.edu.ar\" target=\"_blank\">Facultad de Arte<\/a>. En ese entonces, un grupo de docentes apost\u00f3 a la conformaci\u00f3n de este proyecto que convergi\u00f3 en la elaboraci\u00f3n de un espacio de pr\u00e1ctica y reflexi\u00f3n te\u00f3rica sobre el hecho teatral. El <strong>28 de noviembre de 2002<\/strong>, la Asamblea le otorg\u00f3 el rango de Facultad ratificando la superaci\u00f3n de una etapa y dando cuenta de la consolidaci\u00f3n en la regi\u00f3n un espacio institucional que promueve la <em><strong>formaci\u00f3n y producci\u00f3n art\u00edstica con memoria e identidad regional<\/strong><\/em>.<\/p>\n\n\n\n<p>Este a\u00f1o se cumplen <strong>35 a\u00f1os<\/strong> desde aquel momento fundacional y como parte de la agenda colectiva de actividades, desde el <strong>Centro de Documentaci\u00f3n Audiovisual y Biblioteca (CDAB)<\/strong> junto con el <strong>Mg. Guillermo Dillon<\/strong> estamos trabajando en la organizaci\u00f3n de la muestra <strong>&#8220;Archivo Abierto&#8221;<\/strong> con acciones de recuperaci\u00f3n de la memoria institucional y propuestas de intervenciones art\u00edstico-tecnol\u00f3gicas. Por este motivo, hacemos extensiva la <span style=\"color: #855691;\"><strong>invitaci\u00f3n a toda la comunidad a participar compartiendo sus materiales, producciones y recuerdos<\/strong><\/span> mediante el formulario disponible en: <a rel=\"noreferrer noopener\" href=\"https:\/\/www.arte.unicen.edu.ar\/cdab\/35fa\" target=\"_blank\">www.arte.unicen.edu.ar\/cdab\/35fa<\/a><\/p>\n\n\n\n<div class=\"container-newsbutton\" style=\"margin: 30px auto;\">\n<a class=\"cdab-newsbuttonlink\" href=\"https:\/\/www.arte.unicen.edu.ar\/cdab\/35fa\" target=\"_blank\" rel=\"noopener noreferrer\"><div class=\"cdab-cdab-newsbutton\">ACCEDER AL FORMULARIO PARA ENVIAR PRODUCCIONES<\/div><\/a><\/div>\n\n\n\n<p>Quienes deseen formar parte de esta iniciativa podr\u00e1n enviar los siguientes materiales:<\/p>\n\n\n\n<ul class=\"wp-block-list\">\n<li><strong>Registros audiovisuales de obras teatrales estrenadas en el marco de la carrera Profesorado\/Licenciado en Teatro<\/strong><\/li>\n\n\n\n<li><strong>Cortometrajes y\/o producciones audiovisuales realizadas en el marco de la carrera Realizaci\u00f3n Integral en Artes Audiovisuales<\/strong> (deben ser obras completas, en su \u00faltimo corte de edici\u00f3n)<\/li>\n\n\n\n<li><strong>Registros audiovisuales de eventos acad\u00e9micos-institucionales<\/strong><\/li>\n\n\n\n<li><strong>Fotograf\u00edas de obras teatrales y\/o backstage de la carrera Profesorado\/Licenciado en Teatro<\/strong><\/li>\n\n\n\n<li><strong>Fotograf\u00edas de producciones y\/o backstage de la carrera Realizaci\u00f3n Integral en Artes Audiovisuales<\/strong><\/li>\n\n\n\n<li><strong>Fotograf\u00edas institucionales<\/strong><\/li>\n\n\n\n<li><strong>Guiones de obras teatrales y\/o cortometrajes<\/strong> (incluyendo materiales de trabajo intervenidos con anotaciones o marcaciones espec\u00edficas)<\/li>\n\n\n\n<li><strong>Documentos manuscritos<\/strong> (apuntes de clase, materiales de estudio, etc.)<\/li>\n\n\n\n<li><strong>Otros materiales<\/strong> (por ejemplo: vestuarios, escenograf\u00edas, objetos, dispositivos tecnol\u00f3gicos, etc.)<\/li>\n<\/ul>\n\n\n\n<p>Para m\u00e1s informaci\u00f3n acerca del cronograma y desarrollo de las reuniones de trabajo ingresar a: <a rel=\"noreferrer noopener\" href=\"https:\/\/www.arte.unicen.edu.ar\/category\/35-anos\" target=\"_blank\">www.arte.unicen.edu.ar\/category\/35-anos<\/a><\/p>\n","protected":false},"excerpt":{"rendered":"<p>El 21 de octubre de 1988 la Honorable Asamblea Universitaria resolvi\u00f3 por unanimidad la creaci\u00f3n de la Escuela Superior de Teatro, antecedente fundacional de la Facultad de Arte. En ese entonces, un grupo de docentes apost\u00f3 a la conformaci\u00f3n de este proyecto que convergi\u00f3 en la elaboraci\u00f3n de un espacio de pr\u00e1ctica y reflexi\u00f3n te\u00f3rica sobre el hecho teatral. El [&hellip;]<\/p>\n","protected":false},"author":1,"featured_media":26843,"comment_status":"closed","ping_status":"closed","sticky":false,"template":"","format":"standard","meta":{"_acf_changed":false,"footnotes":""},"categories":[1],"tags":[3887,214,215,294],"class_list":["post-26835","post","type-post","status-publish","format-standard","has-post-thumbnail","hentry","category-novedades","tag-35-anios-fa","tag-cdab","tag-facultad-de-arte","tag-unicen"],"acf":[],"_links":{"self":[{"href":"https:\/\/www.arte.unicen.edu.ar\/cdab\/wp-json\/wp\/v2\/posts\/26835","targetHints":{"allow":["GET"]}}],"collection":[{"href":"https:\/\/www.arte.unicen.edu.ar\/cdab\/wp-json\/wp\/v2\/posts"}],"about":[{"href":"https:\/\/www.arte.unicen.edu.ar\/cdab\/wp-json\/wp\/v2\/types\/post"}],"author":[{"embeddable":true,"href":"https:\/\/www.arte.unicen.edu.ar\/cdab\/wp-json\/wp\/v2\/users\/1"}],"replies":[{"embeddable":true,"href":"https:\/\/www.arte.unicen.edu.ar\/cdab\/wp-json\/wp\/v2\/comments?post=26835"}],"version-history":[{"count":2,"href":"https:\/\/www.arte.unicen.edu.ar\/cdab\/wp-json\/wp\/v2\/posts\/26835\/revisions"}],"predecessor-version":[{"id":27835,"href":"https:\/\/www.arte.unicen.edu.ar\/cdab\/wp-json\/wp\/v2\/posts\/26835\/revisions\/27835"}],"wp:featuredmedia":[{"embeddable":true,"href":"https:\/\/www.arte.unicen.edu.ar\/cdab\/wp-json\/wp\/v2\/media\/26843"}],"wp:attachment":[{"href":"https:\/\/www.arte.unicen.edu.ar\/cdab\/wp-json\/wp\/v2\/media?parent=26835"}],"wp:term":[{"taxonomy":"category","embeddable":true,"href":"https:\/\/www.arte.unicen.edu.ar\/cdab\/wp-json\/wp\/v2\/categories?post=26835"},{"taxonomy":"post_tag","embeddable":true,"href":"https:\/\/www.arte.unicen.edu.ar\/cdab\/wp-json\/wp\/v2\/tags?post=26835"}],"curies":[{"name":"wp","href":"https:\/\/api.w.org\/{rel}","templated":true}]}}