{"id":2683,"date":"2017-11-23T12:23:13","date_gmt":"2017-11-23T15:23:13","guid":{"rendered":"http:\/\/www.arte.unicen.edu.ar\/cdab\/?p=2683"},"modified":"2018-10-19T17:49:23","modified_gmt":"2018-10-19T20:49:23","slug":"se-llevo-a-cabo-la-iii-jornada-de-tesistas-de-posgrado-de-la-facultad-de-arte","status":"publish","type":"post","link":"https:\/\/www.arte.unicen.edu.ar\/cdab\/se-llevo-a-cabo-la-iii-jornada-de-tesistas-de-posgrado-de-la-facultad-de-arte\/","title":{"rendered":"Se llev\u00f3 a cabo la III Jornada de Tesistas de Posgrado de la Facultad de Arte"},"content":{"rendered":"<p>El mi\u00e9rcoles 15 de noviembre por la ma\u00f1ana, en la sala de videoconferencias de la <a href=\"http:\/\/biblio.unicen.edu.ar\" target=\"_blank\">Biblioteca Central UNICEN<\/a>, se llev\u00f3 a cabo la <strong>III Jornada de Tesistas de Posgrado<\/strong> de la <a href=\"http:\/\/www.arte.unicen.edu.ar\" target=\"_blank\">Facultad de Arte<\/a>. Este encuentro tiene como objetivo promover el intercambio acad\u00e9mico entre quienes\u00a0est\u00e1n realizando sus trabajos finales de posgrado.<\/p>\n<p>En representaci\u00f3n de la <a href=\"http:\/\/www.arte.unicen.edu.ar\" target=\"_blank\">Facultad de Arte<\/a> estuvieron presentes la Secretaria de Investigaci\u00f3n y Posgrado <strong>Mg. Teresita Mar\u00eda Victoria Fuentes<\/strong>, la Directora de la Maestr\u00eda en Teatro <strong>Dra. Julia Lavatelli<\/strong> y los integrantes de la Comisi\u00f3n Acad\u00e9mica de Posgrado de la <a href=\"http:\/\/www.arte.unicen.edu.ar\/carreras\/posgrado\/maestria-en-teatro\" target=\"_blank\">Maestr\u00eda en Teatro<\/a>.<\/p>\n<p>Conforme se desarroll\u00f3 la jornada presentaron sus proyectos de tesis los maestrandos:<\/p>\n<ul>\n<li><strong>Ra\u00fal Albanece<\/strong> bajo el t\u00edtulo <em>Elementos del teatro \u00e9pico en el carnaval de Gualeguaych\u00fa<\/em> (Maestr\u00eda en Teatro &#8211; Menci\u00f3n Dise\u00f1o Esc\u00e9nico. <u>Directora:<\/u> Dra. Lorena Verzero);<\/li>\n<li><strong>\u00c9rica Lombardi<\/strong> introdujo su trabajo <em>El rostro disparatado: caracterizaci\u00f3n teatral en la sociedad argentina de principios del siglo XX<\/em> (Maestr\u00eda en Teatro &#8211; Menci\u00f3n Dise\u00f1o Esc\u00e9nico. <u>Directora:<\/u> Mg. Teresita Mar\u00eda Victoria Fuentes);<\/li>\n<li><strong>Silvia Parodi<\/strong> refiri\u00f3 a su tesis <em>Una propuesta actoral autodirigida: Clitemnestra o el crimen de Marguerite Yourcenar<\/em> (Maestr\u00eda en Teatro &#8211; Menci\u00f3n Actuaci\u00f3n. <u>Directora:<\/u> Dra. Julia Lavatelli &#8211; <u>Co-directora:<\/u> Dra. Lorena Verzero);<\/li>\n<li><strong>Josefina Villama\u00f1e<\/strong> brind\u00f3 un panorama acerca de su investigaci\u00f3n denominada <em>An\u00e1lisis constructivos de las producciones art\u00edsticas de RecoopArte<\/em> (Maestr\u00eda en Teatro &#8211; Menci\u00f3n Dise\u00f1o Actuaci\u00f3n. <u>Directora:<\/u> Dra. Lorena Verzero &#8211; <u>Co-director:<\/u> Mg. Mart\u00edn Miguel Rosso);<\/li>\n<li>y finalmente, en videoconferencia desde Chaco, <strong>Luisella Manzone<\/strong> disert\u00f3 acerca de <em>Pensar una dramaturgia de la espacialidad<\/em> (Maestr\u00eda en Teatro &#8211; Menci\u00f3n Dise\u00f1o Esc\u00e9nico. <u>Directora:<\/u> Dra. Lorena Verzero).<\/li>\n<\/ul>\n<table style=\"margin: 10px auto 25px; text-align: center; border-collapse: collapse; border-spacing: 0;\">\n<tbody>\n<tr>\n<td style=\"padding: 0px 15px 0px 15px; height: 200px;\"><a href=\"http:\/\/www.arte.unicen.edu.ar\/cdab\/wp-content\/uploads\/2017\/11\/jornada-tesistas-1.jpg\" data-fancybox=\"gallery\" data-caption=\"Se llev\u00f3 a cabo la III Jornada de Tesistas de Posgrado de la Facultad de Arte\"><img loading=\"lazy\" decoding=\"async\" class=\"aligncenter size-medium wp-image-2866\" src=\"http:\/\/www.arte.unicen.edu.ar\/cdab\/wp-content\/uploads\/2017\/11\/jornada-tesistas-1-600x400.jpg\" alt=\"\" width=\"300\" height=\"200\" \/><\/a><\/td>\n<td style=\"padding: 0px 15px 0px 15px; height: 200px;\"><a href=\"http:\/\/www.arte.unicen.edu.ar\/cdab\/wp-content\/uploads\/2017\/11\/jornada-tesistas-2.jpg\" data-fancybox=\"gallery\" data-caption=\"Se llev\u00f3 a cabo la III Jornada de Tesistas de Posgrado de la Facultad de Arte\"><img loading=\"lazy\" decoding=\"async\" class=\"aligncenter size-medium wp-image-2864\" src=\"http:\/\/www.arte.unicen.edu.ar\/cdab\/wp-content\/uploads\/2017\/11\/jornada-tesistas-2-600x400.jpg\" alt=\"\" width=\"300\" height=\"200\" \/><\/a><\/td>\n<td style=\"padding: 0px 15px 0px 15px; height: 200px;\"><a href=\"http:\/\/www.arte.unicen.edu.ar\/cdab\/wp-content\/uploads\/2017\/11\/jornada-tesistas-3.jpg\" data-fancybox=\"gallery\" data-caption=\"Se llev\u00f3 a cabo la III Jornada de Tesistas de Posgrado de la Facultad de Arte\"><img loading=\"lazy\" decoding=\"async\" class=\"aligncenter size-medium wp-image-2865\" src=\"http:\/\/www.arte.unicen.edu.ar\/cdab\/wp-content\/uploads\/2017\/11\/jornada-tesistas-3-600x400.jpg\" alt=\"\" width=\"300\" height=\"200\" \/><\/a><\/td>\n<td style=\"padding: 0px 15px 0px 15px; height: 200px;\"><a href=\"http:\/\/www.arte.unicen.edu.ar\/cdab\/wp-content\/uploads\/2017\/11\/jornada-tesistas-4.jpg\" data-fancybox=\"gallery\" data-caption=\"Se llev\u00f3 a cabo la III Jornada de Tesistas de Posgrado de la Facultad de Arte\"><img loading=\"lazy\" decoding=\"async\" class=\"aligncenter size-medium wp-image-2865\" src=\"http:\/\/www.arte.unicen.edu.ar\/cdab\/wp-content\/uploads\/2017\/11\/jornada-tesistas-4-600x400.jpg\" alt=\"\" width=\"300\" height=\"200\" \/><\/a><\/td>\n<\/tr>\n<tr>\n<td colspan=\"4\" style=\"font-size: 12px; text-align: center; padding: 0px 20px 0px 20px;\"><i>Encuentre m\u00e1s fotograf\u00edas de la <strong>III Jornada de Tesistas de Posgrado<\/strong> en el <a href=\"https:\/\/www.flickr.com\/photos\/136767831@N03\/albums\/72157689884367085\" target=\"_blank\">Flickr de la Facultad de Arte<\/a>.<\/i><\/td>\n<\/tr>\n<\/tbody>\n<\/table>\n<p>Compartimos un resumen audiovisual de la jornada:<\/p>\n<div style=\"margin: 0 auto; padding-bottom: 15px; text-align: center;\"><iframe loading=\"lazy\" width=\"620\" height=\"349\" src=\"https:\/\/www.youtube.com\/embed\/U4kdQ-k9LRo?rel=0&amp;showinfo=0\" frameborder=\"0\" allowfullscreen><\/iframe><\/div>\n<p>Para solicitar la versi\u00f3n completa de este material comun\u00edquese con nosotros a <a href=\"mailto:cdab@arte.unicen.edu.ar\">cdab@arte.unicen.edu.ar<\/a>, telef\u00f3nicamente al <strong>+54 (0249) 444 0631 &#8211; Int. 301<\/strong> o vis\u00edtenos en <strong>Gral. Pinto 399, 3\u00ba piso, oficina 336<\/strong>.<\/p>\n","protected":false},"excerpt":{"rendered":"<p>El mi\u00e9rcoles 15 de noviembre por la ma\u00f1ana, en la sala de videoconferencias de la Biblioteca Central UNICEN, se llev\u00f3 a cabo la III Jornada de Tesistas de Posgrado de la Facultad de Arte. Este encuentro tiene como objetivo promover el intercambio acad\u00e9mico entre quienes\u00a0est\u00e1n realizando sus trabajos finales de posgrado. En representaci\u00f3n de la Facultad de Arte estuvieron presentes [&hellip;]<\/p>\n","protected":false},"author":1,"featured_media":2684,"comment_status":"open","ping_status":"open","sticky":false,"template":"","format":"standard","meta":{"_acf_changed":false,"footnotes":""},"categories":[1],"tags":[215,297,288],"class_list":["post-2683","post","type-post","status-publish","format-standard","has-post-thumbnail","hentry","category-novedades","tag-facultad-de-arte","tag-maestria-en-teatro","tag-secretaria-de-investigacion-y-posgrado"],"acf":[],"_links":{"self":[{"href":"https:\/\/www.arte.unicen.edu.ar\/cdab\/wp-json\/wp\/v2\/posts\/2683","targetHints":{"allow":["GET"]}}],"collection":[{"href":"https:\/\/www.arte.unicen.edu.ar\/cdab\/wp-json\/wp\/v2\/posts"}],"about":[{"href":"https:\/\/www.arte.unicen.edu.ar\/cdab\/wp-json\/wp\/v2\/types\/post"}],"author":[{"embeddable":true,"href":"https:\/\/www.arte.unicen.edu.ar\/cdab\/wp-json\/wp\/v2\/users\/1"}],"replies":[{"embeddable":true,"href":"https:\/\/www.arte.unicen.edu.ar\/cdab\/wp-json\/wp\/v2\/comments?post=2683"}],"version-history":[{"count":2,"href":"https:\/\/www.arte.unicen.edu.ar\/cdab\/wp-json\/wp\/v2\/posts\/2683\/revisions"}],"predecessor-version":[{"id":3053,"href":"https:\/\/www.arte.unicen.edu.ar\/cdab\/wp-json\/wp\/v2\/posts\/2683\/revisions\/3053"}],"wp:featuredmedia":[{"embeddable":true,"href":"https:\/\/www.arte.unicen.edu.ar\/cdab\/wp-json\/wp\/v2\/media\/2684"}],"wp:attachment":[{"href":"https:\/\/www.arte.unicen.edu.ar\/cdab\/wp-json\/wp\/v2\/media?parent=2683"}],"wp:term":[{"taxonomy":"category","embeddable":true,"href":"https:\/\/www.arte.unicen.edu.ar\/cdab\/wp-json\/wp\/v2\/categories?post=2683"},{"taxonomy":"post_tag","embeddable":true,"href":"https:\/\/www.arte.unicen.edu.ar\/cdab\/wp-json\/wp\/v2\/tags?post=2683"}],"curies":[{"name":"wp","href":"https:\/\/api.w.org\/{rel}","templated":true}]}}