{"id":26576,"date":"2023-06-12T12:18:19","date_gmt":"2023-06-12T15:18:19","guid":{"rendered":"https:\/\/www.arte.unicen.edu.ar\/cdab\/?p=26576"},"modified":"2025-11-20T10:04:28","modified_gmt":"2025-11-20T13:04:28","slug":"donaciones-fondo-bibliografico-cdab-biblioteca-dramaturgos-provincias","status":"publish","type":"post","link":"https:\/\/www.arte.unicen.edu.ar\/cdab\/donaciones-fondo-bibliografico-cdab-biblioteca-dramaturgos-provincias\/","title":{"rendered":"Agradecemos las donaciones de textos teatrales que ampl\u00edan el fondo bibliogr\u00e1fico del CDAB y de la Biblioteca Dramaturgos de Provincias"},"content":{"rendered":"\n<p>Desde el <strong>Centro de Documentaci\u00f3n Audiovisual y Biblioteca (CDAB)<\/strong> de la <a rel=\"noreferrer noopener\" href=\"https:\/\/www.arte.unicen.edu.ar\" target=\"_blank\">Facultad de Arte<\/a> agradecemos las donaciones efectuadas por docentes-investigadorxs de nuestra Unidad Acad\u00e9mica durante las \u00faltimas semanas. Estos gestos permiten incrementar significativamente el fondo bibliogr\u00e1fico, ofrecer textos relevantes y actualizados para lxs estudiantes de las diversas carreras de grado\/posgrado que se dictan en la instituci\u00f3n y reflejan la confianza en las pol\u00edticas de preservaci\u00f3n, catalogaci\u00f3n y difusi\u00f3n que promovemos desde el \u00e1rea.<\/p>\n\n\n\n<p>En este sentido, la <strong>Dra. Julia Lavatelli<\/strong> -Secretaria Acad\u00e9mica de la <a href=\"https:\/\/www.arte.unicen.edu.ar\" target=\"_blank\" rel=\"noreferrer noopener\">Facultad de Arte<\/a>, <a href=\"http:\/\/www.unicen.edu.ar\" target=\"_blank\" rel=\"noreferrer noopener\">UNICEN<\/a>&#8211; nos entreg\u00f3 <strong>cinco libros<\/strong> que se incorporan a la <a href=\"http:\/\/www.documentadramaticas.edu.ar\/index.php?p=biblioteca\" target=\"_blank\" rel=\"noreferrer noopener\">Biblioteca Dramaturgos de Provincias<\/a>, proyecto creado en el a\u00f1o 2005 por un grupo de docentes-investigadorxs del <a href=\"https:\/\/www.arte.unicen.edu.ar\/secretarias\/investigacion-posgrado\/nucleos\/cid\" target=\"_blank\" rel=\"noreferrer noopener\">Centro de Investigaciones Dram\u00e1ticas (CID)<\/a> con el objetivo de promover el conocimiento, la circulaci\u00f3n y la recepci\u00f3n productiva de obras teatrales de autores de provincias, entendiendo que la dramaturgia ha gozado de un franco desarrollo en diversos centros teatrales del interior del pa\u00eds y que actualmente existen obras de autores de provincias premiadas, estrenadas o traducidas en el extranjero, pero in\u00e9ditas en Argentina.<\/p>\n\n\n\n<p>Los t\u00edtulos que ingresan son:<\/p>\n\n\n\n<ul style=\"margin: 30px 0px 30px 45px;\">\n<li><a rel=\"noreferrer noopener\" href=\"https:\/\/www.arte.unicen.edu.ar\/cdab\/libros\/jugar-al-teatro-es-cosa-seria-una-experiencia-pedagogica\" target=\"_blank\">Jugar al teatro es cosa seria. Una experiencia pedag\u00f3gica<\/a> (2022) de Teresa Linage y Ascensi\u00f3n Mar\u00eda &#8220;Lury&#8221; Iglesias. Ediciones del Laferr\u00e8re.<\/li>\n<li><a rel=\"noreferrer noopener\" href=\"https:\/\/www.arte.unicen.edu.ar\/cdab\/libros\/dramaturgia-rionegrina-para-las-infancias\" target=\"_blank\">Dramaturgia rionegrina para las infancias<\/a> (2022) de Mart\u00edn M. Acosta, David Gabriel Avila, Iara Santolo, B\u00e1rbara Marigo, Javier Santanera, Bel\u00e9n Bijarra, Mariana Calcumil y Ruth A. Pereyra. Fondo Editorial Rionegrino.<\/li>\n<li><a rel=\"noreferrer noopener\" href=\"https:\/\/www.arte.unicen.edu.ar\/cdab\/libros\/microteatro-otras-obras\" target=\"_blank\">Microteatro: otras obras<\/a> (2022) de Fernando Zabala. Tinta Libre.<\/li>\n<li><a href=\"https:\/\/www.arte.unicen.edu.ar\/cdab\/libros\/teatrus-tres-obras\" target=\"_blank\" rel=\"noreferrer noopener\">Teatrus: tres obras<\/a> (2019) de Fernando Zabala. Tinta Libre.<\/li>\n<li><a rel=\"noreferrer noopener\" href=\"https:\/\/www.arte.unicen.edu.ar\/cdab\/libros\/el-teatro-de-cuarentena\" target=\"_blank\">El teatro de cuarentena<\/a> (2020) coordinado por Stylianos Rodarelis. Editorial IASPIS.<\/li>\n<\/ul>\n\n\n\n<table style=\"margin: 25px auto 35px; text-align: center; border-collapse: collapse; border-spacing: 0;\"><tbody><tr><td><a href=\"https:\/\/www.arte.unicen.edu.ar\/cdab\/wp-content\/uploads\/2023\/06\/cdab-donacion-junio2023.jpg\" data-fancybox=\"gallery\" data-caption=\"Agradecemos las donaciones de textos teatrales que ampl\u00edan el fondo bibliogr\u00e1fico del CDAB y de la Biblioteca Dramaturgos de Provincias\"><img loading=\"lazy\" decoding=\"async\" class=\"aligncenter size-medium wp-image-2866\" src=\"https:\/\/www.arte.unicen.edu.ar\/cdab\/wp-content\/uploads\/2023\/06\/cdab-donacion-junio2023-600x520.jpg\" alt=\"\" width=\"600\" height=\"520\"\/><\/a><\/td><\/tr><\/tbody><\/table>\n\n\n\n<p>Por otra parte, el <strong>Dr. Rub\u00e9n Dar\u00edo Maidana<\/strong> -docente de la carrera <a href=\"https:\/\/www.arte.unicen.edu.ar\/carreras\/grado\/profesorado-de-teatro\/perfil-del-egresado_\" target=\"_blank\" rel=\"noreferrer noopener\">Profesorado<\/a> y <a href=\"https:\/\/www.arte.unicen.edu.ar\/carreras\/grado\/licenciado-en-teatro\/perfil-del-egresado_\" target=\"_blank\" rel=\"noreferrer noopener\">Licenciado en Teatro<\/a> de la <a rel=\"noreferrer noopener\" href=\"https:\/\/www.arte.unicen.edu.ar\" target=\"_blank\">Facultad de Arte<\/a>, <a rel=\"noreferrer noopener\" href=\"http:\/\/www.unicen.edu.ar\" target=\"_blank\">UNICEN<\/a> e investigador del <a href=\"https:\/\/www.arte.unicen.edu.ar\/tecc\" target=\"_blank\" rel=\"noreferrer noopener\">Centro de Estudios de Teatro, Educaci\u00f3n y Consumos Culturales (TECC)<\/a>&#8211; nos cedi\u00f3 un ejemplar del libro <a rel=\"noreferrer noopener\" href=\"https:\/\/www.arte.unicen.edu.ar\/cdab\/libros\/la-libertad-de-la-voz-natural-el-metodo-linklater\" target=\"_blank\">La libertad de la voz natural: el m\u00e9todo Linklater<\/a> (2010) con autor\u00eda del actor, director y maestro colombiano <strong>Antonio Ocampo Guzm\u00e1n<\/strong> y edici\u00f3n a cargo de la <a rel=\"noreferrer noopener\" href=\"https:\/\/www.unam.mx\" target=\"_blank\">Universidad Nacional Aut\u00f3noma de M\u00e9xico<\/a>. El texto postula que hablar del entrenamiento vocal del actor es hablar de la condici\u00f3n humana y, en este sentido, estudia el m\u00e9todo <em>Freeing the Natural Voice<\/em> creado por Kristin Linklater. A trav\u00e9s de sus p\u00e1ginas propone resultados creativos y enriquecedores, fruto del trabajo que Guzm\u00e1n ha desarrollado y adaptado con los estudiantes de habla hispana bajo la premisa <em>&#8220;liberar la voz es liberar a la persona y toda persona es indivisiblemente, mente y cuerpo&#8221;<\/em>.<\/p>\n\n\n\n<p>En 2022, <strong>Antonio Ocampo Guzm\u00e1n<\/strong> particip\u00f3 del primer encuentro de <a rel=\"noreferrer noopener\" href=\"https:\/\/artexver.tv\/serie\/manifestando-lo-sutil\" target=\"_blank\">Manifestando lo sutil<\/a>, el ciclo de charlas sobre entrenamiento vocal de actores\/actrices a cargo de docentes de Espa\u00f1a y Argentina que puede verse en el <a rel=\"noreferrer noopener\" href=\"https:\/\/www.youtube.com\/watch?v=NptmFM9Odoo\" target=\"_blank\">canal de YouTube de la Facultad de Arte<\/a> y la plataforma de contenidos audiovisuales <a rel=\"noreferrer noopener\" href=\"https:\/\/artexver.tv\/manifestando2022-1\" target=\"_blank\">artexver<\/a>.<\/p>\n\n\n\n<p>Los libros mencionados anteriormente estar\u00e1n <strong>disponibles para consulta pr\u00f3ximamente<\/strong>, cuando finalice el proceso de catalogaci\u00f3n por parte de <a rel=\"noreferrer noopener\" href=\"http:\/\/www.biblio.unicen.edu.ar\" target=\"_blank\">Biblioteca Central UNICEN<\/a>. Recordamos a toda la comunidad que <a rel=\"noreferrer noopener\" href=\"https:\/\/www.arte.unicen.edu.ar\/cdab\/cdab-extiende-horario-atencion-al-publico\" target=\"_blank\">desde el jueves 1 de junio ampliamos nuestro horario de atenci\u00f3n al p\u00fablico<\/a>, de <span style=\"color: #855691;\"><strong>lunes a viernes<\/strong><\/span> de <span style=\"color: #855691;\"><strong>9 a 19 hs.<\/strong><\/span><\/p>\n","protected":false},"excerpt":{"rendered":"<p>Desde el Centro de Documentaci\u00f3n Audiovisual y Biblioteca (CDAB) de la Facultad de Arte agradecemos las donaciones efectuadas por docentes-investigadorxs de nuestra Unidad Acad\u00e9mica durante las \u00faltimas semanas. Estos gestos permiten incrementar significativamente el fondo bibliogr\u00e1fico, ofrecer textos relevantes y actualizados para lxs estudiantes de las diversas carreras de grado\/posgrado que se dictan en la instituci\u00f3n y reflejan la confianza [&hellip;]<\/p>\n","protected":false},"author":1,"featured_media":27594,"comment_status":"closed","ping_status":"closed","sticky":false,"template":"","format":"standard","meta":{"_acf_changed":false,"footnotes":""},"categories":[1],"tags":[214,2600,3413,290,215,288],"class_list":["post-26576","post","type-post","status-publish","format-standard","has-post-thumbnail","hentry","category-novedades","tag-cdab","tag-centro-de-investigaciones-dramaticas-cid","tag-documenta-dramaticas","tag-donacion","tag-facultad-de-arte","tag-secretaria-de-investigacion-y-posgrado"],"acf":[],"_links":{"self":[{"href":"https:\/\/www.arte.unicen.edu.ar\/cdab\/wp-json\/wp\/v2\/posts\/26576","targetHints":{"allow":["GET"]}}],"collection":[{"href":"https:\/\/www.arte.unicen.edu.ar\/cdab\/wp-json\/wp\/v2\/posts"}],"about":[{"href":"https:\/\/www.arte.unicen.edu.ar\/cdab\/wp-json\/wp\/v2\/types\/post"}],"author":[{"embeddable":true,"href":"https:\/\/www.arte.unicen.edu.ar\/cdab\/wp-json\/wp\/v2\/users\/1"}],"replies":[{"embeddable":true,"href":"https:\/\/www.arte.unicen.edu.ar\/cdab\/wp-json\/wp\/v2\/comments?post=26576"}],"version-history":[{"count":2,"href":"https:\/\/www.arte.unicen.edu.ar\/cdab\/wp-json\/wp\/v2\/posts\/26576\/revisions"}],"predecessor-version":[{"id":35294,"href":"https:\/\/www.arte.unicen.edu.ar\/cdab\/wp-json\/wp\/v2\/posts\/26576\/revisions\/35294"}],"wp:featuredmedia":[{"embeddable":true,"href":"https:\/\/www.arte.unicen.edu.ar\/cdab\/wp-json\/wp\/v2\/media\/27594"}],"wp:attachment":[{"href":"https:\/\/www.arte.unicen.edu.ar\/cdab\/wp-json\/wp\/v2\/media?parent=26576"}],"wp:term":[{"taxonomy":"category","embeddable":true,"href":"https:\/\/www.arte.unicen.edu.ar\/cdab\/wp-json\/wp\/v2\/categories?post=26576"},{"taxonomy":"post_tag","embeddable":true,"href":"https:\/\/www.arte.unicen.edu.ar\/cdab\/wp-json\/wp\/v2\/tags?post=26576"}],"curies":[{"name":"wp","href":"https:\/\/api.w.org\/{rel}","templated":true}]}}