{"id":26396,"date":"2023-03-31T14:55:58","date_gmt":"2023-03-31T17:55:58","guid":{"rendered":"https:\/\/www.arte.unicen.edu.ar\/cdab\/?p=26396"},"modified":"2023-03-31T14:58:53","modified_gmt":"2023-03-31T17:58:53","slug":"ministerio-ciencia-tecnologia-innovacion-presento-mas-mejor-democracia","status":"publish","type":"post","link":"https:\/\/www.arte.unicen.edu.ar\/cdab\/ministerio-ciencia-tecnologia-innovacion-presento-mas-mejor-democracia\/","title":{"rendered":"El Ministerio de Ciencia, Tecnolog\u00eda e Innovaci\u00f3n present\u00f3 el portal &#8220;M\u00e1s y mejor democracia&#8221;"},"content":{"rendered":"\n<p>La Direcci\u00f3n del <a rel=\"noreferrer noopener\" href=\"http:\/\/biblio.unicen.edu.ar\" target=\"_blank\">Sistema de Bibliotecas UNICEN<\/a> informa que, con motivo de conmemorarse <strong>cuarenta a\u00f1os desde la recuperaci\u00f3n de la democracia en Argentina<\/strong>, el <a rel=\"noreferrer noopener\" href=\"https:\/\/www.argentina.gob.ar\/ciencia\" target=\"_blank\">Ministerio de Ciencia, Tecnolog\u00eda e Innovaci\u00f3n<\/a> present\u00f3 el portal <a rel=\"noreferrer noopener\" href=\"https:\/\/masymejordemocracia.mincyt.gob.ar\" target=\"_blank\">M\u00e1s y mejor democracia<\/a>. Este espacio virtual para la memoria pone a disposici\u00f3n las <strong>publicaciones generadas por la comunidad cient\u00edfica<\/strong> sobre dicho momento hist\u00f3rico y aquellas que abordan temas tales como <strong>el derecho a la identidad y el juicio a las juntas<\/strong>.<\/p>\n\n\n\n<p>M\u00e1s de 9.000 resultados de investigaci\u00f3n entre art\u00edculos cient\u00edficos, libros, conferencias, tesis de maestr\u00eda y doctorado, se encuentran disponibles en este sitio a trav\u00e9s de los repositorios institucionales de los Organismos Nacionales de Ciencia y Tecnolog\u00eda, Universidades Nacionales y Privadas que conforman el <a rel=\"noreferrer noopener\" href=\"https:\/\/repositoriosdigitales.mincyt.gob.ar\" target=\"_blank\">Sistema Nacional de Repositorios Digitales (SNRD)<\/a> del Ministerio. El acceso p\u00fablico a estas producciones es una manera de democratizar el conocimiento y se encuadra bajo la Ley 26.899 de <em>Repositorios Digitales Institucionales de Acceso Abierto<\/em>.<\/p>\n\n\n\n<p>En este sentido, lxs usuarios pueden leer, descargar, copiar, distribuir, imprimir, buscar o enlazar en forma gratuita los textos completos de los art\u00edculos cient\u00edficos y utilizarlos con prop\u00f3sitos leg\u00edtimos ligados a la investigaci\u00f3n cient\u00edfica, a la educaci\u00f3n o a la gesti\u00f3n de pol\u00edticas p\u00fablicas.<\/p>\n\n\n\n<p>Invitamos a todxs lxs interesados a acceder a <a rel=\"noreferrer noopener\" href=\"https:\/\/masymejordemocracia.mincyt.gob.ar\" target=\"_blank\">M\u00e1s y mejor democracia<\/a> mediante la direcci\u00f3n web: <a rel=\"noreferrer noopener\" href=\"https:\/\/masymejordemocracia.mincyt.gob.ar\" target=\"_blank\">https:\/\/masymejordemocracia.mincyt.gob.ar<\/a><\/p>\n","protected":false},"excerpt":{"rendered":"<p>La Direcci\u00f3n del Sistema de Bibliotecas UNICEN informa que, con motivo de conmemorarse cuarenta a\u00f1os desde la recuperaci\u00f3n de la democracia en Argentina, el Ministerio de Ciencia, Tecnolog\u00eda e Innovaci\u00f3n present\u00f3 el portal M\u00e1s y mejor democracia. Este espacio virtual para la memoria pone a disposici\u00f3n las publicaciones generadas por la comunidad cient\u00edfica sobre dicho momento hist\u00f3rico y aquellas que [&hellip;]<\/p>\n","protected":false},"author":1,"featured_media":26400,"comment_status":"closed","ping_status":"closed","sticky":false,"template":"","format":"standard","meta":{"_acf_changed":false,"footnotes":""},"categories":[1],"tags":[2526,214,215],"class_list":["post-26396","post","type-post","status-publish","format-standard","has-post-thumbnail","hentry","category-novedades","tag-biblioteca-central-unicen","tag-cdab","tag-facultad-de-arte"],"acf":[],"_links":{"self":[{"href":"https:\/\/www.arte.unicen.edu.ar\/cdab\/wp-json\/wp\/v2\/posts\/26396","targetHints":{"allow":["GET"]}}],"collection":[{"href":"https:\/\/www.arte.unicen.edu.ar\/cdab\/wp-json\/wp\/v2\/posts"}],"about":[{"href":"https:\/\/www.arte.unicen.edu.ar\/cdab\/wp-json\/wp\/v2\/types\/post"}],"author":[{"embeddable":true,"href":"https:\/\/www.arte.unicen.edu.ar\/cdab\/wp-json\/wp\/v2\/users\/1"}],"replies":[{"embeddable":true,"href":"https:\/\/www.arte.unicen.edu.ar\/cdab\/wp-json\/wp\/v2\/comments?post=26396"}],"version-history":[{"count":2,"href":"https:\/\/www.arte.unicen.edu.ar\/cdab\/wp-json\/wp\/v2\/posts\/26396\/revisions"}],"predecessor-version":[{"id":26408,"href":"https:\/\/www.arte.unicen.edu.ar\/cdab\/wp-json\/wp\/v2\/posts\/26396\/revisions\/26408"}],"wp:featuredmedia":[{"embeddable":true,"href":"https:\/\/www.arte.unicen.edu.ar\/cdab\/wp-json\/wp\/v2\/media\/26400"}],"wp:attachment":[{"href":"https:\/\/www.arte.unicen.edu.ar\/cdab\/wp-json\/wp\/v2\/media?parent=26396"}],"wp:term":[{"taxonomy":"category","embeddable":true,"href":"https:\/\/www.arte.unicen.edu.ar\/cdab\/wp-json\/wp\/v2\/categories?post=26396"},{"taxonomy":"post_tag","embeddable":true,"href":"https:\/\/www.arte.unicen.edu.ar\/cdab\/wp-json\/wp\/v2\/tags?post=26396"}],"curies":[{"name":"wp","href":"https:\/\/api.w.org\/{rel}","templated":true}]}}