{"id":25826,"date":"2023-02-09T10:14:00","date_gmt":"2023-02-09T13:14:00","guid":{"rendered":"https:\/\/www.arte.unicen.edu.ar\/cdab\/?p=25826"},"modified":"2023-02-21T20:57:43","modified_gmt":"2023-02-21T23:57:43","slug":"diego-de-miguel-premio-estrella-mar-vacaman-cuarto-volumen-coleccion-dramaturgias-arte-publicaciones","status":"publish","type":"post","link":"https:\/\/www.arte.unicen.edu.ar\/cdab\/diego-de-miguel-premio-estrella-mar-vacaman-cuarto-volumen-coleccion-dramaturgias-arte-publicaciones\/","title":{"rendered":"Diego de Miguel recibi\u00f3 un Premio Estrella de Mar por &#8220;Vacaman&#8221;, obra teatral que forma parte de la Colecci\u00f3n Dramaturgias editada por Arte Publicaciones"},"content":{"rendered":"\n<p>El <strong>lunes 6 de febrero<\/strong> en el Polideportivo Islas Malvinas de la ciudad de Mar del Plata se realiz\u00f3 la entrega de los <strong>Premios Estrella de Mar 2023<\/strong> organizada por el Ente Municipal de Turismo (EMTUR). Instituidos con la finalidad de distinguir los valores art\u00edsticos, culturales y t\u00e9cnicos de la actividad teatral durante la temporada estival marplatense, con el transcurso de los a\u00f1os se incorporaron ternas que adem\u00e1s premian el teatro off, la danza y la m\u00fasica.<\/p>\n\n\n\n<p>En la categor\u00eda <strong>&#8220;Autor nacional&#8221;<\/strong>, a cargo de un jurado conformado por Adriana Tursi, Luc\u00eda Laragione y Roberto Perinelli en representaci\u00f3n de <a rel=\"noreferrer noopener\" href=\"https:\/\/www.argentores.org.ar\" target=\"_blank\">Argentores<\/a>, result\u00f3 ganadora la obra teatral <em>Vacaman<\/em> del dramaturgo platense <strong>Diego de Miguel<\/strong>.<\/p>\n\n\n\n<p><em>Vacaman<\/em> integra el cuarto tomo de la <strong>Colecci\u00f3n Dramaturgias<\/strong> dirigida por el maestro <strong>Mauricio Kartun<\/strong>, coordinada por la <strong>Mg. Teresita Mar\u00eda Victoria Fuentes<\/strong> y editada por <a rel=\"noreferrer noopener\" href=\"http:\/\/www.arte.unicen.edu.ar\/artepublicaciones\" target=\"_blank\">Arte Publicaciones<\/a>, el sello editorial de la <a rel=\"noreferrer noopener\" href=\"https:\/\/www.arte.unicen.edu.ar\" target=\"_blank\">Facultad de Arte<\/a>. El libro recopila, adem\u00e1s, las obras teatrales <em>La revoluta<\/em> y <em>Con el cuchillo entre los dientes<\/em>, cuenta con dise\u00f1o de tapa de <strong>Alicia Cavalleri<\/strong> y pr\u00f3logo de <strong>Gabriel Graves<\/strong>, quien destaca:<\/p>\n\n\n\n<p><em>&#8220;Diego de Miguel es un hombre de teatro que tiene una relaci\u00f3n simbi\u00f3tica fuerte con el espacio de producci\u00f3n en el que trabaja desde hace d\u00e9cadas: el Centro Cultural Viejo Almac\u00e9n El Obrero. Los teatros se parecen a la gente que los habita y as\u00ed, el teatro de Diego de Miguel no s\u00f3lo da cuenta del trabajo del dramaturgo sino que es, tambi\u00e9n, muestra de lo que alcanza un grupo que se mantiene en actividad y desarrollo. En ellos, la uni\u00f3n no se produce solamente para montar un texto sino que se trata de una elecci\u00f3n vital. Por eso, la creaci\u00f3n de estas obras es colaborativa, no porque la pluma no sea reconocible y tenga las marcas autorales que uno espera, sino porque nace en ese lugar y con actores determinados. Adem\u00e1s de un acto de justicia para la dramaturgia nacional, publicar a Diego de Miguel permite atisbar un ejemplo concreto de trabajo en grupo, con todas las complejidades que eso trae. Esa condici\u00f3n no deber\u00eda ser ignorada al acceder a estas piezas. Lejos de una suma de escritos de gabinete pensados en par\u00e1metros ideales, la propuesta de De Miguel tiene la materialidad de su geograf\u00eda y del componente humano que conforma esa zona platense en la que el teatro independiente todav\u00eda resiste.<\/em><br \/><em>De La Plata al mundo, las obras que aqu\u00ed se ofrecen han sido seleccionadas para participar en festivales regionales, provinciales, nacionales e internacionales. Como escritor, De Miguel ha ganado diversos premios que indican que algunas de las inquietudes que plantea resuenan en todo el territorio nacional. Hay algo de lo nuestro, sea lo que sea esa esquiva categor\u00eda, que est\u00e1 siendo captado por este autor&#8221;.<\/em><\/p>\n\n\n\n<p>En septiembre de 2022, una de las propuestas del ciclo <a rel=\"noreferrer noopener\" href=\"http:\/\/www.arte.unicen.edu.ar\/cdab\/enmovimiento\" target=\"_blank\">CDAB en movimiento<\/a>, consisti\u00f3 en la presentaci\u00f3n virtual de la publicaci\u00f3n con la participaci\u00f3n del <strong>Lic. An\u00edbal Minnucci<\/strong>\u00a0-Coordinador editorial de <a rel=\"noreferrer noopener\" href=\"http:\/\/www.arte.unicen.edu.ar\/artepublicaciones\" target=\"_blank\">Arte Publicaciones<\/a>-, la <strong>Mg. Teresita Mar\u00eda Victoria Fuentes<\/strong> y el autor. Compartimos el registro audiovisual del encuentro:<\/p>\n\n\n\n<div style=\"margin: 30px auto; width: 100%; text-align: center;\"><iframe loading=\"lazy\" src=\"https:\/\/www.youtube.com\/embed\/JGwe0vxLH90\" allow=\"accelerometer; autoplay; clipboard-write; encrypted-media; gyroscope; picture-in-picture\" allowfullscreen=\"\" width=\"700\" height=\"394\" frameborder=\"0\"><\/iframe><\/div>\n\n\n\n<p>Desde la <a href=\"https:\/\/www.arte.unicen.edu.ar\">Facultad de Arte<\/a> y el <strong>Centro de Documentaci\u00f3n Audiovisual y Biblioteca (CDAB) felicitamos a Diego de Miguel por el reconocimiento obtenido y compartimos su alegr\u00eda agradeciendo la confianza para con nuestro equipo editorial<\/strong>. Lxs interesadxs en adquirir un ejemplar de <em><strong>Teatro de Diego de Miguel<\/strong><\/em> pueden acercarse al <strong>CDAB<\/strong> en la planta baja de la sede de la <a href=\"https:\/\/www.arte.unicen.edu.ar\">Facultad de Arte<\/a> (9 de Julio 430, Tandil).<\/p>\n\n\n\n<h3 style=\"margin-top: 50px;\">Acerca de Diego de Miguel<\/h3>\n<p><img loading=\"lazy\" decoding=\"async\" class=\"alignleft size-full wp-image-4077\" style=\"border: 0px; border-radius: 200px; margin-bottom: 30px;\" src=\"http:\/\/www.arte.unicen.edu.ar\/cdab\/wp-content\/uploads\/2022\/09\/diego-de-miguel.jpg\" alt=\"Diego de Miguel\" title=\"Diego de Miguel\" width=\"200\" height=\"200\"\/><strong>Diego de Miguel<\/strong> es actor, dramaturgo y director teatral. Estudi\u00f3 Actuaci\u00f3n en la <a href=\"https:\/\/etlp-bue.infd.edu.ar\/sitio\" target=\"_blank\" rel=\"noopener noreferrer\">Escuela de Teatro de La Plata<\/a> y Dramaturgia en la <a href=\"https:\/\/emad-caba.infd.edu.ar\/sitio\" target=\"_blank\" rel=\"noopener noreferrer\">EMAD<\/a>. Es docente de la <a href=\"https:\/\/etlp-bue.infd.edu.ar\/sitio\" target=\"_blank\" rel=\"noopener noreferrer\">Escuela de Teatro de La Plata<\/a>. Estudi\u00f3 actuaci\u00f3n con Ricardo Bart\u00eds, dramaturgia con Mauricio Kartun, y direcci\u00f3n con Rub\u00e9n Szuchmacher, entre otros. Entre sus espect\u00e1culos se destacan: <em>Tres, tres, tres<\/em> (2002), ganadora de Comedia Municipal de La Plata; <em>Lo que trae la lluvia<\/em> (2005); <em>La bestia que habita la noche<\/em> (2009); <em>Mirapampa<\/em> (2011); <em>El pa\u00eds de los muertos<\/em> (2013); <em>La revoluta<\/em> (2016); <em>El Perdido<\/em> (2016), texto ganador del Concurso de Dramaturgia 2015 del <a href=\"https:\/\/www.gba.gob.ar\/cultura\/cpti\" target=\"_blank\" rel=\"noopener noreferrer\">Consejo Provincial de Teatro Independiente (CPTI)<\/a>; y <em>Con el cuchillo entre los dientes<\/em> (2018). Sus espect\u00e1culos <em>Mirapampa<\/em>, <em>La revoluta<\/em> y <em>Con el cuchillo entre los dientes<\/em> han ganado la Fiesta Provincial de Teatro, integrado el cat\u00e1logo del <a href=\"http:\/\/www.inteatro.gob.ar\" target=\"_blank\" rel=\"noopener noreferrer\">Instituto Nacional del Teatro (INT)<\/a> y han representado a la provincia en tres Fiestas Nacionales de Teatro: 2013, 2017 y 2019. Ha dictado talleres y seminarios para instituciones como el <a href=\"http:\/\/www.inteatro.gob.ar\" target=\"_blank\" rel=\"noopener noreferrer\">INT<\/a> y el <a href=\"https:\/\/www.gba.gob.ar\/cultura\/cpti\" target=\"_blank\" rel=\"noopener noreferrer\">CPTI<\/a>, adem\u00e1s de tener un <a href=\"https:\/\/www.youtube.com\/c\/DiegodeMiguelTeatro\" target=\"_blank\" rel=\"noopener noreferrer\">canal educativo en YouTube<\/a>. Su \u00faltima obra, <em>Vacaman<\/em> (2021) ha obtenido el 2do. premio en el Concurso Potencia y Pol\u00edtica, organizado por la C\u00e1mara de Diputados de la Naci\u00f3n. Forma parte del grupo del Viejo Almac\u00e9n El Obrero, con m\u00e1s de 20 a\u00f1os de trayectoria.<\/p>\n\n\n\n<h3 style=\"margin-top: 40px;\">Acerca de Arte Publicaciones<\/h3>\n<p><img loading=\"lazy\" decoding=\"async\" class=\"alignleft size-full wp-image-4077\" style=\"border: 0px; border-radius: 200px; margin-bottom: 30px;\" src=\"http:\/\/www.arte.unicen.edu.ar\/cdab\/wp-content\/uploads\/2019\/07\/artepublicaciones200.jpg\" alt=\"Arte Publicaciones\" width=\"200\" height=\"200\"\/><a href=\"http:\/\/www.arte.unicen.edu.ar\/artepublicaciones\" target=\"_blank\" rel=\"nofollow noopener noreferrer\">Arte Publicaciones<\/a> es el sello editorial de la <a href=\"http:\/\/www.arte.unicen.edu.ar\" target=\"_blank\" rel=\"nofollow noopener noreferrer\">Facultad de Arte<\/a> de la <a href=\"http:\/\/www.unicen.edu.ar\" target=\"_blank\" rel=\"nofollow noopener noreferrer\">UNICEN<\/a>. Surge con el objetivo de promover la circulaci\u00f3n de los conocimientos y resultados de la investigaci\u00f3n cient\u00edfica acerca de la producci\u00f3n y el consumo cultural en el campo art\u00edstico y los estudios afines al teatro, el audiovisual, la historia de la cultura y la vinculaci\u00f3n de los artistas con su entorno y\/o territorio. De esta manera se promueven los debates sociales, generando un aporte al conocimiento y al acervo cultural.<br \/><br \/>Entre los \u00faltimos t\u00edtulos publicados se encuentran: <strong><em>Simulacros. Cruces entre cine y literatura argentina<\/em><\/strong> editado por Edgardo Guti\u00e9rrez; <strong><em>TEATRO, dise\u00f1o curricular y dise\u00f1o de la ense\u00f1anza<\/em><\/strong> de Mar\u00eda Marcela Bertoldi; y <strong><em>Po\u00e9ticas de la persistencia. Ferrocarril, artes y memorias en la construcci\u00f3n de territorios<\/em><\/strong> editado por Ana Silva y Jorge Tripiana.<br \/><br \/>Adem\u00e1s, <a href=\"http:\/\/www.arte.unicen.edu.ar\/artepublicaciones\" target=\"_blank\" rel=\"nofollow noopener noreferrer\">Arte Publicaciones<\/a> cuenta con la <strong>Colecci\u00f3n Dramaturgias<\/strong> y el apartado <strong>Contenidos multimedia<\/strong> que contin\u00faan expandiendo su cat\u00e1logo. Para m\u00e1s informaci\u00f3n visite el <a href=\"http:\/\/www.arte.unicen.edu.ar\/artepublicaciones\" target=\"_blank\" rel=\"noopener noreferrer\">sitio web oficial de Arte Publicaciones<\/a>.<\/p>\n<table style=\"margin: 30px auto; text-align: center; border-collapse: collapse; border-spacing: 0;\">\n<tbody>\n<tr>\n<td style=\"padding: 0px 10px 0px 10px; height: 300px;\"><a href=\"https:\/\/www.arte.unicen.edu.ar\/artepublicaciones\/images\/teatroentrediagonales.png\" data-fancybox=\"gallery\" data-caption=\"Diego de Miguel recibi\u00f3 un Premio Estrella de Mar por &#8220;Vacaman&#8221;, obra teatral que forma parte de la Colecci\u00f3n Dramaturgias editada por Arte Publicaciones\"><img decoding=\"async\" class=\"aligncenter size-medium\" title=\"Teatro entre diagonales\" src=\"\/cdab\/wp-content\/uploads\/2022\/12\/cdab-tapa-teatroentrediagonales.png\" alt=\"Teatro entre diagonales\"\/><\/a><\/td>\n<td style=\"padding: 0px 10px 0px 10px; height: 300px;\"><a href=\"https:\/\/www.arte.unicen.edu.ar\/artepublicaciones\/images\/teatrocurricular.png\" data-fancybox=\"gallery\" data-caption=\"Diego de Miguel recibi\u00f3 un Premio Estrella de Mar por &#8220;Vacaman&#8221;, obra teatral que forma parte de la Colecci\u00f3n Dramaturgias editada por Arte Publicaciones\"><img decoding=\"async\" class=\"aligncenter size-medium\" title=\"TEATRO, dise\u00f1o curricular y dise\u00f1o de la ense\u00f1anza\" src=\"\/cdab\/wp-content\/uploads\/2021\/11\/cdab-tapa-teatrocurricular.png\" alt=\"TEATRO, dise\u00f1o curricular y dise\u00f1o de la ense\u00f1anza\"\/><\/a><\/td>\n<td style=\"padding: 0px 10px 0px 10px; height: 300px;\"><a href=\"https:\/\/www.arte.unicen.edu.ar\/artepublicaciones\/images\/poeticaspersistencia.png\" data-fancybox=\"gallery\" data-caption=\"Diego de Miguel recibi\u00f3 un Premio Estrella de Mar por &#8220;Vacaman&#8221;, obra teatral que forma parte de la Colecci\u00f3n Dramaturgias editada por Arte Publicaciones\"><img decoding=\"async\" class=\"aligncenter size-medium\" title=\"Po\u00e9ticas de la persistencia. Ferrocarril, artes y memorias en la construcci\u00f3n de territorios\" src=\"\/cdab\/wp-content\/uploads\/2021\/11\/cdab-tapa-poeticaspersistencia.png\" alt=\"Po\u00e9ticas de la persistencia. Ferrocarril, artes y memorias en la construcci\u00f3n de territorios\"\/><\/a><\/td>\n<td style=\"padding: 0px 10px 0px 10px; height: 300px;\"><a href=\"https:\/\/www.arte.unicen.edu.ar\/artepublicaciones\/images\/teatro-mdq.png\" data-fancybox=\"gallery\" data-caption=\"Diego de Miguel recibi\u00f3 un Premio Estrella de Mar por &#8220;Vacaman&#8221;, obra teatral que forma parte de la Colecci\u00f3n Dramaturgias editada por Arte Publicaciones\"><img decoding=\"async\" class=\"aligncenter size-medium\" title=\"Teatro MDQ\" src=\"\/cdab\/wp-content\/uploads\/2021\/08\/cdab-tapa-teatromdq.png\" alt=\"Teatro MDQ\"\/><\/a><\/td>\n<\/tr>\n<tr>\n<td style=\"font-size: 12px; font-style: italic;\" colspan=\"4\">\u00daltimos libros editados por <strong>Arte Publicaciones<\/strong>.<\/td>\n<\/tr>\n<\/tbody>\n<\/table>\n","protected":false},"excerpt":{"rendered":"<p>El lunes 6 de febrero en el Polideportivo Islas Malvinas de la ciudad de Mar del Plata se realiz\u00f3 la entrega de los Premios Estrella de Mar 2023 organizada por el Ente Municipal de Turismo (EMTUR). Instituidos con la finalidad de distinguir los valores art\u00edsticos, culturales y t\u00e9cnicos de la actividad teatral durante la temporada estival marplatense, con el transcurso [&hellip;]<\/p>\n","protected":false},"author":1,"featured_media":25866,"comment_status":"closed","ping_status":"closed","sticky":false,"template":"","format":"standard","meta":{"_acf_changed":false,"footnotes":""},"categories":[1],"tags":[292,215,288,294],"class_list":["post-25826","post","type-post","status-publish","format-standard","has-post-thumbnail","hentry","category-novedades","tag-arte-publicaciones","tag-facultad-de-arte","tag-secretaria-de-investigacion-y-posgrado","tag-unicen"],"acf":[],"_links":{"self":[{"href":"https:\/\/www.arte.unicen.edu.ar\/cdab\/wp-json\/wp\/v2\/posts\/25826","targetHints":{"allow":["GET"]}}],"collection":[{"href":"https:\/\/www.arte.unicen.edu.ar\/cdab\/wp-json\/wp\/v2\/posts"}],"about":[{"href":"https:\/\/www.arte.unicen.edu.ar\/cdab\/wp-json\/wp\/v2\/types\/post"}],"author":[{"embeddable":true,"href":"https:\/\/www.arte.unicen.edu.ar\/cdab\/wp-json\/wp\/v2\/users\/1"}],"replies":[{"embeddable":true,"href":"https:\/\/www.arte.unicen.edu.ar\/cdab\/wp-json\/wp\/v2\/comments?post=25826"}],"version-history":[{"count":1,"href":"https:\/\/www.arte.unicen.edu.ar\/cdab\/wp-json\/wp\/v2\/posts\/25826\/revisions"}],"predecessor-version":[{"id":26052,"href":"https:\/\/www.arte.unicen.edu.ar\/cdab\/wp-json\/wp\/v2\/posts\/25826\/revisions\/26052"}],"wp:featuredmedia":[{"embeddable":true,"href":"https:\/\/www.arte.unicen.edu.ar\/cdab\/wp-json\/wp\/v2\/media\/25866"}],"wp:attachment":[{"href":"https:\/\/www.arte.unicen.edu.ar\/cdab\/wp-json\/wp\/v2\/media?parent=25826"}],"wp:term":[{"taxonomy":"category","embeddable":true,"href":"https:\/\/www.arte.unicen.edu.ar\/cdab\/wp-json\/wp\/v2\/categories?post=25826"},{"taxonomy":"post_tag","embeddable":true,"href":"https:\/\/www.arte.unicen.edu.ar\/cdab\/wp-json\/wp\/v2\/tags?post=25826"}],"curies":[{"name":"wp","href":"https:\/\/api.w.org\/{rel}","templated":true}]}}