{"id":25566,"date":"2022-12-21T09:26:00","date_gmt":"2022-12-21T12:26:00","guid":{"rendered":"https:\/\/www.arte.unicen.edu.ar\/cdab\/?p=25566"},"modified":"2023-01-31T17:40:47","modified_gmt":"2023-01-31T20:40:47","slug":"anabela-tvihaug-dono-cartas-escritas-dailan-kifki-universo-maria-elena-walsh","status":"publish","type":"post","link":"https:\/\/www.arte.unicen.edu.ar\/cdab\/anabela-tvihaug-dono-cartas-escritas-dailan-kifki-universo-maria-elena-walsh\/","title":{"rendered":"Anabela Tvihaug don\u00f3 las cartas escritas en el proyecto &#8220;Dailan Kifki, un elefante en la ciudad&#8221; en el marco de Universo Mar\u00eda Elena Walsh"},"content":{"rendered":"\n<p>El <strong>Programa Universo en las Artes y las Letras<\/strong>, impulsado por la <a rel=\"noreferrer noopener\" href=\"https:\/\/extension.unicen.edu.ar\" target=\"_blank\">Secretar\u00eda de Extensi\u00f3n<\/a> de la <a href=\"http:\/\/www.unicen.edu.ar\">Universidad Nacional del Centro de la Provincia de Buenos Aires<\/a>, se desarroll\u00f3 desde el a\u00f1o 2007 con el objetivo de promover la literatura con una doble apuesta; por un lado acercar la cosmovisi\u00f3n de diversxs autorxs a la comunidad y, por otro, la lectura de obras literarias para luego resignificarlas en una nueva creaci\u00f3n o proyecto socio-cultural.<\/p>\n\n\n\n<p><strong>Osvaldo Soriano, \u00c1lvaro Yunque, Roberto Arlt, Alfonsina Storni, Enrique y Armando Disc\u00e9polo, Mar\u00eda Elena Walsh, Jorge Luis Borges, Julio Cort\u00e1zar, Ernesto S\u00e1bato<\/strong> y el universo de las <strong>hermanas Ocampo<\/strong> fueron algunas de las personalidades que dieron nombre a los distintos proyectos que tuvieron como eje central la participaci\u00f3n en iniciativas que potenciaron la creatividad a trav\u00e9s del desarrollo de producciones art\u00edsticas. La <a rel=\"noreferrer noopener\" href=\"http:\/\/www.unicen.edu.ar\" target=\"_blank\">UNICEN<\/a> acompa\u00f1\u00f3 mediante financiamiento y recursos humanos (docentes, investigadorxs y referentes de la ciudad con gran trayectoria) que estuvieron a disposici\u00f3n en tanto tutorxs y colaboraron en el desarrollo de los proyectos. Todos los espacios de formaci\u00f3n y enriquecimiento profesional se llevaron a cabo en sedes de la Universidad, en escuelas, bibliotecas populares y organizaciones barriales de forma articulada con organizaciones e instituciones sociales.<\/p>\n\n\n\n<p>Durante 2012 se present\u00f3 <strong>Universo Mar\u00eda Elena Walsh<\/strong> con un proyecto denominado <em>Dailan Kifki, un elefante en la ciudad<\/em>, basado en la novela hom\u00f3nima de la escritora, cantautora, dramaturga y compositora infantil argentina. Coordinado por <strong>Anabela Tvihaug<\/strong> y <strong>Eduardo Rodr\u00edguez del Pino<\/strong> en representaci\u00f3n de la <a rel=\"noreferrer noopener\" href=\"https:\/\/extension.unicen.edu.ar\" target=\"_blank\">Secretar\u00eda de Extensi\u00f3n UNICEN<\/a>, <strong>Julia Lavatelli<\/strong> y <strong>Daniela Ferrari<\/strong> por la <a rel=\"noreferrer noopener\" href=\"http:\/\/www.documentadramaticas.edu.ar\/index.php?p=biblioteca\" target=\"_blank\">Biblioteca Dramaturgias de Provincias<\/a> y con apoyo de la <a rel=\"noreferrer noopener\" href=\"https:\/\/www.arte.unicen.edu.ar\" target=\"_blank\">Facultad de Arte<\/a>, el proyecto cont\u00f3 con aval de Inspecci\u00f3n General de Escuelas Distrito Tandil siendo implementado en un gran n\u00famero de instituciones educativas especiales y de nivel primario como as\u00ed tambi\u00e9n en algunos jardines de infantes. Adem\u00e1s, acompa\u00f1aron la Jefatura Distrital de Educaci\u00f3n &#8211; Regi\u00f3n 20, Inspecci\u00f3n de Art\u00edstica, docentes de grado y de Lenguajes Art\u00edsticos, el Coro Universitario y la Pre-Fundaci\u00f3n Mar\u00eda Elena Walsh.<\/p>\n\n\n\n<p>Una de las actividades destacadas consisti\u00f3 en la elaboraci\u00f3n de cartas con sus correspondientes estampillas dirigidas a Dailan Kifki para luego depositarla en un buz\u00f3n que fue retirado de cada instituci\u00f3n por los coordinadorxs de la propuesta. Tiempo despu\u00e9s lxs chicxs recib\u00edan una respuesta del elefante. Toda esta producci\u00f3n infanto-juvenil fue donada al <strong>Centro de Documentaci\u00f3n Audiovisual y Biblioteca (CDAB)<\/strong> de la <a rel=\"noreferrer noopener\" href=\"https:\/\/www.arte.unicen.edu.ar\" target=\"_blank\">Facultad de Arte<\/a> por <strong>Anabela Tvihaug<\/strong> -Secretaria de Extensi\u00f3n- y pasar\u00e1 a formar parte del <strong>Archivo Hist\u00f3rico<\/strong> como <strong>&#8220;Colecci\u00f3n Universo <\/strong><strong>en las Artes y las Letras<\/strong>&#8220;.<\/p>\n\n\n\n<p>Compartimos un video que recupera las acciones desarrolladas en el marco del proyecto:<\/p>\n\n\n\n<div style=\"margin: 30px auto; width: 100%; text-align: center;\"><iframe loading=\"lazy\" src=\"https:\/\/www.youtube.com\/embed\/rE8cQnSAi1Y\" allow=\"accelerometer; autoplay; clipboard-write; encrypted-media; gyroscope; picture-in-picture\" allowfullscreen=\"\" width=\"768\" height=\"432\" frameborder=\"0\"><\/iframe><\/div>\n\n\n\n\n","protected":false},"excerpt":{"rendered":"<p>El Programa Universo en las Artes y las Letras, impulsado por la Secretar\u00eda de Extensi\u00f3n de la Universidad Nacional del Centro de la Provincia de Buenos Aires, se desarroll\u00f3 desde el a\u00f1o 2007 con el objetivo de promover la literatura con una doble apuesta; por un lado acercar la cosmovisi\u00f3n de diversxs autorxs a la comunidad y, por otro, la [&hellip;]<\/p>\n","protected":false},"author":1,"featured_media":25593,"comment_status":"closed","ping_status":"closed","sticky":false,"template":"","format":"standard","meta":{"_acf_changed":false,"footnotes":""},"categories":[1],"tags":[214,290,215,294],"class_list":["post-25566","post","type-post","status-publish","format-standard","has-post-thumbnail","hentry","category-novedades","tag-cdab","tag-donacion","tag-facultad-de-arte","tag-unicen"],"acf":[],"_links":{"self":[{"href":"https:\/\/www.arte.unicen.edu.ar\/cdab\/wp-json\/wp\/v2\/posts\/25566","targetHints":{"allow":["GET"]}}],"collection":[{"href":"https:\/\/www.arte.unicen.edu.ar\/cdab\/wp-json\/wp\/v2\/posts"}],"about":[{"href":"https:\/\/www.arte.unicen.edu.ar\/cdab\/wp-json\/wp\/v2\/types\/post"}],"author":[{"embeddable":true,"href":"https:\/\/www.arte.unicen.edu.ar\/cdab\/wp-json\/wp\/v2\/users\/1"}],"replies":[{"embeddable":true,"href":"https:\/\/www.arte.unicen.edu.ar\/cdab\/wp-json\/wp\/v2\/comments?post=25566"}],"version-history":[{"count":1,"href":"https:\/\/www.arte.unicen.edu.ar\/cdab\/wp-json\/wp\/v2\/posts\/25566\/revisions"}],"predecessor-version":[{"id":25627,"href":"https:\/\/www.arte.unicen.edu.ar\/cdab\/wp-json\/wp\/v2\/posts\/25566\/revisions\/25627"}],"wp:featuredmedia":[{"embeddable":true,"href":"https:\/\/www.arte.unicen.edu.ar\/cdab\/wp-json\/wp\/v2\/media\/25593"}],"wp:attachment":[{"href":"https:\/\/www.arte.unicen.edu.ar\/cdab\/wp-json\/wp\/v2\/media?parent=25566"}],"wp:term":[{"taxonomy":"category","embeddable":true,"href":"https:\/\/www.arte.unicen.edu.ar\/cdab\/wp-json\/wp\/v2\/categories?post=25566"},{"taxonomy":"post_tag","embeddable":true,"href":"https:\/\/www.arte.unicen.edu.ar\/cdab\/wp-json\/wp\/v2\/tags?post=25566"}],"curies":[{"name":"wp","href":"https:\/\/api.w.org\/{rel}","templated":true}]}}