{"id":25181,"date":"2022-10-21T09:14:04","date_gmt":"2022-10-21T12:14:04","guid":{"rendered":"http:\/\/www.arte.unicen.edu.ar\/cdab\/?p=25181"},"modified":"2022-11-01T08:47:05","modified_gmt":"2022-11-01T11:47:05","slug":"34-aniversario-est-facultad-de-arte","status":"publish","type":"post","link":"https:\/\/www.arte.unicen.edu.ar\/cdab\/34-aniversario-est-facultad-de-arte\/","title":{"rendered":"Celebramos el 34\u00ba aniversario de la creaci\u00f3n de la Escuela Superior de Teatro, antecedente fundacional de la Facultad de Arte"},"content":{"rendered":"\n<p>El <strong>21 de octubre de 1988<\/strong>, hace <strong>34 a\u00f1os<\/strong>, la Honorable Asamblea Universitaria resolvi\u00f3 por unanimidad la creaci\u00f3n de la <strong>Escuela Superior de Teatro<\/strong>, antecedente fundacional de la <a rel=\"noreferrer noopener\" href=\"http:\/\/www.arte.unicen.edu.ar\" target=\"_blank\">Facultad de Arte<\/a>. En ese entonces, un grupo de docentes apost\u00f3 a la conformaci\u00f3n de este proyecto que convergi\u00f3 en la elaboraci\u00f3n de un espacio de pr\u00e1ctica y reflexi\u00f3n te\u00f3rica sobre el hecho teatral. De esta manera se elabor\u00f3 un plan de estudios para la carrera de <em>Int\u00e9rprete Dram\u00e1tico, Profesor de Juegos Dram\u00e1ticos, <a rel=\"noreferrer noopener\" href=\"http:\/\/www.arte.unicen.edu.ar\/carreras\/grado\/profesorado-de-teatro\/perfil-del-egresado_\/\" target=\"_blank\">Profesor<\/a> <\/em>y <em><a rel=\"noreferrer noopener\" href=\"http:\/\/www.arte.unicen.edu.ar\/carreras\/grado\/licenciado-en-teatro\/perfil-del-egresado_\/\" target=\"_blank\">Licenciado en Teatro<\/a><\/em>. En esta proyecci\u00f3n se estableci\u00f3 la preparaci\u00f3n y entrenamiento actoral, la direcci\u00f3n, la pr\u00e1ctica docente y la investigaci\u00f3n sistem\u00e1tica propias de la tarea universitaria. <\/p>\n\n\n\n<p>El <strong>28 de noviembre de 2002<\/strong>, la Asamblea Universitaria crea la <a rel=\"noreferrer noopener\" href=\"http:\/\/www.arte.unicen.edu.ar\" target=\"_blank\">Facultad de Arte<\/a> ratificando la superaci\u00f3n de una etapa, caracterizada por el inter\u00e9s local y por su madurez institucional. As\u00ed se consolid\u00f3 en la regi\u00f3n un espacio institucional para el desarrollo de los estudios universitarios en arte con la misi\u00f3n de formar profesionales integrales en el campo art\u00edstico a trav\u00e9s de una propuesta educativa con esp\u00edritu cr\u00edtico y compromiso ciudadano. <\/p>\n\n\n\n<p>En el a\u00f1o <strong>2004<\/strong> se da inicio a la carrera de <a rel=\"noreferrer noopener\" href=\"http:\/\/www.arte.unicen.edu.ar\/carreras\/grado\/riaa\/perfil-del-egresado_\/\" target=\"_blank\">Realizaci\u00f3n Integral en Artes Audiovisuales<\/a>, atendiendo a las necesidades y demandas de la comunidad interesada en el desarrollo de la producci\u00f3n cultural local. El objetivo primordial de esta carrera es proporcionar a los futurxs profesionales una capacitaci\u00f3n integral que abarque las diferentes etapas de realizaci\u00f3n de productos audiovisuales en cualquier soporte y, posteriormente, su difusi\u00f3n. El perfil del graduadx permite la resoluci\u00f3n de problemas vinculados con la imagen en espacios convencionales y no convencionales (proyecciones alternativas, instalaciones, dise\u00f1os de espacios audiovisuales varios, etc.).<\/p>\n\n\n\n<p>Durante 2012 y 2018 se sumaron dos titulaciones de posgrado a la oferta acad\u00e9mica: la <a rel=\"noreferrer noopener\" href=\"http:\/\/www.arte.unicen.edu.ar\/carreras\/posgrado\/maestria-en-teatro\/\" target=\"_blank\">Maestr\u00eda en Teatro<\/a> (con menciones en <strong>Direcci\u00f3n Esc\u00e9nica<\/strong>, <strong>Dise\u00f1o Esc\u00e9nico<\/strong> y <strong>Actuaci\u00f3n<\/strong>) y la <a rel=\"noreferrer noopener\" href=\"http:\/\/www.arte.unicen.edu.ar\/carreras\/posgrado\/maestria-en-arte-y-sociedad\/\" target=\"_blank\">Maestr\u00eda en Arte y Sociedad en Latinoam\u00e9rica<\/a>. Progresivamente se incorporaron tres trayectos de Formaci\u00f3n Continua: la <a rel=\"noreferrer noopener\" href=\"https:\/\/www.arte.unicen.edu.ar\/diplomatura-en-narrativas-transmedia-y-tecnologias-de-la-interactividad\" target=\"_blank\">Diplomatura Universitaria en Arte y Tecnolog\u00eda (DATe)<\/a>, la <a rel=\"noreferrer noopener\" href=\"https:\/\/www.arte.unicen.edu.ar\/diplomatura-en-arte-para-la-transformacion-social\" target=\"_blank\">Diplomatura Universitaria en Arte para la Transformaci\u00f3n Social<\/a> y la <a rel=\"noreferrer noopener\" href=\"https:\/\/www.arte.unicen.edu.ar\/secretarias\/investigacion-posgrado\/diplomatura-universitaria-en-esteticas-contemporaneas\" target=\"_blank\">Diplomatura Universitaria en Est\u00e9ticas Contempor\u00e1neas (DEC)<\/a>.<\/p>\n\n\n\n<p>Desde el <strong style=\"color: #855691;\">Centro de Documentaci\u00f3n Audiovisual y Biblioteca (CDAB)<\/strong> celebramos este <strong style=\"color: #855691;\">34\u00ba aniversario<\/strong> de la <a rel=\"noreferrer noopener\" href=\"http:\/\/www.arte.unicen.edu.ar\" target=\"_blank\" style=\"color: #855691;\">Facultad de Arte<\/a> compartiendo el saludo institucional dise\u00f1ado por el <a rel=\"noreferrer noopener\" aria-label=\"\" href=\"https:\/\/www.arte.unicen.edu.ar\/institucional\/comunicacion\" target=\"_blank\">\u00e1rea de Comunicaci\u00f3n<\/a> y un art\u00edculo period\u00edstico de nuestro archivo que refleja el momento fundacional.<\/p>\n\n\n\n<table style=\"margin: 25px auto 35px; text-align: center; border-collapse: collapse; border-spacing: 0;\"><tbody><tr><td><a href=\"http:\/\/www.arte.unicen.edu.ar\/cdab\/wp-content\/uploads\/2022\/10\/saludo34aniversarioarte2022.jpg\" data-fancybox=\"gallery\" data-caption=\"Celebramos el 34\u00ba aniversario de la creaci\u00f3n de la Escuela Superior de Teatro, antecedente fundacional de la Facultad de Arte\"><img loading=\"lazy\" decoding=\"async\" class=\"aligncenter size-medium wp-image-2866\" src=\"https:\/\/www.arte.unicen.edu.ar\/cdab\/wp-content\/uploads\/2022\/10\/saludo34aniversarioarte2022-600x512.jpg\" alt=\"\" width=\"600\" height=\"512\"\/><\/a><\/td><\/tr><tr><td style=\"font-size: 13px;\"><em>Saludo institucional dise\u00f1ado por el <a rel=\"noreferrer noopener\" aria-label=\"\" href=\"https:\/\/www.arte.unicen.edu.ar\/institucional\/comunicacion\" target=\"_blank\">\u00e1rea de Comunicaci\u00f3n<\/a> (FA, UNICEN).<\/em><\/td><\/tr><\/tbody><\/table>\n<table style=\"margin: 20px auto 25px; text-align: center; border-collapse: collapse; border-spacing: 0;\">\n<tbody>\n<tr>\n<td style=\"max-width: 700px; padding: 0px 25px 10px 25px; vertical-align: middle;\"><a href=\"http:\/\/www.arte.unicen.edu.ar\/cdab\/wp-content\/uploads\/2018\/10\/articulo-est-01.png\" data-fancybox=\"gallery\" data-caption=\"Celebramos el 34\u00ba aniversario de la creaci\u00f3n de la Escuela Superior de Teatro, antecedente fundacional de la Facultad de Arte\"><img loading=\"lazy\" decoding=\"async\" width=\"768\" height=\"621\" class=\"aligncenter size-medium wp-image-5685\" src=\"https:\/\/www.arte.unicen.edu.ar\/cdab\/wp-content\/uploads\/2018\/10\/articulo-est-01-768x621.png\" alt=\"\" srcset=\"https:\/\/www.arte.unicen.edu.ar\/cdab\/wp-content\/uploads\/2018\/10\/articulo-est-01-768x621.png 768w, https:\/\/www.arte.unicen.edu.ar\/cdab\/wp-content\/uploads\/2018\/10\/articulo-est-01-600x485.png 600w, https:\/\/www.arte.unicen.edu.ar\/cdab\/wp-content\/uploads\/2018\/10\/articulo-est-01-1024x828.png 1024w, https:\/\/www.arte.unicen.edu.ar\/cdab\/wp-content\/uploads\/2018\/10\/articulo-est-01-300x243.png 300w, https:\/\/www.arte.unicen.edu.ar\/cdab\/wp-content\/uploads\/2018\/10\/articulo-est-01.png 1192w\" sizes=\"auto, (max-width: 768px) 100vw, 768px\" \/><\/a><\/td>\n<td style=\"max-width: 350px; padding: 0px 25px 10px 25px; vertical-align: middle;\"><a href=\"http:\/\/www.arte.unicen.edu.ar\/cdab\/wp-content\/uploads\/2018\/10\/articulo-est-02.png\" data-fancybox=\"gallery\" data-caption=\"Celebramos el 34\u00ba aniversario de la creaci\u00f3n de la Escuela Superior de Teatro, antecedente fundacional de la Facultad de Arte\"><img decoding=\"async\" class=\"aligncenter size-medium wp-image-5685\" src=\"https:\/\/www.arte.unicen.edu.ar\/cdab\/wp-content\/uploads\/2018\/10\/articulo-est-02-310x600.png\" alt=\"\"\/><\/a><\/td>\n<\/tr>\n<tr>\n<td style=\"font-size: 13px;\" colspan=\"2\"><em>Art\u00edculos period\u00edsticos del <strong>Archivo Hist\u00f3rico CDAB<\/strong>.<\/em><\/td>\n<\/tr>\n<\/tbody>\n<\/table>\n","protected":false},"excerpt":{"rendered":"<p>El 21 de octubre de 1988, hace 34 a\u00f1os, la Honorable Asamblea Universitaria resolvi\u00f3 por unanimidad la creaci\u00f3n de la Escuela Superior de Teatro, antecedente fundacional de la Facultad de Arte. En ese entonces, un grupo de docentes apost\u00f3 a la conformaci\u00f3n de este proyecto que convergi\u00f3 en la elaboraci\u00f3n de un espacio de pr\u00e1ctica y reflexi\u00f3n te\u00f3rica sobre el [&hellip;]<\/p>\n","protected":false},"author":1,"featured_media":25194,"comment_status":"closed","ping_status":"closed","sticky":false,"template":"","format":"standard","meta":{"_acf_changed":false,"footnotes":""},"categories":[1],"tags":[309,215,294],"class_list":["post-25181","post","type-post","status-publish","format-standard","has-post-thumbnail","hentry","category-novedades","tag-escuela-superior-de-teatro","tag-facultad-de-arte","tag-unicen"],"acf":[],"_links":{"self":[{"href":"https:\/\/www.arte.unicen.edu.ar\/cdab\/wp-json\/wp\/v2\/posts\/25181","targetHints":{"allow":["GET"]}}],"collection":[{"href":"https:\/\/www.arte.unicen.edu.ar\/cdab\/wp-json\/wp\/v2\/posts"}],"about":[{"href":"https:\/\/www.arte.unicen.edu.ar\/cdab\/wp-json\/wp\/v2\/types\/post"}],"author":[{"embeddable":true,"href":"https:\/\/www.arte.unicen.edu.ar\/cdab\/wp-json\/wp\/v2\/users\/1"}],"replies":[{"embeddable":true,"href":"https:\/\/www.arte.unicen.edu.ar\/cdab\/wp-json\/wp\/v2\/comments?post=25181"}],"version-history":[{"count":1,"href":"https:\/\/www.arte.unicen.edu.ar\/cdab\/wp-json\/wp\/v2\/posts\/25181\/revisions"}],"predecessor-version":[{"id":25315,"href":"https:\/\/www.arte.unicen.edu.ar\/cdab\/wp-json\/wp\/v2\/posts\/25181\/revisions\/25315"}],"wp:featuredmedia":[{"embeddable":true,"href":"https:\/\/www.arte.unicen.edu.ar\/cdab\/wp-json\/wp\/v2\/media\/25194"}],"wp:attachment":[{"href":"https:\/\/www.arte.unicen.edu.ar\/cdab\/wp-json\/wp\/v2\/media?parent=25181"}],"wp:term":[{"taxonomy":"category","embeddable":true,"href":"https:\/\/www.arte.unicen.edu.ar\/cdab\/wp-json\/wp\/v2\/categories?post=25181"},{"taxonomy":"post_tag","embeddable":true,"href":"https:\/\/www.arte.unicen.edu.ar\/cdab\/wp-json\/wp\/v2\/tags?post=25181"}],"curies":[{"name":"wp","href":"https:\/\/api.w.org\/{rel}","templated":true}]}}